{"id":10480,"date":"2024-05-07T18:22:20","date_gmt":"2024-05-07T18:22:20","guid":{"rendered":"http:\/\/avozdecambra.pt\/?p=10480"},"modified":"2024-05-22T13:46:14","modified_gmt":"2024-05-22T13:46:14","slug":"aecoa-arquivou-2023-com-excelentes-resultados","status":"publish","type":"post","link":"http:\/\/avozdecambra.pt\/?p=10480","title":{"rendered":"AECOA \u2018arquivou\u2019 2023 com &#8220;excelentes&#8221; resultados\u00a0"},"content":{"rendered":"\n<p><strong>\u00d3rg\u00e3o Deliberativo aprovou e felicitou o trabalho realizado<\/strong><\/p>\n\n\n\n<p><strong>O Relat\u00f3rio de Gest\u00e3o e Contas do ano transato da Associa\u00e7\u00e3o Empresarial do Concelho de Oliveira de Azem\u00e9is (AECOA) &#8211; que abrange a \u00e1rea norte e centro do pa\u00eds, onde est\u00e1 incluido o munic\u00edpio de Vale de Cambra<\/strong> &#8211;<strong> foi aprovado, por unanimidade, em sede de Assembleia Geral. Como ideia-chave de salientar a consolida\u00e7\u00e3o desta Associa\u00e7\u00e3o Empresarial e o sucesso generalizado ao n\u00edvel dos projetos que teve em curso no \u00e2mbito do \u2018Portugal 2020\u2019, agora encerrados.<\/strong><\/p>\n\n\n\n<p><em>\u201cO ano de 2023 foi um ano de crescimento e de consolida\u00e7\u00e3o\u201d.<\/em> Este foi o \u2018<em>pontap\u00e9-de-sa\u00edda<\/em>\u2019 dado pelo diretor executivo, ap\u00f3s lhe ser concedida a palavra pelo presidente do \u00f3rg\u00e3o deliberativo, Casimiro de Almeia (Lactogal). Ant\u00f3nio Pinto Moreira prosseguiu: \u201c<em>A AECOA conseguiu encerrar todas as a\u00e7\u00f5es dos cinco Projetos em execu\u00e7\u00e3o, no \u00e2mbito do Portugal 2020, com taxas de execu\u00e7\u00e3o superiores a 90%<\/em>\u201d. E mais: \u201c<em>Execut\u00e1mos com sucesso a miss\u00e3o que nos propusemos. Afirm\u00e1mos, de forma inequ\u00edvoca e amplamente reconhecida, a imagem da AECOA como um dos agentes empresariais do desenvolvimento da nossa Regi\u00e3o, atrav\u00e9s dos diversos eventos que promovemos\u201d<\/em>.&nbsp;<\/p>\n\n\n\n<p>No que diz respeito \u00e0s contas, \u00e9 de salientar um saldo positivo superior a 32.500 euros, transferido para resultados transitados e que j\u00e1 havia sido aprovado pelo Conselho Fiscal, com voto de louvor.<\/p>\n\n\n\n<p><strong>Rede de parceiros enriquecida<\/strong><\/p>\n\n\n\n<p>Uma das a\u00e7\u00f5es que tem vindo a ser constru\u00edda ao longo dos anos e consolidada de forma consistente em 2023 foi a afirma\u00e7\u00e3o da AECOA enquanto parceiro de import\u00e2ncia reconhecida no universo acad\u00e9mico e de investiga\u00e7\u00e3o: \u201c<em>Estreit\u00e1mos e aprofund\u00e1mos la\u00e7os de proximidade com entidades do Sistema Cient\u00edfico e Tecnol\u00f3gico, e entidades do Ensino<\/em>\u201d, sublinhou Pinto Moreira para, mais tarde, adiantar mesmo a cria\u00e7\u00e3o de uma Rede Ci\u00eancia e Inova\u00e7\u00e3o, constitu\u00edda no \u00e2mbito de um dos projetos SIAC (\u2018<em>Qualify.teca\u2019<\/em>).<\/p>\n\n\n\n<p><strong>Um ano repleto de eventos<\/strong><\/p>\n\n\n\n<p>O balan\u00e7o do ano de 2023 refere, ainda, mais de duas dezenas de eventos com significado e proje\u00e7\u00e3o realizados, que validaram ainda mais \u201c<em>a proje\u00e7\u00e3o da imagem de marca da AECOA, nomeadamente, nas Regi\u00f5es Norte e Centro<\/em>\u201d. Esta notoriedade p\u00fablica, que vem j\u00e1 de anos anteriores, solidificou-se, gra\u00e7as tamb\u00e9m aos cons\u00f3rcios promovidos com entidades tecnol\u00f3gicas e cient\u00edficas, empresas e outros organismos p\u00fablicos, como vimos atr\u00e1s.<\/p>\n\n\n\n<p><strong>Projetos fecham\u2026 candidaturas abrem<\/strong><\/p>\n\n\n\n<p>No decorrer do ano passado, a AECOA encerrou todas as a\u00e7\u00f5es previstas dos cinco projetos aprovados e em execu\u00e7\u00e3o no \u00e2mbito do \u2018Portugal 2020\u2019 \u2013 o acordo de parceria adotado entre Portugal e a Comiss\u00e3o Europeia, que reuniu a atua\u00e7\u00e3o de cinco Fundos Europeus Estruturais e de Investimento, com vista \u00e0 coes\u00e3o e desenvolvimento econ\u00f3mico, social e territorial de Portugal, entre 2014 e 2020. Foram eles: tr\u00eas Projetos SIAC: Qualify.teca (Qualifica\u00e7\u00e3o), Wake-Up 4.0 (Empreendedorismo Tecnol\u00f3gico) e Sistemas Avan\u00e7ados de Produ\u00e7\u00e3o &#8211; SAP 4.0 (Qualifica\u00e7\u00e3o); e os Projetos Forma\u00e7\u00e3o-A\u00e7\u00e3o (MOVE PME 2.\u00ba ciclo) e de Forma\u00e7\u00e3o Modular (POISE). &nbsp;<\/p>\n\n\n\n<p>Ainda em 2023, a AECOA j\u00e1 \u2018arrega\u00e7ou as mangas\u2019 e concorreu a alguns programas no \u00e2mbito do \u2018Portugal 2030\u2019 e do Programa de Recupera\u00e7\u00e3o e Resili\u00eancia (PRR): Em finais de mar\u00e7o, foram submetidas duas candidaturas \u00e0 Medida \u201cEmprego + Digital\u201d (Zona Norte e Zona Centro) do Instituto de Emprego e Forma\u00e7\u00e3o Profissional (IEFP). Al\u00e9m disso, deu-se in\u00edcio \u00e0 elabora\u00e7\u00e3o de uma candidatura \u00e0 Medida \u201cGreen Skills &amp; Jobs\u201d (Zona Norte) tamb\u00e9m do IEFP. No \u00e2mbito do PRR, esta Associa\u00e7\u00e3o Empresarial submeteu, ainda, uma candidatura ao Aviso n.\u00ba 17\/C16-i02\/2023 &#8211; Medida \u201cVales para Incubadoras e Aceleradoras\u201d, no dia 14 de dezembro de 2023. Este projeto, com a designa\u00e7\u00e3o \u201cAECOA.Tech\u201d, visa posicionar a AECOA como uma entidade capaz de apoiar e impulsionar neg\u00f3cios tecnol\u00f3gicos na regi\u00e3o em que se insere.<\/p>\n\n\n\n<h2 class=\"wp-block-heading\"><strong><strong>AECOA | Rede de Parceiros<\/strong><\/strong><\/h2>\n\n\n\n<p><strong>Cient\u00edficos e Tecnol\u00f3gicos:<\/strong><\/p>\n\n\n\n<p>&#8211; Escola Superior Aveiro Norte \u2013 Universidade de Aveiro (ESAN-UA)&nbsp;<\/p>\n\n\n\n<p><strong>&#8211; <\/strong>Escola Superior de Tecnologia e Gest\u00e3o de \u00c1gueda (ESTGA-UA)<\/p>\n\n\n\n<p>&#8211; Universidade de Aveiro<\/p>\n\n\n\n<p>&#8211; Instituto Polit\u00e9cnico de Coimbra (IPC)<\/p>\n\n\n\n<p>&#8211; Instituto de Engenharia de Sistemas e Computadores, Tecnologia e Ci\u00eancia (INESC TEC)<\/p>\n\n\n\n<p>&#8211; Instituto de Ci\u00eancia e Inova\u00e7\u00e3o em Engenharia Mec\u00e2nica e Engenharia Industrial (INEGI)<\/p>\n\n\n\n<p>&#8211; Instituto de Engenharia de Sistemas e Computadores Inova\u00e7\u00e3o (INOV INESC)<\/p>\n\n\n\n<p>&#8211; Centro de Engenharia Mec\u00e2nica, Materiais e Processos (CEMMPRE)<\/p>\n\n\n\n<p>&#8211; Instituto Polit\u00e9cnico de Leiria (IPL)<\/p>\n\n\n\n<p>&#8211; MORE \u2013 Laborat\u00f3rio Colaborativo Montanhas de Investiga\u00e7\u00e3o<\/p>\n\n\n\n<p>&#8211; Escola Superior de Sa\u00fade do Norte da Cruz Vermelha Portuguesa (ESSN-CVP)<\/p>\n\n\n\n<p><strong>Estrat\u00e9gicos:<\/strong><\/p>\n\n\n\n<p>&#8211; C\u00e2mara Municipal de Oliveira de Azem\u00e9is<\/p>\n\n\n\n<p>&#8211; Escolas Secund\u00e1rias de Oliveira de Azem\u00e9is<\/p>\n\n\n\n<p>&#8211; Centro Qualifica do Agrupamento de Escolas Ferreira de Castro<\/p>\n\n\n\n<p>&#8211; Escola B\u00e1sica e Secund\u00e1ria de Faj\u00f5es<\/p>\n\n\n\n<p>&#8211; AEA \u2013 Associa\u00e7\u00e3o Empresarial de \u00c1gueda<\/p>\n\n\n\n<p>&#8211; AEF \u2013 Associa\u00e7\u00e3o Empresarial do Concelho de Santa Maria da Feira<\/p>\n\n\n\n<p>&#8211; Centro Qualifica da Zona Verde<\/p>\n\n\n\n<p>&#8211; Gabinetes de Inser\u00e7\u00e3o Profissional (GIP) de Oliveira de Azem\u00e9is e de Cucuj\u00e3es<\/p>\n\n\n\n<p>&#8211; Plastaze \u2013 Pl\u00e1sticos de Azem\u00e9is, S.A.<\/p>\n\n\n\n<figure class=\"wp-block-image size-large\"><img loading=\"lazy\" decoding=\"async\" width=\"1024\" height=\"576\" src=\"http:\/\/avozdecambra.pt\/wp-content\/uploads\/2024\/05\/1-1024x576.jpg\" alt=\"\" class=\"wp-image-10481\" srcset=\"http:\/\/avozdecambra.pt\/wp-content\/uploads\/2024\/05\/1-1024x576.jpg 1024w, http:\/\/avozdecambra.pt\/wp-content\/uploads\/2024\/05\/1-300x169.jpg 300w, http:\/\/avozdecambra.pt\/wp-content\/uploads\/2024\/05\/1-768x432.jpg 768w, http:\/\/avozdecambra.pt\/wp-content\/uploads\/2024\/05\/1-150x84.jpg 150w, http:\/\/avozdecambra.pt\/wp-content\/uploads\/2024\/05\/1-450x253.jpg 450w, http:\/\/avozdecambra.pt\/wp-content\/uploads\/2024\/05\/1.jpg 1200w\" sizes=\"auto, (max-width: 1024px) 100vw, 1024px\" \/><\/figure>\n","protected":false},"excerpt":{"rendered":"<p>\u00d3rg\u00e3o Deliberativo aprovou e felicitou o trabalho realizado O Relat\u00f3rio de Gest\u00e3o e Contas do ano transato da Associa\u00e7\u00e3o Empresarial do Concelho de Oliveira de Azem\u00e9is (AECOA) &#8211; que abrange a \u00e1rea norte e centro do pa\u00eds, onde est\u00e1 incluido o munic\u00edpio de Vale de Cambra &#8211; foi aprovado, por unanimidade, em sede de Assembleia<\/p>\n","protected":false},"author":5,"featured_media":10482,"comment_status":"open","ping_status":"open","sticky":false,"template":"","format":"standard","meta":{"_monsterinsights_skip_tracking":false,"_monsterinsights_sitenote_active":false,"_monsterinsights_sitenote_note":"","_monsterinsights_sitenote_category":0,"footnotes":""},"categories":[1,20],"tags":[710],"class_list":{"0":"post-10480","1":"post","2":"type-post","3":"status-publish","4":"format-standard","5":"has-post-thumbnail","7":"category-atual","8":"category-publireportagem","9":"tag-aecoa"},"aioseo_notices":[],"_links":{"self":[{"href":"http:\/\/avozdecambra.pt\/index.php?rest_route=\/wp\/v2\/posts\/10480","targetHints":{"allow":["GET"]}}],"collection":[{"href":"http:\/\/avozdecambra.pt\/index.php?rest_route=\/wp\/v2\/posts"}],"about":[{"href":"http:\/\/avozdecambra.pt\/index.php?rest_route=\/wp\/v2\/types\/post"}],"author":[{"embeddable":true,"href":"http:\/\/avozdecambra.pt\/index.php?rest_route=\/wp\/v2\/users\/5"}],"replies":[{"embeddable":true,"href":"http:\/\/avozdecambra.pt\/index.php?rest_route=%2Fwp%2Fv2%2Fcomments&post=10480"}],"version-history":[{"count":5,"href":"http:\/\/avozdecambra.pt\/index.php?rest_route=\/wp\/v2\/posts\/10480\/revisions"}],"predecessor-version":[{"id":10547,"href":"http:\/\/avozdecambra.pt\/index.php?rest_route=\/wp\/v2\/posts\/10480\/revisions\/10547"}],"wp:featuredmedia":[{"embeddable":true,"href":"http:\/\/avozdecambra.pt\/index.php?rest_route=\/wp\/v2\/media\/10482"}],"wp:attachment":[{"href":"http:\/\/avozdecambra.pt\/index.php?rest_route=%2Fwp%2Fv2%2Fmedia&parent=10480"}],"wp:term":[{"taxonomy":"category","embeddable":true,"href":"http:\/\/avozdecambra.pt\/index.php?rest_route=%2Fwp%2Fv2%2Fcategories&post=10480"},{"taxonomy":"post_tag","embeddable":true,"href":"http:\/\/avozdecambra.pt\/index.php?rest_route=%2Fwp%2Fv2%2Ftags&post=10480"}],"curies":[{"name":"wp","href":"https:\/\/api.w.org\/{rel}","templated":true}]}}