{"id":10713,"date":"2024-06-03T14:03:00","date_gmt":"2024-06-03T14:03:00","guid":{"rendered":"http:\/\/avozdecambra.pt\/?p=10713"},"modified":"2024-06-21T08:47:46","modified_gmt":"2024-06-21T08:47:46","slug":"diretor-executivo-da-aecoa-vale-de-cambra-assume-uma-posicao-de-destaque-na-industria-do-inox","status":"publish","type":"post","link":"http:\/\/avozdecambra.pt\/?p=10713","title":{"rendered":"Diretor executivo da AECOA: \u201cVale de Cambra assume uma posi\u00e7\u00e3o de destaque na ind\u00fastria do inox\u201d"},"content":{"rendered":"\n<p class=\"has-text-align-left\"><strong>Com 23 anos de exist\u00eancia, a Associa\u00e7\u00e3o Empresarial do Concelho de Oliveira de Azem\u00e9is (AECOA) \u00e9 a \u00fanica associa\u00e7\u00e3o com voca\u00e7\u00e3o industrial e multissetorial no eixo Aveiro-Porto, referiu o seu diretor executivo, Ant\u00f3nio Pinto Moreira, em entrevista ao Voz de Cambra. A Associa\u00e7\u00e3o abrange o Norte e Centro do Pa\u00eds, nomeadamente o concelho de Vale de Cambra, onde tem v\u00e1rios associados. <\/strong><\/p>\n\n\n\n<p>Ao longo dos anos, tem potenciado a capacidade empreendedora dos empres\u00e1rios da regi\u00e3o e tem liderado uma bolsa de projetos no \u00e2mbito do P2020, no valor de 3,6 milh\u00f5es de euros. Para isso, conta com o apoio de parceiros e trabalho em rede com institui\u00e7\u00f5es p\u00fablicas e priva- das. <\/p>\n\n\n\n<p>Depois de uma taxa de execu\u00e7\u00e3o em m\u00e9dia de 90%, a AECOA j\u00e1 submeteu v\u00e1rias candidaturas, quer no \u00e2mbito do PRR quer do P2030 e, recentemente, ir\u00e1 apresentar uma candidatura que, para al\u00e9m de aumentar a inova\u00e7\u00e3o e a competitividade, tem a vertente da sustentabilidade.<\/p>\n\n\n\n<p>Nesta entrevista, o diretor considerou essencial que as zonas industriais de munic\u00edpios como o Vale de Cambra sejam infraestruturadas para atra\u00edrem e fixarem empresas e, em resposta \u00e0 falta de m\u00e3o de obra qualificada, lembrou que a AECOA coloca \u00e0 disposi\u00e7\u00e3o das empresas da regi\u00e3o forma\u00e7\u00e3o em v\u00e1rias \u00e1reas e s\u00e3o j\u00e1 v\u00e1rios os valecambrenses que frequentam os cursos de forma\u00e7\u00e3o profissional que tem dispon\u00edveis. <\/p>\n\n\n\n<p>Para uma maior abrang\u00eancia na \u00e1rea da forma\u00e7\u00e3o, o diretor aproveita para lan\u00e7ar o desafio \u00e0 cria\u00e7\u00e3o de uma parceria com a Escola Profissional de Vale de Cambra. <\/p>\n\n\n\n<p>O tecido empresarial de Vale de Cambra assume uma posi\u00e7\u00e3o de destaque, referiu Ant\u00f3nio Pinto Moreira e considerou que vale a pena o concelho se afirmar como \u2018Capital do Inox\u2019.<\/p>\n\n\n\n<p><strong>Cristina Maria Santos <\/strong><\/p>\n\n\n\n<div class=\"wp-block-columns is-layout-flex wp-container-core-columns-is-layout-9d6595d7 wp-block-columns-is-layout-flex\">\n<div class=\"wp-block-column is-layout-flow wp-block-column-is-layout-flow\" style=\"flex-basis:100%\">\n<pre class=\"wp-block-code\"><code><em><mark style=\"background-color:rgba(0, 0, 0, 0)\" class=\"has-inline-color has-luminous-vivid-orange-color\"><strong>Leia a Entrevista na integra, na Edi\u00e7\u00e3o 1099 - Maio de 2024!<\/strong><\/mark><\/em><\/code><\/pre>\n<\/div>\n<\/div>\n\n\n\n<p><\/p>\n","protected":false},"excerpt":{"rendered":"<p>Com 23 anos de exist\u00eancia, a Associa\u00e7\u00e3o Empresarial do Concelho de Oliveira de Azem\u00e9is (AECOA) \u00e9 a \u00fanica associa\u00e7\u00e3o com voca\u00e7\u00e3o industrial e multissetorial no eixo Aveiro-Porto, referiu o seu diretor executivo, Ant\u00f3nio Pinto Moreira, em entrevista ao Voz de Cambra. A Associa\u00e7\u00e3o abrange o Norte e Centro do Pa\u00eds, nomeadamente o concelho de Vale<\/p>\n","protected":false},"author":5,"featured_media":10727,"comment_status":"open","ping_status":"open","sticky":false,"template":"","format":"standard","meta":{"_monsterinsights_skip_tracking":false,"_monsterinsights_sitenote_active":false,"_monsterinsights_sitenote_note":"","_monsterinsights_sitenote_category":0,"footnotes":""},"categories":[3],"tags":[710,1001,1000],"class_list":{"0":"post-10713","1":"post","2":"type-post","3":"status-publish","4":"format-standard","5":"has-post-thumbnail","7":"category-entrevista","8":"tag-aecoa","9":"tag-antonio-pinto-moreira","10":"tag-associacao-empresarial-do-concelho-de-oliveira-de-azemeis"},"aioseo_notices":[],"_links":{"self":[{"href":"http:\/\/avozdecambra.pt\/index.php?rest_route=\/wp\/v2\/posts\/10713","targetHints":{"allow":["GET"]}}],"collection":[{"href":"http:\/\/avozdecambra.pt\/index.php?rest_route=\/wp\/v2\/posts"}],"about":[{"href":"http:\/\/avozdecambra.pt\/index.php?rest_route=\/wp\/v2\/types\/post"}],"author":[{"embeddable":true,"href":"http:\/\/avozdecambra.pt\/index.php?rest_route=\/wp\/v2\/users\/5"}],"replies":[{"embeddable":true,"href":"http:\/\/avozdecambra.pt\/index.php?rest_route=%2Fwp%2Fv2%2Fcomments&post=10713"}],"version-history":[{"count":1,"href":"http:\/\/avozdecambra.pt\/index.php?rest_route=\/wp\/v2\/posts\/10713\/revisions"}],"predecessor-version":[{"id":10715,"href":"http:\/\/avozdecambra.pt\/index.php?rest_route=\/wp\/v2\/posts\/10713\/revisions\/10715"}],"wp:featuredmedia":[{"embeddable":true,"href":"http:\/\/avozdecambra.pt\/index.php?rest_route=\/wp\/v2\/media\/10727"}],"wp:attachment":[{"href":"http:\/\/avozdecambra.pt\/index.php?rest_route=%2Fwp%2Fv2%2Fmedia&parent=10713"}],"wp:term":[{"taxonomy":"category","embeddable":true,"href":"http:\/\/avozdecambra.pt\/index.php?rest_route=%2Fwp%2Fv2%2Fcategories&post=10713"},{"taxonomy":"post_tag","embeddable":true,"href":"http:\/\/avozdecambra.pt\/index.php?rest_route=%2Fwp%2Fv2%2Ftags&post=10713"}],"curies":[{"name":"wp","href":"https:\/\/api.w.org\/{rel}","templated":true}]}}