{"id":10997,"date":"2024-08-02T09:37:46","date_gmt":"2024-08-02T09:37:46","guid":{"rendered":"http:\/\/avozdecambra.pt\/?p=10997"},"modified":"2024-08-02T11:24:02","modified_gmt":"2024-08-02T11:24:02","slug":"andre-e-micael-sairam-de-vale-de-cambra-para-percorrer-20-paises-ao-volante-de-um-mazda-2","status":"publish","type":"post","link":"http:\/\/avozdecambra.pt\/?p=10997","title":{"rendered":"Andr\u00e9 e Micael sa\u00edram de Vale de Cambra para percorrer 20 pa\u00edses ao volante de um Mazda"},"content":{"rendered":"\n<p><strong>A viagem iniciou a 2 de julho e culminou na madrugada de 30 para 31 de julho, precisamente onde come\u00e7ou, em frente aos Pa\u00e7os do Concelho de Vale de Cambra. Sempre ao volante de um Mazda 323, de 1987 e com a m\u00e1quina fotogr\u00e1fica na m\u00e3o, Andr\u00e9 Rodrigues e Micael Lopes percorreram 20 pa\u00edses em 20 dias e fizeram cerca de 13 mil quil\u00f3metros de estrada. No tejadilho do autom\u00f3vel, podia ler-se \u201cVale de Cambra\u201d.\u00a0<\/strong><\/p>\n\n\n\n<p><em>Leia a not\u00edcia completa na edi\u00e7\u00e3o impressa do jornal Voz de Cambra!<\/em><\/p>\n","protected":false},"excerpt":{"rendered":"<p>A viagem iniciou a 2 de julho e culminou na madrugada de 30 para 31 de julho, precisamente onde come\u00e7ou, em frente aos Pa\u00e7os do Concelho de Vale de Cambra. Sempre ao volante de um Mazda 323, de 1987 e com a m\u00e1quina fotogr\u00e1fica na m\u00e3o, Andr\u00e9 Rodrigues e Micael Lopes percorreram 20 pa\u00edses em<\/p>\n","protected":false},"author":5,"featured_media":10999,"comment_status":"open","ping_status":"open","sticky":false,"template":"","format":"standard","meta":{"_monsterinsights_skip_tracking":false,"_monsterinsights_sitenote_active":false,"_monsterinsights_sitenote_note":"","_monsterinsights_sitenote_category":0,"footnotes":""},"categories":[1],"tags":[],"class_list":{"0":"post-10997","1":"post","2":"type-post","3":"status-publish","4":"format-standard","5":"has-post-thumbnail","7":"category-atual"},"aioseo_notices":[],"_links":{"self":[{"href":"http:\/\/avozdecambra.pt\/index.php?rest_route=\/wp\/v2\/posts\/10997","targetHints":{"allow":["GET"]}}],"collection":[{"href":"http:\/\/avozdecambra.pt\/index.php?rest_route=\/wp\/v2\/posts"}],"about":[{"href":"http:\/\/avozdecambra.pt\/index.php?rest_route=\/wp\/v2\/types\/post"}],"author":[{"embeddable":true,"href":"http:\/\/avozdecambra.pt\/index.php?rest_route=\/wp\/v2\/users\/5"}],"replies":[{"embeddable":true,"href":"http:\/\/avozdecambra.pt\/index.php?rest_route=%2Fwp%2Fv2%2Fcomments&post=10997"}],"version-history":[{"count":2,"href":"http:\/\/avozdecambra.pt\/index.php?rest_route=\/wp\/v2\/posts\/10997\/revisions"}],"predecessor-version":[{"id":11003,"href":"http:\/\/avozdecambra.pt\/index.php?rest_route=\/wp\/v2\/posts\/10997\/revisions\/11003"}],"wp:featuredmedia":[{"embeddable":true,"href":"http:\/\/avozdecambra.pt\/index.php?rest_route=\/wp\/v2\/media\/10999"}],"wp:attachment":[{"href":"http:\/\/avozdecambra.pt\/index.php?rest_route=%2Fwp%2Fv2%2Fmedia&parent=10997"}],"wp:term":[{"taxonomy":"category","embeddable":true,"href":"http:\/\/avozdecambra.pt\/index.php?rest_route=%2Fwp%2Fv2%2Fcategories&post=10997"},{"taxonomy":"post_tag","embeddable":true,"href":"http:\/\/avozdecambra.pt\/index.php?rest_route=%2Fwp%2Fv2%2Ftags&post=10997"}],"curies":[{"name":"wp","href":"https:\/\/api.w.org\/{rel}","templated":true}]}}