{"id":11011,"date":"2024-08-05T15:26:57","date_gmt":"2024-08-05T15:26:57","guid":{"rendered":"http:\/\/avozdecambra.pt\/?p=11011"},"modified":"2024-08-05T15:56:14","modified_gmt":"2024-08-05T15:56:14","slug":"noite-do-infante-promete-transformar-cidade-num-palco-de-cultura-e-animacao","status":"publish","type":"post","link":"http:\/\/avozdecambra.pt\/?p=11011","title":{"rendered":"NOITE DO INFANTE promete transformar cidade num palco de cultura e anima\u00e7\u00e3o"},"content":{"rendered":"\n<p><strong>O evento decorre no dia 9 de agosto, entre as 18h e as 02h, com anima\u00e7\u00e3o de rua, m\u00fasica de DJ\u00b4s e \u201ccomes e bebes\u201d. A iniciativa \u00e9 levada a cabo pelos comerciantes da Av. Infante D. Henrique, que pretendem promover o com\u00e9rcio local e a cultura na cidade de Vale de Cambra. Os comerciantes fazem o convite \u00e0 popula\u00e7\u00e3o, para que se vistam de branco e \u201cvenham divertir-se\u201d, naquela que tamb\u00e9m \u00e9 conhecida pela Noite Branca de Vale de Cambra.&nbsp;Em declara\u00e7\u00f5es ao Voz de Cambra, a organiza\u00e7\u00e3o admite que a realiza\u00e7\u00e3o de um evento deste g\u00e9nero, que vai na 4.\u00aa edi\u00e7\u00e3o, requer um investimento significativo e que, esperavam um maior apoio financeiro e log\u00edstico do Munic\u00edpio de Vale de Cambra. <\/strong><\/p>\n\n\n\n<p><strong>Cristina Maria Santos&nbsp;<\/strong><\/p>\n\n\n\n<p>A tamb\u00e9m conhecida \u201cNoite Branca de Vale de Cambra\u201d, est\u00e1 marcada para o dia 9 de agosto e promete voltar a transformar a cidade num palco de cultura e divers\u00e3o a c\u00e9u aberto, com destaque para anima\u00e7\u00e3o de rua e espet\u00e1culos, m\u00fasica com DJ\u2019s e tamb\u00e9m comes e bebes.&nbsp;<\/p>\n\n\n\n<p>O evento, que vai na 4\u00aa edi\u00e7\u00e3o, \u00e9 organizado pelos comerciantes da Av. Infante D. Henrique que, entre outros, tem como objetivo ser uma alavanca para a atividade econ\u00f3mica e para a vitalidade do com\u00e9rcio local e da cultura da cidade de Vale de Cambra.&nbsp;<\/p>\n\n\n\n<p>Os organizadores do evento sublinharam ainda a ades\u00e3o de todos os comerciantes e lembraram que juntos s\u00e3o \u201cmais fortes\u201d e ganham \u201cdimens\u00e3o, voz e for\u00e7a\u201d para se afirmarem na sua estrat\u00e9gia de marketing.<\/p>\n\n\n\n<p>Em declara\u00e7\u00f5es ao Voz de Cambra, a representante dos comerciantes da Av. Infante D. Henrique, Ros\u00e1ria Silva, sublinhou que este evento assume, para al\u00e9m dos aspetos comerciais, \u201cuma dimens\u00e3o c\u00edvica e social que n\u00e3o deve ser negligenciada, quer pelos comerciantes, quer pela comunidade e at\u00e9 mesmo pelas entidades com responsabilidade no incremento da economia local\u201d, referiu.&nbsp;<\/p>\n\n\n\n<p>Segundo os comerciantes, um evento deste g\u00e9nero requer um investimento significativo e que s\u00f3 \u00e9 poss\u00edvel concretizar com a dedica\u00e7\u00e3o de todos.<\/p>\n\n\n\n<p>\u201cObriga sempre a um esfor\u00e7o monet\u00e1rio dos comerciantes, apesar do apoio recebido que, infelizmente, n\u00e3o \u00e9 suficiente para cobrir todas as despesas. \u00c0 semelhan\u00e7a de edi\u00e7\u00f5es anteriores e para conseguirmos ter uma festa com alguma visibilidade, existe sempre dedica\u00e7\u00e3o e contributo extra de cada um dos comerciantes, para que, no final, todos os compromissos sejam honrados\u201d, frisaram.&nbsp;<\/p>\n\n\n\n<p>As principais dificuldades que t\u00eam enfrentado s\u00e3o financeiras, o que limita a programa\u00e7\u00e3o que desejavam realizar, mas tamb\u00e9m no que se refere a assegurar o normal funcionamento dos estabelecimentos e tamb\u00e9m planear, organizar e realizar este acontecimento.<\/p>\n\n\n\n<p>O evento, conta com o apoio do Munic\u00edpio de Vale de Cambra, mas n\u00e3o chega, dizem os comerciantes, que esperam que, para o ano, o apoio financeiro e log\u00edstico venha a ser maior.&nbsp;<\/p>\n\n\n\n<p>\u201cConsideramos que dado o hist\u00f3rico do evento e os objetivos de promo\u00e7\u00e3o da economia local e dinamiza\u00e7\u00e3o do espa\u00e7o urbano, esse apoio municipal poderia ser mais generoso\u201d, declaram.&nbsp;<\/p>\n\n\n\n<p>Ainda assim, refor\u00e7am que, \u201ccom muito trabalho, tenacidade e dedica\u00e7\u00e3o, consegue-se realizar um evento que mexe com Vale de Cambra\u201d e que vai trazer \u00e0 cidade, anima\u00e7\u00e3o de rua, m\u00fasica e comes e bebes.&nbsp;<\/p>\n\n\n\n<p>Os comerciantes asseguram que o evento tem vindo a crescer desde a primeira edi\u00e7\u00e3o e que pretende dar-lhe continuidade, mas avisam que, para tal, querem poder contar com mais apoio municipal.&nbsp;<\/p>\n\n\n\n<p>A iniciativa vai acontecer na Av. Infante D. Henrique, mas os organizadores revelam que \u201cseria positivo\u201d se, em pr\u00f3ximas edi\u00e7\u00f5es, o evento viesse a alargar-se, \u201cde forma articulada e coordenada\u201d, para outras art\u00e9rias da cidade.&nbsp;<\/p>\n\n\n\n<figure class=\"wp-block-image size-large\"><img loading=\"lazy\" decoding=\"async\" width=\"682\" height=\"1024\" src=\"http:\/\/avozdecambra.pt\/wp-content\/uploads\/2024\/08\/453610275_122095980410461096_6508207895624269103_n-1-682x1024.jpg\" alt=\"\" class=\"wp-image-11013\" srcset=\"http:\/\/avozdecambra.pt\/wp-content\/uploads\/2024\/08\/453610275_122095980410461096_6508207895624269103_n-1-682x1024.jpg 682w, http:\/\/avozdecambra.pt\/wp-content\/uploads\/2024\/08\/453610275_122095980410461096_6508207895624269103_n-1-200x300.jpg 200w, http:\/\/avozdecambra.pt\/wp-content\/uploads\/2024\/08\/453610275_122095980410461096_6508207895624269103_n-1-768x1152.jpg 768w, http:\/\/avozdecambra.pt\/wp-content\/uploads\/2024\/08\/453610275_122095980410461096_6508207895624269103_n-1-1024x1536.jpg 1024w, http:\/\/avozdecambra.pt\/wp-content\/uploads\/2024\/08\/453610275_122095980410461096_6508207895624269103_n-1-150x225.jpg 150w, http:\/\/avozdecambra.pt\/wp-content\/uploads\/2024\/08\/453610275_122095980410461096_6508207895624269103_n-1-450x675.jpg 450w, http:\/\/avozdecambra.pt\/wp-content\/uploads\/2024\/08\/453610275_122095980410461096_6508207895624269103_n-1-1200x1800.jpg 1200w, http:\/\/avozdecambra.pt\/wp-content\/uploads\/2024\/08\/453610275_122095980410461096_6508207895624269103_n-1.jpg 1333w\" sizes=\"auto, (max-width: 682px) 100vw, 682px\" \/><\/figure>\n\n\n\n<p>A iniciativa est\u00e1 inserida no evento &#8220;Animagosto&#8221;, organizado pela C\u00e2mara de Cambra, que ser\u00e1 palco de noites com m\u00fasica e&nbsp;anima\u00e7\u00e3o de rua entre 2 de agosto e 1 de setembro. \u201cAnimagosto\u201d traz este ano, iniciativas como: Cinema na Pra\u00e7a; Exposi\u00e7\u00e3o de Ve\u00edculos Cl\u00e1ssicos e Desportivos;  Noite do Infante; Remember Gera\u00e7\u00e3o Y; Fim de Semana Jovem; Gameday, Livemusic, Dj\u00b4s e Sup-stand up Paddel 2024. <\/p>\n\n\n\n<hr class=\"wp-block-separator has-alpha-channel-opacity\"\/>\n","protected":false},"excerpt":{"rendered":"<p>O evento decorre no dia 9 de agosto, entre as 18h e as 02h, com anima\u00e7\u00e3o de rua, m\u00fasica de DJ\u00b4s e \u201ccomes e bebes\u201d. A iniciativa \u00e9 levada a cabo pelos comerciantes da Av. Infante D. Henrique, que pretendem promover o com\u00e9rcio local e a cultura na cidade de Vale de Cambra. Os comerciantes<\/p>\n","protected":false},"author":5,"featured_media":10990,"comment_status":"open","ping_status":"open","sticky":false,"template":"","format":"standard","meta":{"_monsterinsights_skip_tracking":false,"_monsterinsights_sitenote_active":false,"_monsterinsights_sitenote_note":"","_monsterinsights_sitenote_category":0,"footnotes":""},"categories":[585,1],"tags":[1021],"class_list":{"0":"post-11011","1":"post","2":"type-post","3":"status-publish","4":"format-standard","5":"has-post-thumbnail","7":"category-agenda","8":"category-atual","9":"tag-noite-do-infante"},"aioseo_notices":[],"_links":{"self":[{"href":"http:\/\/avozdecambra.pt\/index.php?rest_route=\/wp\/v2\/posts\/11011","targetHints":{"allow":["GET"]}}],"collection":[{"href":"http:\/\/avozdecambra.pt\/index.php?rest_route=\/wp\/v2\/posts"}],"about":[{"href":"http:\/\/avozdecambra.pt\/index.php?rest_route=\/wp\/v2\/types\/post"}],"author":[{"embeddable":true,"href":"http:\/\/avozdecambra.pt\/index.php?rest_route=\/wp\/v2\/users\/5"}],"replies":[{"embeddable":true,"href":"http:\/\/avozdecambra.pt\/index.php?rest_route=%2Fwp%2Fv2%2Fcomments&post=11011"}],"version-history":[{"count":5,"href":"http:\/\/avozdecambra.pt\/index.php?rest_route=\/wp\/v2\/posts\/11011\/revisions"}],"predecessor-version":[{"id":11021,"href":"http:\/\/avozdecambra.pt\/index.php?rest_route=\/wp\/v2\/posts\/11011\/revisions\/11021"}],"wp:featuredmedia":[{"embeddable":true,"href":"http:\/\/avozdecambra.pt\/index.php?rest_route=\/wp\/v2\/media\/10990"}],"wp:attachment":[{"href":"http:\/\/avozdecambra.pt\/index.php?rest_route=%2Fwp%2Fv2%2Fmedia&parent=11011"}],"wp:term":[{"taxonomy":"category","embeddable":true,"href":"http:\/\/avozdecambra.pt\/index.php?rest_route=%2Fwp%2Fv2%2Fcategories&post=11011"},{"taxonomy":"post_tag","embeddable":true,"href":"http:\/\/avozdecambra.pt\/index.php?rest_route=%2Fwp%2Fv2%2Ftags&post=11011"}],"curies":[{"name":"wp","href":"https:\/\/api.w.org\/{rel}","templated":true}]}}