{"id":11518,"date":"2024-11-04T21:02:59","date_gmt":"2024-11-04T21:02:59","guid":{"rendered":"http:\/\/avozdecambra.pt\/?p=11518"},"modified":"2024-11-05T11:48:40","modified_gmt":"2024-11-05T11:48:40","slug":"%f0%9d%97%97%f0%9d%97%bf%f0%9d%97%ae%f0%9d%98%80-%f0%9d%97%95%f0%9d%97%b6%f0%9d%97%b0%f0%9d%97%b5%f0%9d%97%b6%f0%9d%97%bb%f0%9d%97%b5%f0%9d%97%bc%f0%9d%98%80-%f0%9d%97%ae%f0%9d%98%80%f0%9d%98%80","status":"publish","type":"post","link":"http:\/\/avozdecambra.pt\/?p=11518","title":{"rendered":"Dra &#038; Bichinhos assinala cinco anos de servi\u00e7os \u00e0 comunidade e \u00e9 j\u00e1 refer\u00eancia no atendimento veterin\u00e1rio\u00a0"},"content":{"rendered":"\n<p><strong>Mais de 20.000 atendimentos realizados em cinco anos. Os n\u00fameros revelam o impacto local da Cl\u00ednica Veterin\u00e1ria Dras &amp; Bichinhos, que comemora &#8211; nesta segunda-feira, dia 4 de novembro &#8211; cinco anos na presta\u00e7\u00e3o de servi\u00e7os \u00e0 popula\u00e7\u00e3o de Vale de Cambra e n\u00e3o s\u00f3, sempre com o foco na qualidade de vida de c\u00e3es e gatos.\u00a0<\/strong><\/p>\n\n\n\n<p>Situada na Avenida Miguel Bombarda n\u00ba 164, em Macieira de Cambra, no concelho de Vale de Cambra, a <strong><em>\ud835\ude0a\ud835\ude2d\u00ed\ud835\ude2f\ud835\ude2a\ud835\ude24\ud835\ude22 \ud835\ude1d\ud835\ude26\ud835\ude35\ud835\ude26\ud835\ude33\ud835\ude2a\ud835\ude2f\u00e1\ud835\ude33\ud835\ude2a\ud835\ude22 \ud835\ude0b\ud835\ude33\ud835\ude22\ud835\ude34 &amp; \ud835\ude09\ud835\ude2a\ud835\ude24\ud835\ude29\ud835\ude2a\ud835\ude2f\ud835\ude29\ud835\ude30\ud835\ude34<\/em><\/strong>, fundada h\u00e1 cinco anos, \u00e9 o local de refer\u00eancia no atendimento a gatos e c\u00e3es. Mas s\u00e3o tamb\u00e9m muitos os clientes de munic\u00edpios vizinhos ou at\u00e9 da regi\u00e3o que procuram o seu servi\u00e7o, por oferecer um atendimento personalizado e de qualidade. <\/p>\n\n\n\n<p>Em declara\u00e7\u00f5es ao Voz de Cambra, as m\u00e9dicas veterin\u00e1rias, Sara Almeida e Paula Magalh\u00e3es, acompanhadas da enfermeira N\u00e1dia Breia e da auxiliar veterin\u00e1ria Vera Pinho, sublinharam a vontade de continuar a expandir as suas capacidades, parcerias e impacto na comunidade, comprometidas em manter a Cl\u00ednica como uma refer\u00eancia na \u00e1rea veterin\u00e1ria. <\/p>\n\n\n\n<p>Para al\u00e9m do  corpo cl\u00ednico altamente especializado, a \ud835\uddd7\ud835\uddff\ud835\uddee\ud835\ude00 &amp; \ud835\uddd5\ud835\uddf6\ud835\uddf0\ud835\uddf5\ud835\uddf6\ud835\uddfb\ud835\uddf5\ud835\uddfc\ud835\ude00 possui equipamentos modernos e em constante atualiza\u00e7\u00e3o, como \u00e9 o caso da sala de radiologia com aparelho de radiografia (rx) devidamente licenciado.<\/p>\n\n\n\n<p><em>Leia mais em: jornal impresso Voz de Cambra n.\u00ba 1102<\/em> &#8211; Novembro de 2024<\/p>\n\n\n\n<figure class=\"wp-block-image size-large\"><img loading=\"lazy\" decoding=\"async\" width=\"1024\" height=\"683\" src=\"http:\/\/avozdecambra.pt\/wp-content\/uploads\/2024\/11\/sxsxs-1-1024x683.jpg\" alt=\"\" class=\"wp-image-11524\" srcset=\"http:\/\/avozdecambra.pt\/wp-content\/uploads\/2024\/11\/sxsxs-1-1024x683.jpg 1024w, http:\/\/avozdecambra.pt\/wp-content\/uploads\/2024\/11\/sxsxs-1-300x200.jpg 300w, http:\/\/avozdecambra.pt\/wp-content\/uploads\/2024\/11\/sxsxs-1-768x512.jpg 768w, http:\/\/avozdecambra.pt\/wp-content\/uploads\/2024\/11\/sxsxs-1-1536x1024.jpg 1536w, http:\/\/avozdecambra.pt\/wp-content\/uploads\/2024\/11\/sxsxs-1-2048x1365.jpg 2048w, http:\/\/avozdecambra.pt\/wp-content\/uploads\/2024\/11\/sxsxs-1-150x100.jpg 150w, http:\/\/avozdecambra.pt\/wp-content\/uploads\/2024\/11\/sxsxs-1-450x300.jpg 450w, http:\/\/avozdecambra.pt\/wp-content\/uploads\/2024\/11\/sxsxs-1-1200x800.jpg 1200w\" sizes=\"auto, (max-width: 1024px) 100vw, 1024px\" \/><figcaption>O seu compromisso \u00e9 com a sa\u00fade e bem estar dos animais<\/figcaption><\/figure>\n\n\n\n<figure class=\"wp-block-image size-large\"><img loading=\"lazy\" decoding=\"async\" width=\"1024\" height=\"576\" src=\"http:\/\/avozdecambra.pt\/wp-content\/uploads\/2024\/11\/sdfdgrdfd-1024x576.jpg\" alt=\"\" class=\"wp-image-11526\" srcset=\"http:\/\/avozdecambra.pt\/wp-content\/uploads\/2024\/11\/sdfdgrdfd-1024x576.jpg 1024w, http:\/\/avozdecambra.pt\/wp-content\/uploads\/2024\/11\/sdfdgrdfd-300x169.jpg 300w, http:\/\/avozdecambra.pt\/wp-content\/uploads\/2024\/11\/sdfdgrdfd-768x432.jpg 768w, http:\/\/avozdecambra.pt\/wp-content\/uploads\/2024\/11\/sdfdgrdfd-150x84.jpg 150w, http:\/\/avozdecambra.pt\/wp-content\/uploads\/2024\/11\/sdfdgrdfd-450x253.jpg 450w, http:\/\/avozdecambra.pt\/wp-content\/uploads\/2024\/11\/sdfdgrdfd.jpg 1200w\" sizes=\"auto, (max-width: 1024px) 100vw, 1024px\" \/><figcaption><br>Clinica possui equipamento atualizado com as \u00faltimas t\u00e9cnicas e avan\u00e7os da medicina veterin\u00e1ria, como \u00e9 o caso da sala de radiologia com aparelho de radiografia (rx) devidamente licenciado&#8221;<\/figcaption><\/figure>\n\n\n\n<p><\/p>\n","protected":false},"excerpt":{"rendered":"<p>Mais de 20.000 atendimentos realizados em cinco anos. Os n\u00fameros revelam o impacto local da Cl\u00ednica Veterin\u00e1ria Dras &amp; Bichinhos, que comemora &#8211; nesta segunda-feira, dia 4 de novembro &#8211; cinco anos na presta\u00e7\u00e3o de servi\u00e7os \u00e0 popula\u00e7\u00e3o de Vale de Cambra e n\u00e3o s\u00f3, sempre com o foco na qualidade de vida de c\u00e3es<\/p>\n","protected":false},"author":1,"featured_media":11519,"comment_status":"open","ping_status":"open","sticky":false,"template":"","format":"standard","meta":{"_monsterinsights_skip_tracking":false,"_monsterinsights_sitenote_active":false,"_monsterinsights_sitenote_note":"","_monsterinsights_sitenote_category":0,"footnotes":""},"categories":[1,20],"tags":[],"class_list":{"0":"post-11518","1":"post","2":"type-post","3":"status-publish","4":"format-standard","5":"has-post-thumbnail","7":"category-atual","8":"category-publireportagem"},"aioseo_notices":[],"_links":{"self":[{"href":"http:\/\/avozdecambra.pt\/index.php?rest_route=\/wp\/v2\/posts\/11518","targetHints":{"allow":["GET"]}}],"collection":[{"href":"http:\/\/avozdecambra.pt\/index.php?rest_route=\/wp\/v2\/posts"}],"about":[{"href":"http:\/\/avozdecambra.pt\/index.php?rest_route=\/wp\/v2\/types\/post"}],"author":[{"embeddable":true,"href":"http:\/\/avozdecambra.pt\/index.php?rest_route=\/wp\/v2\/users\/1"}],"replies":[{"embeddable":true,"href":"http:\/\/avozdecambra.pt\/index.php?rest_route=%2Fwp%2Fv2%2Fcomments&post=11518"}],"version-history":[{"count":9,"href":"http:\/\/avozdecambra.pt\/index.php?rest_route=\/wp\/v2\/posts\/11518\/revisions"}],"predecessor-version":[{"id":11536,"href":"http:\/\/avozdecambra.pt\/index.php?rest_route=\/wp\/v2\/posts\/11518\/revisions\/11536"}],"wp:featuredmedia":[{"embeddable":true,"href":"http:\/\/avozdecambra.pt\/index.php?rest_route=\/wp\/v2\/media\/11519"}],"wp:attachment":[{"href":"http:\/\/avozdecambra.pt\/index.php?rest_route=%2Fwp%2Fv2%2Fmedia&parent=11518"}],"wp:term":[{"taxonomy":"category","embeddable":true,"href":"http:\/\/avozdecambra.pt\/index.php?rest_route=%2Fwp%2Fv2%2Fcategories&post=11518"},{"taxonomy":"post_tag","embeddable":true,"href":"http:\/\/avozdecambra.pt\/index.php?rest_route=%2Fwp%2Fv2%2Ftags&post=11518"}],"curies":[{"name":"wp","href":"https:\/\/api.w.org\/{rel}","templated":true}]}}