{"id":1158,"date":"2020-08-31T22:42:29","date_gmt":"2020-08-31T22:42:29","guid":{"rendered":"http:\/\/avozdecambra.pt\/?p=1158"},"modified":"2020-09-01T10:06:57","modified_gmt":"2020-09-01T10:06:57","slug":"hoquei-inicia-nova-epoca-com-incertezas-mas-ja-com-objetivos-definidos","status":"publish","type":"post","link":"http:\/\/avozdecambra.pt\/?p=1158","title":{"rendered":"H\u00f3quei inicia nova \u00e9poca com incertezas mas j\u00e1 com objetivos definidos"},"content":{"rendered":"\n<p><strong>As dificuldades atravessadas pelo impacto da pandemia da Covid-19 s\u00e3o transversais a todas as modalidades desportivas no pa\u00eds e em Vale de Cambra n\u00e3o tem sido exce\u00e7\u00e3o. No h\u00f3quei, \u00e0 semelhan\u00e7a de outras modalidades de pavilh\u00e3o, a falta de p\u00fablico nas bancadas pode ser prejudicial ao funcionamento normal da pr\u00f3xima \u00e9poca.&nbsp;Um cen\u00e1rio assumido pelo H\u00f3quei Acad\u00e9mico de Cambra (HAC) de Vale de Cambra que, mesmo assim, se recusa a parar e tem objetivos bem definidos para a pr\u00f3xima \u00e9poca.&nbsp;<\/strong><\/p>\n\n\n\n<p><strong>Cristina Maria Santos<\/strong><\/p>\n\n\n\n<p>Na \u00faltima assembleia geral do Clube, o presidente Vitor Vilar revelou que o balan\u00e7o da \u00e9poca passada foi positivo e considerou que, apesar do novo coronav\u00edrus ser um elemento que atrapalha a \u00e9poca que come\u00e7a em outubro, os treinos j\u00e1 come\u00e7aram sob as regras impostas pela exist\u00eancia da pandemia, e os objetivos s\u00e3o promissores, nomeadamente a presen\u00e7a do plantel s\u00e9nior no Campeonato da 2\u00aa divis\u00e3o nacional com o objetivo de alcan\u00e7ar os lugares cimeiros e Ta\u00e7a de Portugal e a realiza\u00e7\u00e3o dos campeonatos distritais\/nacionais dos escal\u00f5es de forma\u00e7\u00e3o. \u00a0<\/p>\n\n\n\n<p>Os cerca de 80 praticantes da forma\u00e7\u00e3o v\u00e3o regressar no m\u00eas de setembro aos treinos de pavilh\u00e3o, j\u00e1 que a forma\u00e7\u00e3o esteve no ativo com treinos ao ar livre e com todas as medidas de seguran\u00e7a.<\/p>\n\n\n\n<hr class=\"wp-block-separator\"\/>\n\n\n\n<p><strong>O regresso aos treinos para a \u00e9poca 2020\/2021 vai contar com o seguinte plantel:&nbsp;<\/strong><\/p>\n\n\n\n<div class=\"wp-block-group\"><div class=\"wp-block-group__inner-container is-layout-flow wp-block-group-is-layout-flow\">\n<ul class=\"wp-block-list\"><li>Guarda Redes: David Nogueira<\/li><li>Guarda Redes: Jos\u00e9 Martins<\/li><li>Daniel Bastos<\/li><li>Nuno Maia<\/li><li>Luis Pinho<\/li><li>Alfredo Nogueira<\/li><li>Miguel Oliveira (Migas)<\/li><li>Tiago Tavares<\/li><li>Diogo Silva (ex. ADS)<\/li><li>Tiago Oliveira (ex. CH Carvalhos)<\/li><li>Miguel Costa (ex. Ac. Espinho)<\/li><li>Treinador: Fernando Almeida<\/li><li>Prep. F\u00edsico: Daniel Gaspar<\/li><li>Fisioterapeuta : Marco Almeida  <\/li><li>Mec\u00e2nico: Manuel Silva<\/li><li>Economo: Miguel Ferreira\u00a0<\/li><\/ul>\n<\/div><\/div>\n\n\n\n<p><em>Leia esta not\u00edcia na integra no jornal em papel. J\u00e1 nas bancas a 15 de setembro. <\/em><\/p>\n","protected":false},"excerpt":{"rendered":"<p>As dificuldades atravessadas pelo impacto da pandemia da Covid-19 s\u00e3o transversais a todas as modalidades desportivas no pa\u00eds e em Vale de Cambra n\u00e3o tem sido exce\u00e7\u00e3o. No h\u00f3quei, \u00e0 semelhan\u00e7a de outras modalidades de pavilh\u00e3o, a falta de p\u00fablico nas bancadas pode ser prejudicial ao funcionamento normal da pr\u00f3xima \u00e9poca.&nbsp;Um cen\u00e1rio assumido pelo H\u00f3quei<\/p>\n","protected":false},"author":5,"featured_media":1159,"comment_status":"open","ping_status":"open","sticky":false,"template":"","format":"standard","meta":{"_monsterinsights_skip_tracking":false,"_monsterinsights_sitenote_active":false,"_monsterinsights_sitenote_note":"","_monsterinsights_sitenote_category":0,"footnotes":""},"categories":[1,5],"tags":[10,180,181],"class_list":{"0":"post-1158","1":"post","2":"type-post","3":"status-publish","4":"format-standard","5":"has-post-thumbnail","7":"category-atual","8":"category-desporto","9":"tag-covid-19","10":"tag-hoquei-academico-de-cambra","11":"tag-vitor-vilar"},"aioseo_notices":[],"_links":{"self":[{"href":"http:\/\/avozdecambra.pt\/index.php?rest_route=\/wp\/v2\/posts\/1158","targetHints":{"allow":["GET"]}}],"collection":[{"href":"http:\/\/avozdecambra.pt\/index.php?rest_route=\/wp\/v2\/posts"}],"about":[{"href":"http:\/\/avozdecambra.pt\/index.php?rest_route=\/wp\/v2\/types\/post"}],"author":[{"embeddable":true,"href":"http:\/\/avozdecambra.pt\/index.php?rest_route=\/wp\/v2\/users\/5"}],"replies":[{"embeddable":true,"href":"http:\/\/avozdecambra.pt\/index.php?rest_route=%2Fwp%2Fv2%2Fcomments&post=1158"}],"version-history":[{"count":4,"href":"http:\/\/avozdecambra.pt\/index.php?rest_route=\/wp\/v2\/posts\/1158\/revisions"}],"predecessor-version":[{"id":1164,"href":"http:\/\/avozdecambra.pt\/index.php?rest_route=\/wp\/v2\/posts\/1158\/revisions\/1164"}],"wp:featuredmedia":[{"embeddable":true,"href":"http:\/\/avozdecambra.pt\/index.php?rest_route=\/wp\/v2\/media\/1159"}],"wp:attachment":[{"href":"http:\/\/avozdecambra.pt\/index.php?rest_route=%2Fwp%2Fv2%2Fmedia&parent=1158"}],"wp:term":[{"taxonomy":"category","embeddable":true,"href":"http:\/\/avozdecambra.pt\/index.php?rest_route=%2Fwp%2Fv2%2Fcategories&post=1158"},{"taxonomy":"post_tag","embeddable":true,"href":"http:\/\/avozdecambra.pt\/index.php?rest_route=%2Fwp%2Fv2%2Ftags&post=1158"}],"curies":[{"name":"wp","href":"https:\/\/api.w.org\/{rel}","templated":true}]}}