{"id":11773,"date":"2025-01-12T22:44:38","date_gmt":"2025-01-12T22:44:38","guid":{"rendered":"http:\/\/avozdecambra.pt\/?p=11773"},"modified":"2025-01-13T00:20:21","modified_gmt":"2025-01-13T00:20:21","slug":"gil-barreiros-lbp-em-vale-de-cambra-os-bombeiros-nao-podem-andar-sempre-de-mao-estendida","status":"publish","type":"post","link":"http:\/\/avozdecambra.pt\/?p=11773","title":{"rendered":"<strong>Gil Barreiros (LBP) em Vale de Cambra: <\/strong><strong>\u201cOs bombeiros n\u00e3o podem andar sempre de m\u00e3o estendida\u201d<\/strong>"},"content":{"rendered":"\n<p><strong>\u201cOs bombeiros n\u00e3o podem andar sempre de m\u00e3o estendida. T\u00eam de ter solidez de financiamento\u201d, sublinhou o p<\/strong><strong>residente da mesa do congresso Liga dos Bombeiros Portugueses, Gil Barreiros, durante as comemora\u00e7\u00f5es dos 65 anos dos Bombeiros de Vale de Cambra.&nbsp;<\/strong><\/p>\n\n\n\n<p><strong>Cristina Maria Santos&nbsp;<\/strong><\/p>\n\n\n\n<p>Em representa\u00e7\u00e3o da Liga dos Bombeiros Portugueses, Gil Barreiros defendeu que o financiamento das Associa\u00e7\u00f5es Humanit\u00e1rias tem que ser revisto, lembrando o trabalho feito pelos bombeiros na prote\u00e7\u00e3o de bens e pessoas.\u00a0<\/p>\n\n\n\n<p>O tamb\u00e9m presidente do conselho de Federa\u00e7\u00f5es distritais destacou 2024, como um ano particularmente dif\u00edcil com a perdas humanos entre os soldados da paz.<\/p>\n\n\n\n<p>Durante o seu discurso, Gil Barreiros admitiu ter esperan\u00e7a que 2025 seja um ponto de viragem e traga mudan\u00e7as para os bombeiros portugueses e defendeu um comando aut\u00f3nomo que se fa\u00e7a representar na Autoridade de Emerg\u00eancia e Prote\u00e7\u00e3o de Civil.<\/p>\n","protected":false},"excerpt":{"rendered":"<p>\u201cOs bombeiros n\u00e3o podem andar sempre de m\u00e3o estendida. T\u00eam de ter solidez de financiamento\u201d, sublinhou o presidente da mesa do congresso Liga dos Bombeiros Portugueses, Gil Barreiros, durante as comemora\u00e7\u00f5es dos 65 anos dos Bombeiros de Vale de Cambra.&nbsp; Cristina Maria Santos&nbsp; Em representa\u00e7\u00e3o da Liga dos Bombeiros Portugueses, Gil Barreiros defendeu que o<\/p>\n","protected":false},"author":5,"featured_media":11774,"comment_status":"open","ping_status":"open","sticky":false,"template":"","format":"standard","meta":{"_monsterinsights_skip_tracking":false,"_monsterinsights_sitenote_active":false,"_monsterinsights_sitenote_note":"","_monsterinsights_sitenote_category":0,"footnotes":""},"categories":[1],"tags":[1071,1070,517],"class_list":{"0":"post-11773","1":"post","2":"type-post","3":"status-publish","4":"format-standard","5":"has-post-thumbnail","7":"category-atual","8":"tag-65-o-aniversario-dos-bombeiros-voluntarios-de-vale-de-cambra","9":"tag-gil-barreiros","10":"tag-liga-dos-bombeiros-portugueses"},"aioseo_notices":[],"_links":{"self":[{"href":"http:\/\/avozdecambra.pt\/index.php?rest_route=\/wp\/v2\/posts\/11773","targetHints":{"allow":["GET"]}}],"collection":[{"href":"http:\/\/avozdecambra.pt\/index.php?rest_route=\/wp\/v2\/posts"}],"about":[{"href":"http:\/\/avozdecambra.pt\/index.php?rest_route=\/wp\/v2\/types\/post"}],"author":[{"embeddable":true,"href":"http:\/\/avozdecambra.pt\/index.php?rest_route=\/wp\/v2\/users\/5"}],"replies":[{"embeddable":true,"href":"http:\/\/avozdecambra.pt\/index.php?rest_route=%2Fwp%2Fv2%2Fcomments&post=11773"}],"version-history":[{"count":2,"href":"http:\/\/avozdecambra.pt\/index.php?rest_route=\/wp\/v2\/posts\/11773\/revisions"}],"predecessor-version":[{"id":11782,"href":"http:\/\/avozdecambra.pt\/index.php?rest_route=\/wp\/v2\/posts\/11773\/revisions\/11782"}],"wp:featuredmedia":[{"embeddable":true,"href":"http:\/\/avozdecambra.pt\/index.php?rest_route=\/wp\/v2\/media\/11774"}],"wp:attachment":[{"href":"http:\/\/avozdecambra.pt\/index.php?rest_route=%2Fwp%2Fv2%2Fmedia&parent=11773"}],"wp:term":[{"taxonomy":"category","embeddable":true,"href":"http:\/\/avozdecambra.pt\/index.php?rest_route=%2Fwp%2Fv2%2Fcategories&post=11773"},{"taxonomy":"post_tag","embeddable":true,"href":"http:\/\/avozdecambra.pt\/index.php?rest_route=%2Fwp%2Fv2%2Ftags&post=11773"}],"curies":[{"name":"wp","href":"https:\/\/api.w.org\/{rel}","templated":true}]}}