{"id":11823,"date":"2025-01-23T22:01:04","date_gmt":"2025-01-23T22:01:04","guid":{"rendered":"http:\/\/avozdecambra.pt\/?p=11823"},"modified":"2025-01-23T22:01:06","modified_gmt":"2025-01-23T22:01:06","slug":"roge-recebe-nove-coletividades-no-encontro-concelhio-de-cantares-de-janeiras","status":"publish","type":"post","link":"http:\/\/avozdecambra.pt\/?p=11823","title":{"rendered":"R\u00f4ge recebe nove coletividades no Encontro Concelhio de Cantares de Janeiras\u00a0"},"content":{"rendered":"\n<p><strong>Trata-se do 24.\u00ba Encontro Concelhio de Cantares de Janeiras que, este ano, ter\u00e1 lugar no centro c\u00edvico de R\u00f4ge. O evento vai acontecer este domingo, pelas 14h30 e levar\u00e1 ao palco nove coletividades do concelho de Vale de Cambra.&nbsp;<\/strong><\/p>\n\n\n\n<p><strong>Cristina Maria Santos&nbsp;<\/strong><\/p>\n\n\n\n<p>O Encontro Concelhio de Cantares de Janeiras \u00e9 organizado h\u00e1 24 edi\u00e7\u00f5es pela C\u00e2mara Municipal de Vale de Cambra e, este ano, conta com a parceria da junta de freguesia de R\u00f4ge na sua organiza\u00e7\u00e3o.<\/p>\n\n\n\n<p>Nove coletividades v\u00e3o cumprir uma tradi\u00e7\u00e3o do cantar das janeiras no Concelho.\u00a0Em palco ir\u00e3o atuar: a Banda Junqueirense; a Casa do Professor e Universidade S\u00e9nior de Vale de Cambra; o Grupo de Folclore \u201cTerras de Ar\u00f5es\u201d; o Grupo Recreativo Desportivo e Cultural \u201cR\u00f4ge Futebol Clube\u201d; o Grupo Desportivo e Cultural \u201cEstrelas Vermelhas\u201d; Grupo Folcl\u00f3rico e Etnogr\u00e1fico de S. Pedro de Castel\u00f5es; o Rancho Folcl\u00f3rico \u201cA Primavera de S. Jo\u00e3o Baptista da Casa do Povo de Vale de Cambra\u201d; Grupo Etnogr\u00e1fico \u201cTerras de Cambra\u201d; e a Uni\u00e3o Cultural e Recreativa de Fuste Fun\u00e7\u00e3o.\u00a0<\/p>\n\n\n\n<p>No ano passado, o evento decorreu em Macieira de Cambra.\u00a0<\/p>\n\n\n\n<figure class=\"wp-block-image size-large\"><img loading=\"lazy\" decoding=\"async\" width=\"1024\" height=\"1024\" src=\"http:\/\/avozdecambra.pt\/wp-content\/uploads\/2025\/01\/474070951_923195453325172_3161672187970795546_n-1-1024x1024.jpg\" alt=\"\" class=\"wp-image-11825\" srcset=\"http:\/\/avozdecambra.pt\/wp-content\/uploads\/2025\/01\/474070951_923195453325172_3161672187970795546_n-1-1024x1024.jpg 1024w, http:\/\/avozdecambra.pt\/wp-content\/uploads\/2025\/01\/474070951_923195453325172_3161672187970795546_n-1-300x300.jpg 300w, http:\/\/avozdecambra.pt\/wp-content\/uploads\/2025\/01\/474070951_923195453325172_3161672187970795546_n-1-150x150.jpg 150w, http:\/\/avozdecambra.pt\/wp-content\/uploads\/2025\/01\/474070951_923195453325172_3161672187970795546_n-1-768x768.jpg 768w, http:\/\/avozdecambra.pt\/wp-content\/uploads\/2025\/01\/474070951_923195453325172_3161672187970795546_n-1-450x450.jpg 450w, http:\/\/avozdecambra.pt\/wp-content\/uploads\/2025\/01\/474070951_923195453325172_3161672187970795546_n-1.jpg 1080w\" sizes=\"auto, (max-width: 1024px) 100vw, 1024px\" \/><\/figure>\n","protected":false},"excerpt":{"rendered":"<p>Trata-se do 24.\u00ba Encontro Concelhio de Cantares de Janeiras que, este ano, ter\u00e1 lugar no centro c\u00edvico de R\u00f4ge. O evento vai acontecer este domingo, pelas 14h30 e levar\u00e1 ao palco nove coletividades do concelho de Vale de Cambra.&nbsp; Cristina Maria Santos&nbsp; O Encontro Concelhio de Cantares de Janeiras \u00e9 organizado h\u00e1 24 edi\u00e7\u00f5es pela<\/p>\n","protected":false},"author":5,"featured_media":11819,"comment_status":"open","ping_status":"open","sticky":false,"template":"","format":"standard","meta":{"_monsterinsights_skip_tracking":false,"_monsterinsights_sitenote_active":false,"_monsterinsights_sitenote_note":"","_monsterinsights_sitenote_category":0,"footnotes":""},"categories":[585,1],"tags":[762,121],"class_list":{"0":"post-11823","1":"post","2":"type-post","3":"status-publish","4":"format-standard","5":"has-post-thumbnail","7":"category-agenda","8":"category-atual","9":"tag-encontro-de-cantares-de-janeiras","10":"tag-roge"},"aioseo_notices":[],"_links":{"self":[{"href":"http:\/\/avozdecambra.pt\/index.php?rest_route=\/wp\/v2\/posts\/11823","targetHints":{"allow":["GET"]}}],"collection":[{"href":"http:\/\/avozdecambra.pt\/index.php?rest_route=\/wp\/v2\/posts"}],"about":[{"href":"http:\/\/avozdecambra.pt\/index.php?rest_route=\/wp\/v2\/types\/post"}],"author":[{"embeddable":true,"href":"http:\/\/avozdecambra.pt\/index.php?rest_route=\/wp\/v2\/users\/5"}],"replies":[{"embeddable":true,"href":"http:\/\/avozdecambra.pt\/index.php?rest_route=%2Fwp%2Fv2%2Fcomments&post=11823"}],"version-history":[{"count":1,"href":"http:\/\/avozdecambra.pt\/index.php?rest_route=\/wp\/v2\/posts\/11823\/revisions"}],"predecessor-version":[{"id":11826,"href":"http:\/\/avozdecambra.pt\/index.php?rest_route=\/wp\/v2\/posts\/11823\/revisions\/11826"}],"wp:featuredmedia":[{"embeddable":true,"href":"http:\/\/avozdecambra.pt\/index.php?rest_route=\/wp\/v2\/media\/11819"}],"wp:attachment":[{"href":"http:\/\/avozdecambra.pt\/index.php?rest_route=%2Fwp%2Fv2%2Fmedia&parent=11823"}],"wp:term":[{"taxonomy":"category","embeddable":true,"href":"http:\/\/avozdecambra.pt\/index.php?rest_route=%2Fwp%2Fv2%2Fcategories&post=11823"},{"taxonomy":"post_tag","embeddable":true,"href":"http:\/\/avozdecambra.pt\/index.php?rest_route=%2Fwp%2Fv2%2Ftags&post=11823"}],"curies":[{"name":"wp","href":"https:\/\/api.w.org\/{rel}","templated":true}]}}