{"id":11852,"date":"2025-01-28T13:43:54","date_gmt":"2025-01-28T13:43:54","guid":{"rendered":"http:\/\/avozdecambra.pt\/?p=11852"},"modified":"2025-01-28T14:06:26","modified_gmt":"2025-01-28T14:06:26","slug":"a-procura-do-local-certo-para-as-explicacoes-do-seu-filho-dinastia-e-o-novo-centro-de-estudos-com-acompanhamento-diferenciado","status":"publish","type":"post","link":"http:\/\/avozdecambra.pt\/?p=11852","title":{"rendered":"\u00c0 procura do local certo para as explica\u00e7\u00f5es do seu filho? Dinastia \u00e9 o novo centro de estudos com acompanhamento diferenciado"},"content":{"rendered":"\n<p><strong>O centro de estudos \u201cDinastia\u201d \u00e9 a grande novidade do ano de 2025 a n\u00edvel do desempenho escolar em Vale de Cambra. Nasceu da vontade de Sara Reis em criar um projeto focado na qualidade e no ensino centrado no aluno.<\/strong><\/p>\n\n\n\n<p><br>Com abertura no dia 13 de janeiro, o novo centro de estudos da cidade tem como objetivo oferecer uma nova forma de olhar para os centros de apoio aos alunos, com sala de estudo, explica\u00e7\u00f5es e aulas particulares destinadas \u00e0 prepara\u00e7\u00e3o para exames, num espa\u00e7o feito a pensar na qualidade e na personaliza\u00e7\u00e3o do acompanhamento.<\/p>\n\n\n\n<p><br>Para al\u00e9m das explica\u00e7\u00f5es a disciplinas de Matem\u00e1tica, F\u00edsico-Qu\u00edmica, Biologia e Geologia, Portugu\u00eas, Ingl\u00eas e Franc\u00eas, os alunos ter\u00e3o ainda \u00e0 sua disposi\u00e7\u00e3o um ambiente de estudo de qualidade.<\/p>\n\n\n\n<p>Localizado no cora\u00e7\u00e3o da cidade de Vale de Cambra, em frente ao LIDL de Vale de Cambra, o apoio ao estudo faz-se de segunda a sexta-feira das 13:30 \u00e0s 19:00, com explica\u00e7\u00f5es individuais e transporte.<br>Toda a oferta pedag\u00f3gica atrav\u00e9s do n\u00famero 939 464 522 ou email: dinastiavlc@gmail.com<\/p>\n","protected":false},"excerpt":{"rendered":"<p>O centro de estudos \u201cDinastia\u201d \u00e9 a grande novidade do ano de 2025 a n\u00edvel do desempenho escolar em Vale de Cambra. Nasceu da vontade de Sara Reis em criar um projeto focado na qualidade e no ensino centrado no aluno. Com abertura no dia 13 de janeiro, o novo centro de estudos da cidade<\/p>\n","protected":false},"author":1,"featured_media":11853,"comment_status":"open","ping_status":"open","sticky":false,"template":"","format":"standard","meta":{"_monsterinsights_skip_tracking":false,"_monsterinsights_sitenote_active":false,"_monsterinsights_sitenote_note":"","_monsterinsights_sitenote_category":0,"footnotes":""},"categories":[20],"tags":[],"class_list":{"0":"post-11852","1":"post","2":"type-post","3":"status-publish","4":"format-standard","5":"has-post-thumbnail","7":"category-publireportagem"},"aioseo_notices":[],"_links":{"self":[{"href":"http:\/\/avozdecambra.pt\/index.php?rest_route=\/wp\/v2\/posts\/11852","targetHints":{"allow":["GET"]}}],"collection":[{"href":"http:\/\/avozdecambra.pt\/index.php?rest_route=\/wp\/v2\/posts"}],"about":[{"href":"http:\/\/avozdecambra.pt\/index.php?rest_route=\/wp\/v2\/types\/post"}],"author":[{"embeddable":true,"href":"http:\/\/avozdecambra.pt\/index.php?rest_route=\/wp\/v2\/users\/1"}],"replies":[{"embeddable":true,"href":"http:\/\/avozdecambra.pt\/index.php?rest_route=%2Fwp%2Fv2%2Fcomments&post=11852"}],"version-history":[{"count":2,"href":"http:\/\/avozdecambra.pt\/index.php?rest_route=\/wp\/v2\/posts\/11852\/revisions"}],"predecessor-version":[{"id":11855,"href":"http:\/\/avozdecambra.pt\/index.php?rest_route=\/wp\/v2\/posts\/11852\/revisions\/11855"}],"wp:featuredmedia":[{"embeddable":true,"href":"http:\/\/avozdecambra.pt\/index.php?rest_route=\/wp\/v2\/media\/11853"}],"wp:attachment":[{"href":"http:\/\/avozdecambra.pt\/index.php?rest_route=%2Fwp%2Fv2%2Fmedia&parent=11852"}],"wp:term":[{"taxonomy":"category","embeddable":true,"href":"http:\/\/avozdecambra.pt\/index.php?rest_route=%2Fwp%2Fv2%2Fcategories&post=11852"},{"taxonomy":"post_tag","embeddable":true,"href":"http:\/\/avozdecambra.pt\/index.php?rest_route=%2Fwp%2Fv2%2Ftags&post=11852"}],"curies":[{"name":"wp","href":"https:\/\/api.w.org\/{rel}","templated":true}]}}