{"id":12018,"date":"2025-03-16T11:39:34","date_gmt":"2025-03-16T11:39:34","guid":{"rendered":"http:\/\/avozdecambra.pt\/?p=12018"},"modified":"2025-03-17T13:11:51","modified_gmt":"2025-03-17T13:11:51","slug":"acr-marca-inicio-das-comemoracoes-dos-50-anos-com-tertulia-que-junta-fundadores","status":"publish","type":"post","link":"http:\/\/avozdecambra.pt\/?p=12018","title":{"rendered":"ACR marca in\u00edcio das comemora\u00e7\u00f5es dos 50 anos com tert\u00falia que junta fundadores\u00a0"},"content":{"rendered":"\n<p><strong>Esta foi a primeira de v\u00e1rias atividades alusivas aos 50 anos da funda\u00e7\u00e3o da Associa\u00e7\u00e3o Cultural e Recreativa (A.C.R.) de Vale de Cambra, que ser\u00e3o realizadas no decurso do ano. Os fundadores da Associa\u00e7\u00e3o juntaram-se para dar a conhecer&nbsp;as motiva\u00e7\u00f5es, as causas e os momentos mais relevantes da hist\u00f3ria da forma\u00e7\u00e3o da Associa\u00e7\u00e3o. <\/strong><\/p>\n\n\n\n<p><strong>Cristina Maria Santos&nbsp;<\/strong><\/p>\n\n\n\n<p>Ad\u00e9rito Campos, Ant\u00f3nio Moreira, Carlos Almeida, Fernando Monteiro, Jesus Silva, Jos\u00e9 Bastos, Manuel Pinho e Vitor Sismeiro juntaram-se, este s\u00e1bado, para recordarem como tudo come\u00e7ou.&nbsp;<\/p>\n\n\n\n<p>Tudo come\u00e7ou antes mesmo do 25 de Abril de 1974, com a vontade de um grupo de estudantes em criar atividades desportivas e culturais no concelho. Na altura, havia apenas o Futebol.&nbsp;<\/p>\n\n\n\n<p>Das reuni\u00f5es no \u201ccaf\u00e9 Moderno\u201d saiam ideias que depressa passavam a ser realidades. Faziam bailes, onde se ouviam m\u00fasicas proibidas e, j\u00e1 em per\u00edodo revolucion\u00e1rio (1975), formaram uma equipa de futebol de 5 e, mais tarde, de T\u00e9nis. Criaram o grupo musical \u201cO Milho Verde\u201d, formaram uma equipa de Xadrez e de Atletismo e, j\u00e1 nos anos 80, organizaram competi\u00e7\u00f5es de Canoagem no Rio Caima e iniciaram a participa\u00e7\u00e3o da ACR nas Marchas Populares de St Ant\u00f3nio. <\/p>\n\n\n\n<p>A procura por instala\u00e7\u00f5es condignas, as dificuldades em arranjar patroc\u00ednios, a falta de monitores e treinadores n\u00e3o demoveram os estudantes de prosseguir o seu sonho: &#8220;para al\u00e9m de formar atletas, quer\u00edamos formar pessoas&#8221;, explicaram os intervenientes.<\/p>\n\n\n\n<p>Segundo o atual presidente da Associa\u00e7\u00e3o Tiago Coelho, este continua a ser o des\u00edgnio da atual dire\u00e7\u00e3o da A.C.R., que forma diariamente cerca de duas centenas de jovens valecambrenses.&nbsp;<\/p>\n\n\n\n<p>A iniciativa marca o in\u00edcio de um programa alargado de atividades de comemora\u00e7\u00e3o dos 50 anos da Associa\u00e7\u00e3o, onde est\u00e3o previstas, entre outras, a realiza\u00e7\u00e3o de um rally paper \u201c\u00e0 Descoberta do Vale\u201d, uma exposi\u00e7\u00e3o dos 50 anos da hist\u00f3ria da Associa\u00e7\u00e3o, um jantar de gala a ser realizado no Pavilh\u00e3o da ACR, no dia 24 de maio e terminar\u00e1 com a continua\u00e7\u00e3o desta Tert\u00falia, mas com outros intervenientes que deram continuidade ao projeto.\u00a0<\/p>\n\n\n\n<p>Presentes nesta cerim\u00f3nia estiveram, o presidente da C\u00e2mara de Vale de Cambra e o vereador do Desporto, Andr\u00e9 Silva e o presidente da junta de freguesia, S\u00e9rgio Soares, entre dirigentes, atletas, s\u00f3cios e amigos da Associa\u00e7\u00e3o. Jos\u00e9 Pinheiro aproveitou para elogiar a Associa\u00e7\u00e3o e dizer que esta foi sempre \u201cuma refer\u00eancia de Vale de Cambra que tem formado cidad\u00e3os.\u201d<\/p>\n\n\n\n<p>O evento come\u00e7ou com a atua\u00e7\u00e3o do Grupo de Fados de Vale de Cambra &#8211; &#8220;Acordes de Coimbra&#8221;. <\/p>\n\n\n\n<figure class=\"wp-block-image size-large\"><img loading=\"lazy\" decoding=\"async\" width=\"1024\" height=\"576\" src=\"http:\/\/avozdecambra.pt\/wp-content\/uploads\/2025\/03\/acr-2--1024x576.jpg\" alt=\"\" class=\"wp-image-12023\" srcset=\"http:\/\/avozdecambra.pt\/wp-content\/uploads\/2025\/03\/acr-2--1024x576.jpg 1024w, http:\/\/avozdecambra.pt\/wp-content\/uploads\/2025\/03\/acr-2--300x169.jpg 300w, http:\/\/avozdecambra.pt\/wp-content\/uploads\/2025\/03\/acr-2--768x432.jpg 768w, http:\/\/avozdecambra.pt\/wp-content\/uploads\/2025\/03\/acr-2--150x84.jpg 150w, http:\/\/avozdecambra.pt\/wp-content\/uploads\/2025\/03\/acr-2--450x253.jpg 450w, http:\/\/avozdecambra.pt\/wp-content\/uploads\/2025\/03\/acr-2-.jpg 1200w\" sizes=\"auto, (max-width: 1024px) 100vw, 1024px\" \/><\/figure>\n\n\n\n<figure class=\"wp-block-image size-large\"><img loading=\"lazy\" decoding=\"async\" width=\"1024\" height=\"576\" src=\"http:\/\/avozdecambra.pt\/wp-content\/uploads\/2025\/03\/fffff-1024x576.jpg\" alt=\"\" class=\"wp-image-12024\" srcset=\"http:\/\/avozdecambra.pt\/wp-content\/uploads\/2025\/03\/fffff-1024x576.jpg 1024w, http:\/\/avozdecambra.pt\/wp-content\/uploads\/2025\/03\/fffff-300x169.jpg 300w, http:\/\/avozdecambra.pt\/wp-content\/uploads\/2025\/03\/fffff-768x432.jpg 768w, http:\/\/avozdecambra.pt\/wp-content\/uploads\/2025\/03\/fffff-150x84.jpg 150w, http:\/\/avozdecambra.pt\/wp-content\/uploads\/2025\/03\/fffff-450x253.jpg 450w, http:\/\/avozdecambra.pt\/wp-content\/uploads\/2025\/03\/fffff.jpg 1200w\" sizes=\"auto, (max-width: 1024px) 100vw, 1024px\" \/><\/figure>\n","protected":false},"excerpt":{"rendered":"<p>Esta foi a primeira de v\u00e1rias atividades alusivas aos 50 anos da funda\u00e7\u00e3o da Associa\u00e7\u00e3o Cultural e Recreativa (A.C.R.) de Vale de Cambra, que ser\u00e3o realizadas no decurso do ano. Os fundadores da Associa\u00e7\u00e3o juntaram-se para dar a conhecer&nbsp;as motiva\u00e7\u00f5es, as causas e os momentos mais relevantes da hist\u00f3ria da forma\u00e7\u00e3o da Associa\u00e7\u00e3o. Cristina Maria<\/p>\n","protected":false},"author":5,"featured_media":12022,"comment_status":"open","ping_status":"open","sticky":false,"template":"","format":"standard","meta":{"_monsterinsights_skip_tracking":false,"_monsterinsights_sitenote_active":false,"_monsterinsights_sitenote_note":"","_monsterinsights_sitenote_category":0,"footnotes":""},"categories":[1,5],"tags":[521],"class_list":{"0":"post-12018","1":"post","2":"type-post","3":"status-publish","4":"format-standard","5":"has-post-thumbnail","7":"category-atual","8":"category-desporto","9":"tag-acr-vale-de-cambra"},"aioseo_notices":[],"_links":{"self":[{"href":"http:\/\/avozdecambra.pt\/index.php?rest_route=\/wp\/v2\/posts\/12018","targetHints":{"allow":["GET"]}}],"collection":[{"href":"http:\/\/avozdecambra.pt\/index.php?rest_route=\/wp\/v2\/posts"}],"about":[{"href":"http:\/\/avozdecambra.pt\/index.php?rest_route=\/wp\/v2\/types\/post"}],"author":[{"embeddable":true,"href":"http:\/\/avozdecambra.pt\/index.php?rest_route=\/wp\/v2\/users\/5"}],"replies":[{"embeddable":true,"href":"http:\/\/avozdecambra.pt\/index.php?rest_route=%2Fwp%2Fv2%2Fcomments&post=12018"}],"version-history":[{"count":6,"href":"http:\/\/avozdecambra.pt\/index.php?rest_route=\/wp\/v2\/posts\/12018\/revisions"}],"predecessor-version":[{"id":12035,"href":"http:\/\/avozdecambra.pt\/index.php?rest_route=\/wp\/v2\/posts\/12018\/revisions\/12035"}],"wp:featuredmedia":[{"embeddable":true,"href":"http:\/\/avozdecambra.pt\/index.php?rest_route=\/wp\/v2\/media\/12022"}],"wp:attachment":[{"href":"http:\/\/avozdecambra.pt\/index.php?rest_route=%2Fwp%2Fv2%2Fmedia&parent=12018"}],"wp:term":[{"taxonomy":"category","embeddable":true,"href":"http:\/\/avozdecambra.pt\/index.php?rest_route=%2Fwp%2Fv2%2Fcategories&post=12018"},{"taxonomy":"post_tag","embeddable":true,"href":"http:\/\/avozdecambra.pt\/index.php?rest_route=%2Fwp%2Fv2%2Ftags&post=12018"}],"curies":[{"name":"wp","href":"https:\/\/api.w.org\/{rel}","templated":true}]}}