{"id":12063,"date":"2025-03-26T12:12:42","date_gmt":"2025-03-26T12:12:42","guid":{"rendered":"http:\/\/avozdecambra.pt\/?p=12063"},"modified":"2025-03-26T16:14:37","modified_gmt":"2025-03-26T16:14:37","slug":"centro-de-artes-e-espetaculos-cae-de-vale-de-cambra-inaugurado-a-10-de-abril","status":"publish","type":"post","link":"http:\/\/avozdecambra.pt\/?p=12063","title":{"rendered":"<strong>Centro de Artes e Espet\u00e1culos (CAE) de Vale de Cambra inaugurado a 10 de abril<\/strong>"},"content":{"rendered":"\n<p><strong>O Centro de Artes e Espet\u00e1culos de Vale de Cambra vai abrir a 10 de abril e as celebra\u00e7\u00f5es estendem-se por tr\u00eas dias consecutivos com uma programa\u00e7\u00e3o, que inclui espet\u00e1culos para toda a popula\u00e7\u00e3o e para todos os gostos. <\/strong><\/p>\n\n\n\n<p><strong>Cristina Maria Santos<\/strong><\/p>\n\n\n\n<p>As renovadas instala\u00e7\u00f5es do \u201cAntigo Cinema\u201d de Vale de Cambra d\u00e3o lugar&nbsp;ao Centro de Artes e Espet\u00e1culos (CAE), que abre portas com uma programa\u00e7\u00e3o cultural para toda a popula\u00e7\u00e3o.&nbsp;<\/p>\n\n\n\n<p>A inaugura\u00e7\u00e3o com as entidades oficiais ser\u00e1 na quinta-feira (10 de abril), pelas 20h30 &#8211; que incluir\u00e1 um concerto da Orquestra Filarmonia das Beiras com M\u00e1rio Laginha &#8211; mas no fim de semana (sexta-feira, s\u00e1bado e domingo), o espa\u00e7o estar\u00e1 aberto ao p\u00fablico, com programa\u00e7\u00e3o que ir\u00e1 ser divulgada brevemente pela Autarquia.<\/p>\n\n\n\n<p>Em declara\u00e7\u00f5es ao Voz de Cambra, o presidente da C\u00e2mara de Vale de Cambra, Jos\u00e9 Pinheiro disse estar constitu\u00edda a equipa que ir\u00e1 dinamizar aquele espa\u00e7o e garante uma \u201cprograma\u00e7\u00e3o de qualidade\u201d.&nbsp;<\/p>\n\n\n\n<p>O autarca assegurou que este ser\u00e1 um espa\u00e7o com \u201cuma elevada polival\u00eancia\u201d que vai permitir criar novas din\u00e2micas culturais, para al\u00e9m de, atrav\u00e9s dele, ser aproveitada e valorizada a riqueza cultural do concelho.&nbsp;<\/p>\n\n\n\n<p>\u201cO plano estrat\u00e9gico para a cultura est\u00e1 constru\u00eddo com o envolvimento dos agentes culturais locais, para aproveitar e valorizar os talentos que o Munic\u00edpio possui. As bandas filarm\u00f3nicas, os grupos etnogr\u00e1ficos, os muitos jovens que se v\u00eam destacando no panorama musical, as academias de dan\u00e7a, os grupos corais, os grupos de teatro, entre muitos outros que se dedicam \u00e0s v\u00e1rias express\u00f5es art\u00edsticas ter\u00e3o aqui um espa\u00e7o\u201d, referiu o edil.&nbsp;<\/p>\n\n\n\n<p>Recentemente, a C\u00e2mara de Vale de Cambra cedeu parte do piso 1 do CAE \u00e0 Academia de M\u00fasica com o objetivo de lhe proporcionar melhores condi\u00e7\u00f5es de ensino e aprendizagem.<\/p>\n\n\n\n<p>Jos\u00e9 Pinheiro sublinhou ainda a import\u00e2ncia de preservar um espa\u00e7o que foi durante d\u00e9cadas uma refer\u00eancia no concelho, constituindo um marco para a mem\u00f3ria coletiva&nbsp;de v\u00e1rias gera\u00e7\u00f5es de valecambrenses.&nbsp;<\/p>\n\n\n\n<p>O espa\u00e7o est\u00e1 dividido em tr\u00eas pisos, tem cerca de mil metros quadrados, capacidade para 500 espectadores e contempla ainda um caf\u00e9 concerto, uma sala est\u00fadio, \u00e1reas dedicadas \u00e0 forma\u00e7\u00e3o art\u00edstica e uma galeria para exposi\u00e7\u00f5es tempor\u00e1rias.\u00a0<\/p>\n\n\n\n<p>As obras de reconstru\u00e7\u00e3o das instala\u00e7\u00f5es do \u201cAntigo Cinema\u201d de Vale de Cambra come\u00e7aram em 2019, mas a pandemia, a guerra, a infla\u00e7\u00e3o, cont\u00ednua falta de m\u00e3o de obra, entre outros entraves, dificultaram a sua conclus\u00e3o. &nbsp;<\/p>\n\n\n\n<p>A recupera\u00e7\u00e3o do \u201cAntigo Cinema\u201d &#8211; inaugurado em 1970 e adquirido pela autarquia em 2016 &#8211; envolveu um investimento de mais de tr\u00eas milh\u00f5es de euros e o projeto foi financiado a 85% com verbas do Programa Operacional Norte.&nbsp;<\/p>\n","protected":false},"excerpt":{"rendered":"<p>O Centro de Artes e Espet\u00e1culos de Vale de Cambra vai abrir a 10 de abril e as celebra\u00e7\u00f5es estendem-se por tr\u00eas dias consecutivos com uma programa\u00e7\u00e3o, que inclui espet\u00e1culos para toda a popula\u00e7\u00e3o e para todos os gostos. Cristina Maria Santos As renovadas instala\u00e7\u00f5es do \u201cAntigo Cinema\u201d de Vale de Cambra d\u00e3o lugar&nbsp;ao Centro<\/p>\n","protected":false},"author":5,"featured_media":12064,"comment_status":"open","ping_status":"open","sticky":false,"template":"","format":"standard","meta":{"_monsterinsights_skip_tracking":false,"_monsterinsights_sitenote_active":false,"_monsterinsights_sitenote_note":"","_monsterinsights_sitenote_category":0,"footnotes":""},"categories":[585,1],"tags":[641,1090,816],"class_list":{"0":"post-12063","1":"post","2":"type-post","3":"status-publish","4":"format-standard","5":"has-post-thumbnail","7":"category-agenda","8":"category-atual","9":"tag-antigo-cinema","10":"tag-cae","11":"tag-centro-de-artes-e-espetaculos"},"aioseo_notices":[],"_links":{"self":[{"href":"http:\/\/avozdecambra.pt\/index.php?rest_route=\/wp\/v2\/posts\/12063","targetHints":{"allow":["GET"]}}],"collection":[{"href":"http:\/\/avozdecambra.pt\/index.php?rest_route=\/wp\/v2\/posts"}],"about":[{"href":"http:\/\/avozdecambra.pt\/index.php?rest_route=\/wp\/v2\/types\/post"}],"author":[{"embeddable":true,"href":"http:\/\/avozdecambra.pt\/index.php?rest_route=\/wp\/v2\/users\/5"}],"replies":[{"embeddable":true,"href":"http:\/\/avozdecambra.pt\/index.php?rest_route=%2Fwp%2Fv2%2Fcomments&post=12063"}],"version-history":[{"count":15,"href":"http:\/\/avozdecambra.pt\/index.php?rest_route=\/wp\/v2\/posts\/12063\/revisions"}],"predecessor-version":[{"id":12086,"href":"http:\/\/avozdecambra.pt\/index.php?rest_route=\/wp\/v2\/posts\/12063\/revisions\/12086"}],"wp:featuredmedia":[{"embeddable":true,"href":"http:\/\/avozdecambra.pt\/index.php?rest_route=\/wp\/v2\/media\/12064"}],"wp:attachment":[{"href":"http:\/\/avozdecambra.pt\/index.php?rest_route=%2Fwp%2Fv2%2Fmedia&parent=12063"}],"wp:term":[{"taxonomy":"category","embeddable":true,"href":"http:\/\/avozdecambra.pt\/index.php?rest_route=%2Fwp%2Fv2%2Fcategories&post=12063"},{"taxonomy":"post_tag","embeddable":true,"href":"http:\/\/avozdecambra.pt\/index.php?rest_route=%2Fwp%2Fv2%2Ftags&post=12063"}],"curies":[{"name":"wp","href":"https:\/\/api.w.org\/{rel}","templated":true}]}}