{"id":12100,"date":"2025-04-08T10:41:58","date_gmt":"2025-04-08T10:41:58","guid":{"rendered":"http:\/\/avozdecambra.pt\/?p=12100"},"modified":"2025-04-08T10:43:11","modified_gmt":"2025-04-08T10:43:11","slug":"conheca-o-programa-especial-que-o-cae-vale-de-cambra-apresenta-a-partir-desta-quinta-feira","status":"publish","type":"post","link":"http:\/\/avozdecambra.pt\/?p=12100","title":{"rendered":"Conhe\u00e7a o programa especial que o CAE Vale de Cambra apresenta de quinta-feira a domingo"},"content":{"rendered":"\n<p><strong>O Centro de Artes e Espet\u00e1culos (CAE) de Vale de Cambra abre oficialmente no dia 10 de abril, pelas 20h30, com um programa especial que se estende at\u00e9 13 de abril de 2025. O novo espa\u00e7o dedicado \u00e0 arte e \u00e0 cultura pretende proporcionar uma programa\u00e7\u00e3o diversa com propostas dirigidas ao p\u00fablico geral e fam\u00edlias. M\u00fasica, dan\u00e7a, teatro, artes visuais, ser\u00e1 um espa\u00e7o de encontro entre artistas locais e nacionais e vai contar tamb\u00e9m com o envolvimento da comunidade escolar.<\/strong><\/p>\n\n\n\n<p><strong>Cristina Maria Santos&nbsp;<\/strong><\/p>\n\n\n\n<p>\u201cO CAE Vale de Cambra pretende ser um espa\u00e7o de encontro e experimenta\u00e7\u00e3o, onde a arte se cruza com a vida e onde todas as pessoas s\u00e3o convidadas a participar. Queremos que este centro seja um motor para a criatividade, a reflex\u00e3o e o envolvimento da comunidade\u201d, afirma o presidente da C\u00e2mara Municipal de Vale de Cambra, Jos\u00e9 Pinheiro.<\/p>\n\n\n\n<p>O Centro de Artes e Espet\u00e1culos vai contar com a dire\u00e7\u00e3o art\u00edstica de Jo\u00e3o Aidos e tem como miss\u00e3o ser um espa\u00e7o dedicado \u00e0 cria\u00e7\u00e3o, produ\u00e7\u00e3o e apresenta\u00e7\u00e3o de projetos art\u00edsticos e pedag\u00f3gicos de car\u00e1ter profissional, refere a autarquia de Vale de Cambra.&nbsp;<\/p>\n\n\n\n<p>\u201cCom uma programa\u00e7\u00e3o que valoriza a diversidade, a qualidade art\u00edstica e a regularidade, o CAE prop\u00f5e-se estimular novas formas de participa\u00e7\u00e3o e aprendizagem, fortalecendo a rela\u00e7\u00e3o da comunidade com a arte\u201d, explica ainda.&nbsp;<\/p>\n\n\n\n<p>A sess\u00e3o de abertura do CAE Vale de Cambra, que acontece j\u00e1 no dia 10 de abril, pelas 20h30, conta com um concerto da Orquestra das Beiras, acompanhada pelo pianista portugu\u00eas M\u00e1rio Laginha. Ao longo do fim de semana, tamb\u00e9m os m\u00fasicos Miguel Ara\u00fajo, Manel Cruz e Bruno Santos, acompanhado por outros saxofonistas de Vale de Cambra, v\u00e3o subir ao palco do CAE.&nbsp;<\/p>\n\n\n\n<p>O teatro tamb\u00e9m estar\u00e1 presente neste espa\u00e7o, com \u201c\u00c0 Primeira Vista (Prima Facie)\u201d, espet\u00e1culo encenado por Tiago Guedes e interpretado pela reconhecida atriz Margarida Vila-Nova. Dedicado \u00e0s fam\u00edlias, ser\u00e1 apresentado o espet\u00e1culo de teatro de objetos \u201cNinho\u201d, da companhia Part\u00edculas Elementares, inspirado no universo de Miguel Torga.&nbsp;<\/p>\n\n\n\n<p>O programa de abertura do CAE inclui ainda um workshop de dan\u00e7a da bailarina e core\u00f3grafa Fabiana do Mar, intitulado \u201cT\u00e9cnicas de Improvisa\u00e7\u00e3o e Composi\u00e7\u00e3o na Performance\u201d. Destinado a pessoas a partir dos 12 anos com experi\u00eancia em dan\u00e7a, o workshop \u00e9 promovido pela Associa\u00e7\u00e3o Cultural 2 Singular e oferece aos participantes a oportunidade de explorar o processo de cria\u00e7\u00e3o.<\/p>\n\n\n\n<p>J\u00e1 no campo das artes visuais e evolvendo tamb\u00e9m a comunidade escolar, o CAE acolhe, a exposi\u00e7\u00e3o \u201cLinha do Tempo\u201d, com desenhos realizados pelas alunas do 11\u00ba e 12\u00ba anos do curso de Artes Visuais da Escola Secund\u00e1ria de Vale de Cambra (disciplina de Desenho A), sob a orienta\u00e7\u00e3o da professora Ana Campos. A exposi\u00e7\u00e3o estar\u00e1 patente at\u00e9 12 de julho na \u00e1rea expositiva do CAE.<\/p>\n\n\n\n<p>Os bilhetes est\u00e3o j\u00e1 dispon\u00edveis em <a href=\"https:\/\/cae-valedecambra.bol.pt\">https:\/\/cae-valedecambra.bol.pt<\/a> e na bilheteira f\u00edsica, a partir de segunda-feira, 07 de abril, das 13h00 \u00e0s 19h00.&nbsp;<\/p>\n\n\n\n<p>A abertura do CAE Vale de Cambra marca um novo cap\u00edtulo na vida cultural da regi\u00e3o, refor\u00e7ando o seu papel enquanto territ\u00f3rio de cria\u00e7\u00e3o e frui\u00e7\u00e3o art\u00edstica. Mas \u00e9 apenas o seu come\u00e7o, enquanto espa\u00e7o sempre vivo, onde a arte aproxima, desafia e transforma. Toda a programa\u00e7\u00e3o at\u00e9 julho estar\u00e1 dispon\u00edvel em breve!<\/p>\n\n\n\n<p>O projeto de requalifica\u00e7\u00e3o do edif\u00edcio foi financiado pelo NORTE2020, com um investimento total aprovado de 3.407.838,00\u20ac, correspondendo a uma taxa de comparticipa\u00e7\u00e3o FEDER de 86%. O custo final da empreitada foi de 3.787.120,80\u20ac (s\/IVA).<\/p>\n\n\n\n<hr class=\"wp-block-separator has-alpha-channel-opacity\"\/>\n\n\n\n<h2 class=\"wp-block-heading\">PROGRAMA &nbsp;10 A 13 ABRIL 2025<\/h2>\n\n\n\n<p>Concerto inaugural<\/p>\n\n\n\n<p>10 abril 2025 &#8211; Audit\u00f3rio<\/p>\n\n\n\n<p>M\u00fasica<\/p>\n\n\n\n<p>ORQUESTRA DAS BEIRAS COM M\u00c1RIO LAGINHA<\/p>\n\n\n\n<p>qui 21h30 . M\/6 anos . 75 min.<\/p>\n\n\n\n<p>||<\/p>\n\n\n\n<p>11 abril 2025 \u2013 Audit\u00f3rio<\/p>\n\n\n\n<p>M\u00fasica&nbsp;<\/p>\n\n\n\n<p>MIGUEL ARA\u00daJO<\/p>\n\n\n\n<p>sex 21h30 . M\/6 anos . 60 min.<\/p>\n\n\n\n<p>Pre\u00e7o 10\u20ac<\/p>\n\n\n\n<p>||<\/p>\n\n\n\n<p>12 abril 2025 \u2013 Sala Est\u00fadio<\/p>\n\n\n\n<p>Workshop de dan\u00e7a contempor\u00e2nea<\/p>\n\n\n\n<p>T\u00c9CNICAS DE IMPROVISA\u00c7\u00c3O E COMPOSI\u00c7\u00c3O NA PERFORMANCE<\/p>\n\n\n\n<p>Fabiana do Mar<\/p>\n\n\n\n<p>Associa\u00e7\u00e3o Cultural 2 Singular<\/p>\n\n\n\n<p>s\u00e1b 10h30 \u2013 12h30 . M\/12 anos (com experi\u00eancia em dan\u00e7a)<\/p>\n\n\n\n<p>120 min.<\/p>\n\n\n\n<p>Inscri\u00e7\u00e3o gratuita: <a href=\"mailto:mediacao.cae@cm-valedecambra.pt\">mediacao.cae@cm-valedecambra.pt<\/a><\/p>\n\n\n\n<p>||<\/p>\n\n\n\n<p>12 abril \u2013 \u00c1rea Expositiva<\/p>\n\n\n\n<p>Exposi\u00e7\u00e3o de desenho<\/p>\n\n\n\n<p>LINHA DO TEMPO<\/p>\n\n\n\n<p>Alunas do 11\u00ba e 12\u00ba anos do curso de Artes Visuais (disciplina de Desenho A) da Escola Secund\u00e1ria de Vale de Cambra<\/p>\n\n\n\n<p>Professora respons\u00e1vel Ana Campos<\/p>\n\n\n\n<p>s\u00e1b 17h00 . Entrada gratuita<\/p>\n\n\n\n<p>||<\/p>\n\n\n\n<p>12 abril 2025 \u2013 Caf\u00e9-Concerto<\/p>\n\n\n\n<p>M\u00fasica<\/p>\n\n\n\n<p>BRUNO SANTOS &amp; COMPANY<\/p>\n\n\n\n<p>Ensemble de saxofones<\/p>\n\n\n\n<p>s\u00e1b 18h00. M\/3 anos . 60 min.<\/p>\n\n\n\n<p>Entrada gratuita<\/p>\n\n\n\n<p>||<\/p>\n\n\n\n<p>12 abril 2025 &#8211; Audit\u00f3rio<\/p>\n\n\n\n<p>Teatro<\/p>\n\n\n\n<p>\u00c0 PRIMEIRA VISTA (PRIMA FACIE)<\/p>\n\n\n\n<p>Com Margarida Vila-Nova<\/p>\n\n\n\n<p>s\u00e1b 21h30 . M\/14 anos . 90 min.&nbsp;<\/p>\n\n\n\n<p>Pre\u00e7o 7,5\u20ac<\/p>\n\n\n\n<p>||<\/p>\n\n\n\n<p>13 abril 2025 \u2013 Sala Est\u00fadio<\/p>\n\n\n\n<p>Teatro de Objetos<\/p>\n\n\n\n<p>NINHO<\/p>\n\n\n\n<p>Part\u00edculas Elementares<\/p>\n\n\n\n<p>dom. 11h00 . M\/6 anos (Fam\u00edlias) . 45 min.&nbsp;<\/p>\n\n\n\n<p>Entrada gratuita, carece de levantamento de bilhete na BOL ou na bilheteira f\u00edsica&nbsp;<\/p>\n\n\n\n<p>||<\/p>\n\n\n\n<p>13 abril 2025 &#8211; Audit\u00f3rio<\/p>\n\n\n\n<p>M\u00fasica<\/p>\n\n\n\n<p>MANEL CRUZ<\/p>\n\n\n\n<p>dom 17h00 . M\/6 anos . 75 min.&nbsp;<\/p>\n\n\n\n<p>Pre\u00e7o 10\u20ac<\/p>\n\n\n\n<p>Para mais informa\u00e7\u00f5es, contacte:&nbsp; <a href=\"mailto:comunicacao.cae@cm-valedecambra.pt\">comunicacao.cae@cm-valedecambra.pt<\/a> | 256&nbsp;245 270<\/p>\n","protected":false},"excerpt":{"rendered":"<p>O Centro de Artes e Espet\u00e1culos (CAE) de Vale de Cambra abre oficialmente no dia 10 de abril, pelas 20h30, com um programa especial que se estende at\u00e9 13 de abril de 2025. O novo espa\u00e7o dedicado \u00e0 arte e \u00e0 cultura pretende proporcionar uma programa\u00e7\u00e3o diversa com propostas dirigidas ao p\u00fablico geral e fam\u00edlias.<\/p>\n","protected":false},"author":5,"featured_media":12101,"comment_status":"open","ping_status":"open","sticky":false,"template":"","format":"standard","meta":{"_monsterinsights_skip_tracking":false,"_monsterinsights_sitenote_active":false,"_monsterinsights_sitenote_note":"","_monsterinsights_sitenote_category":0,"footnotes":""},"categories":[585,1],"tags":[1092],"class_list":{"0":"post-12100","1":"post","2":"type-post","3":"status-publish","4":"format-standard","5":"has-post-thumbnail","7":"category-agenda","8":"category-atual","9":"tag-cae-vale-de-cambra"},"aioseo_notices":[],"_links":{"self":[{"href":"http:\/\/avozdecambra.pt\/index.php?rest_route=\/wp\/v2\/posts\/12100","targetHints":{"allow":["GET"]}}],"collection":[{"href":"http:\/\/avozdecambra.pt\/index.php?rest_route=\/wp\/v2\/posts"}],"about":[{"href":"http:\/\/avozdecambra.pt\/index.php?rest_route=\/wp\/v2\/types\/post"}],"author":[{"embeddable":true,"href":"http:\/\/avozdecambra.pt\/index.php?rest_route=\/wp\/v2\/users\/5"}],"replies":[{"embeddable":true,"href":"http:\/\/avozdecambra.pt\/index.php?rest_route=%2Fwp%2Fv2%2Fcomments&post=12100"}],"version-history":[{"count":2,"href":"http:\/\/avozdecambra.pt\/index.php?rest_route=\/wp\/v2\/posts\/12100\/revisions"}],"predecessor-version":[{"id":12103,"href":"http:\/\/avozdecambra.pt\/index.php?rest_route=\/wp\/v2\/posts\/12100\/revisions\/12103"}],"wp:featuredmedia":[{"embeddable":true,"href":"http:\/\/avozdecambra.pt\/index.php?rest_route=\/wp\/v2\/media\/12101"}],"wp:attachment":[{"href":"http:\/\/avozdecambra.pt\/index.php?rest_route=%2Fwp%2Fv2%2Fmedia&parent=12100"}],"wp:term":[{"taxonomy":"category","embeddable":true,"href":"http:\/\/avozdecambra.pt\/index.php?rest_route=%2Fwp%2Fv2%2Fcategories&post=12100"},{"taxonomy":"post_tag","embeddable":true,"href":"http:\/\/avozdecambra.pt\/index.php?rest_route=%2Fwp%2Fv2%2Ftags&post=12100"}],"curies":[{"name":"wp","href":"https:\/\/api.w.org\/{rel}","templated":true}]}}