{"id":12633,"date":"2025-06-20T20:11:40","date_gmt":"2025-06-20T20:11:40","guid":{"rendered":"http:\/\/avozdecambra.pt\/?p=12633"},"modified":"2025-06-20T20:20:13","modified_gmt":"2025-06-20T20:20:13","slug":"luta-pelo-titulo-nacional-de-hoquei-em-patins-entre-camadas-jovens-do-ha-cambra-e-ud-oliveirense-acontece-este-sabado","status":"publish","type":"post","link":"http:\/\/avozdecambra.pt\/?p=12633","title":{"rendered":"HA Cambra luta pelo t\u00edtulo nacional de Sub15 de h\u00f3quei em patins este s\u00e1bado"},"content":{"rendered":"\n<p><strong>As camadas jovens SUB15 do HA Cambra e UD Oliveirense v\u00e3o disputar os quartos de final este s\u00e1bado, pelas 17h, no Pavilh\u00e3o Nortecoope, na Maia, num jogo a contar para o Campeonato Nacional de H\u00f3quei em Patins. Trata-se de um momento hist\u00f3rico para a Forma\u00e7\u00e3o dos jovens atletas valecambrenses, que lutam por chegar \u00e0s meias-finais, que acontece este domingo e depois \u00e0 final, que acontecer\u00e1 na pr\u00f3xima segunda-feira. &nbsp;<\/strong><\/p>\n\n\n\n<p><strong>Cristina Maria Santos&nbsp;<\/strong><\/p>\n\n\n\n<p>O jogo acontece este s\u00e1bado, no Pavilh\u00e3o Municipal Nortecoope, na Maia, entre HA Cambra e UD Oliveirense que v\u00e3o disputar os quartos de final do Campeonato Nacional da modalidade.\u00a0O jogo ser\u00e1 arbitrado pela dupla Pedro Silva e Francisco Freire. <\/p>\n\n\n\n<p>Em caso de vit\u00f3ria, a equipa das camadas jovens de Vale de Cambra, vai disputar as meias finais com o vencedor do jogo: OC Barcelos ou CAC Ourique. <\/p>\n\n\n\n<p>Gon\u00e7alo Carvalho (C); Jo\u00e3o Bernardo Henriques (GR); Edgar Costa (GR); Alex Coelho; Guilherme Branco; Santiago Campinos; Pedro Bastos; Miguel Santos; Gustavo Costa; Leonor Campos e Lara Afonso, s\u00e3o os elementos que v\u00e3o compor a equipa valecambrense, treinada por Bruno Andrade, coordenada por Lu\u00eds Marques; atrav\u00e9s dos delegados: Ant\u00f3nio Bastos; Filipe Carvalho e M\u00e1rio Costa; e acompanhados pela fisioterapeuta Gisela e massagista Marisa.\u00a0<\/p>\n\n\n\n<p>O H\u00f3quei Acad\u00e9mico de Cambra apelam ao apoio de todos os valecambrenses.&nbsp;<\/p>\n\n\n\n<figure class=\"wp-block-image size-large\"><img loading=\"lazy\" decoding=\"async\" width=\"1024\" height=\"576\" src=\"http:\/\/avozdecambra.pt\/wp-content\/uploads\/2025\/06\/a-1024x576.jpg\" alt=\"\" class=\"wp-image-12635\" srcset=\"http:\/\/avozdecambra.pt\/wp-content\/uploads\/2025\/06\/a-1024x576.jpg 1024w, http:\/\/avozdecambra.pt\/wp-content\/uploads\/2025\/06\/a-300x169.jpg 300w, http:\/\/avozdecambra.pt\/wp-content\/uploads\/2025\/06\/a-768x432.jpg 768w, http:\/\/avozdecambra.pt\/wp-content\/uploads\/2025\/06\/a-150x84.jpg 150w, http:\/\/avozdecambra.pt\/wp-content\/uploads\/2025\/06\/a-450x253.jpg 450w, http:\/\/avozdecambra.pt\/wp-content\/uploads\/2025\/06\/a.jpg 1200w\" sizes=\"auto, (max-width: 1024px) 100vw, 1024px\" \/><\/figure>\n","protected":false},"excerpt":{"rendered":"<p>As camadas jovens SUB15 do HA Cambra e UD Oliveirense v\u00e3o disputar os quartos de final este s\u00e1bado, pelas 17h, no Pavilh\u00e3o Nortecoope, na Maia, num jogo a contar para o Campeonato Nacional de H\u00f3quei em Patins. Trata-se de um momento hist\u00f3rico para a Forma\u00e7\u00e3o dos jovens atletas valecambrenses, que lutam por chegar \u00e0s meias-finais,<\/p>\n","protected":false},"author":5,"featured_media":12634,"comment_status":"open","ping_status":"open","sticky":false,"template":"","format":"standard","meta":{"_monsterinsights_skip_tracking":false,"_monsterinsights_sitenote_active":false,"_monsterinsights_sitenote_note":"","_monsterinsights_sitenote_category":0,"footnotes":""},"categories":[1],"tags":[180,1122],"class_list":{"0":"post-12633","1":"post","2":"type-post","3":"status-publish","4":"format-standard","5":"has-post-thumbnail","7":"category-atual","8":"tag-hoquei-academico-de-cambra","9":"tag-sub15"},"aioseo_notices":[],"_links":{"self":[{"href":"http:\/\/avozdecambra.pt\/index.php?rest_route=\/wp\/v2\/posts\/12633","targetHints":{"allow":["GET"]}}],"collection":[{"href":"http:\/\/avozdecambra.pt\/index.php?rest_route=\/wp\/v2\/posts"}],"about":[{"href":"http:\/\/avozdecambra.pt\/index.php?rest_route=\/wp\/v2\/types\/post"}],"author":[{"embeddable":true,"href":"http:\/\/avozdecambra.pt\/index.php?rest_route=\/wp\/v2\/users\/5"}],"replies":[{"embeddable":true,"href":"http:\/\/avozdecambra.pt\/index.php?rest_route=%2Fwp%2Fv2%2Fcomments&post=12633"}],"version-history":[{"count":5,"href":"http:\/\/avozdecambra.pt\/index.php?rest_route=\/wp\/v2\/posts\/12633\/revisions"}],"predecessor-version":[{"id":12643,"href":"http:\/\/avozdecambra.pt\/index.php?rest_route=\/wp\/v2\/posts\/12633\/revisions\/12643"}],"wp:featuredmedia":[{"embeddable":true,"href":"http:\/\/avozdecambra.pt\/index.php?rest_route=\/wp\/v2\/media\/12634"}],"wp:attachment":[{"href":"http:\/\/avozdecambra.pt\/index.php?rest_route=%2Fwp%2Fv2%2Fmedia&parent=12633"}],"wp:term":[{"taxonomy":"category","embeddable":true,"href":"http:\/\/avozdecambra.pt\/index.php?rest_route=%2Fwp%2Fv2%2Fcategories&post=12633"},{"taxonomy":"post_tag","embeddable":true,"href":"http:\/\/avozdecambra.pt\/index.php?rest_route=%2Fwp%2Fv2%2Ftags&post=12633"}],"curies":[{"name":"wp","href":"https:\/\/api.w.org\/{rel}","templated":true}]}}