{"id":12692,"date":"2025-06-27T18:05:57","date_gmt":"2025-06-27T18:05:57","guid":{"rendered":"http:\/\/avozdecambra.pt\/?p=12692"},"modified":"2025-06-27T18:19:45","modified_gmt":"2025-06-27T18:19:45","slug":"ha-cambra-luta-pelo-titulo-nacional-de-sub17-de-hoquei-em-patins-este-sabado","status":"publish","type":"post","link":"http:\/\/avozdecambra.pt\/?p=12692","title":{"rendered":"HA Cambra luta pelo t\u00edtulo nacional de Sub17 de h\u00f3quei em patins esta sexta-feira"},"content":{"rendered":"\n<p><strong>As camadas jovens SUB17 do HA Cambra com a UD Oliveirense v\u00e3o disputar os quartos de final esta sexta-feira, pelas 22h, no Pavilh\u00e3o do H\u00f3quei Clube de Turquel, num jogo a contar para o Campeonato Nacional de H\u00f3quei em Patins. Em caso de vit\u00f3ria, o HA Cambra disputar\u00e1 a meia final e, caso ven\u00e7a, ir\u00e1 \u00e0 final, que acontecer\u00e1 no pr\u00f3ximo domingo. <\/strong><\/p>\n\n\n\n<p><strong>Cristina Maria Santos&nbsp;<\/strong><\/p>\n\n\n\n<p>O jogo acontece este s\u00e1bado, no Pavilh\u00e3o do H\u00f3quei Clube de Turquel, entre HA Cambra e UD Oliveirense que v\u00e3o disputar os quartos de final do Campeonato Nacional da modalidade.&nbsp;O jogo ser\u00e1 arbitrado pela dupla Joaquim Sequeira e Bruno Esteves.<\/p>\n\n\n\n<p>Em caso de vit\u00f3ria, a equipa das camadas jovens de Vale de Cambra, vai disputar as meias finais com o vencedor do jogo: Sporting CP ou CD Pa\u00e7o de Arcos.<\/p>\n\n\n\n<p>&#8220;Lucas Almeida (C); Rodrigo Ribeiro (GR); David Oliveira (GR); Sim\u00e3o Ferreira; Miguel Gomes ; Guilherme Branco (Sub15); Eduardo Costa ; Pedro Marques; Santiago Campinos (Sub15); Alex Coelho (Sub15), s\u00e3o os elementos que v\u00e3o compor a equipa valecambrense, treinada por Jo\u00e3o Oliveira, coordenada por Lu\u00eds Marques; atrav\u00e9s do delegado: Humberto Marques, e acompanhados pela massagista Marisa. <\/p>\n\n\n\n<p>O H\u00f3quei Acad\u00e9mico de Cambra apela ao apoio de todos os valecambrenses.&nbsp;<\/p>\n\n\n\n<hr class=\"wp-block-separator has-alpha-channel-opacity\"\/>\n\n\n\n<p><strong>A equipa de Sub-17 do HA Cambra ficou entre os oito melhores do pa\u00eds&nbsp;<\/strong><\/p>\n\n\n\n<p>Recorde-se que,<strong> <\/strong>depois de ultrapassada a fase de apuramento com as Regi\u00f5es Aut\u00f3nomas e o 4.\u00ba classificado da Zona Sul, o HA Cambra Sub-17 garantiu a qualifica\u00e7\u00e3o para a Fase de Apuramento de Campe\u00e3o Nacional, juntando-se assim ao restrito lote das oito melhores equipas do pa\u00eds. Neste momento, encontra-se a disputar os quartos de final. <\/p>\n","protected":false},"excerpt":{"rendered":"<p>As camadas jovens SUB17 do HA Cambra com a UD Oliveirense v\u00e3o disputar os quartos de final esta sexta-feira, pelas 22h, no Pavilh\u00e3o do H\u00f3quei Clube de Turquel, num jogo a contar para o Campeonato Nacional de H\u00f3quei em Patins. Em caso de vit\u00f3ria, o HA Cambra disputar\u00e1 a meia final e, caso ven\u00e7a, ir\u00e1<\/p>\n","protected":false},"author":5,"featured_media":12693,"comment_status":"open","ping_status":"open","sticky":false,"template":"","format":"standard","meta":{"_monsterinsights_skip_tracking":false,"_monsterinsights_sitenote_active":false,"_monsterinsights_sitenote_note":"","_monsterinsights_sitenote_category":0,"footnotes":""},"categories":[1],"tags":[180],"class_list":{"0":"post-12692","1":"post","2":"type-post","3":"status-publish","4":"format-standard","5":"has-post-thumbnail","7":"category-atual","8":"tag-hoquei-academico-de-cambra"},"aioseo_notices":[],"_links":{"self":[{"href":"http:\/\/avozdecambra.pt\/index.php?rest_route=\/wp\/v2\/posts\/12692","targetHints":{"allow":["GET"]}}],"collection":[{"href":"http:\/\/avozdecambra.pt\/index.php?rest_route=\/wp\/v2\/posts"}],"about":[{"href":"http:\/\/avozdecambra.pt\/index.php?rest_route=\/wp\/v2\/types\/post"}],"author":[{"embeddable":true,"href":"http:\/\/avozdecambra.pt\/index.php?rest_route=\/wp\/v2\/users\/5"}],"replies":[{"embeddable":true,"href":"http:\/\/avozdecambra.pt\/index.php?rest_route=%2Fwp%2Fv2%2Fcomments&post=12692"}],"version-history":[{"count":6,"href":"http:\/\/avozdecambra.pt\/index.php?rest_route=\/wp\/v2\/posts\/12692\/revisions"}],"predecessor-version":[{"id":12700,"href":"http:\/\/avozdecambra.pt\/index.php?rest_route=\/wp\/v2\/posts\/12692\/revisions\/12700"}],"wp:featuredmedia":[{"embeddable":true,"href":"http:\/\/avozdecambra.pt\/index.php?rest_route=\/wp\/v2\/media\/12693"}],"wp:attachment":[{"href":"http:\/\/avozdecambra.pt\/index.php?rest_route=%2Fwp%2Fv2%2Fmedia&parent=12692"}],"wp:term":[{"taxonomy":"category","embeddable":true,"href":"http:\/\/avozdecambra.pt\/index.php?rest_route=%2Fwp%2Fv2%2Fcategories&post=12692"},{"taxonomy":"post_tag","embeddable":true,"href":"http:\/\/avozdecambra.pt\/index.php?rest_route=%2Fwp%2Fv2%2Ftags&post=12692"}],"curies":[{"name":"wp","href":"https:\/\/api.w.org\/{rel}","templated":true}]}}