{"id":12909,"date":"2025-08-21T15:49:40","date_gmt":"2025-08-21T15:49:40","guid":{"rendered":"http:\/\/avozdecambra.pt\/?p=12909"},"modified":"2025-08-21T15:49:41","modified_gmt":"2025-08-21T15:49:41","slug":"cerveja-artesanal-e-animacao-vale-beer-fest-esta-de-volta-no-fim-de-semana-de-29-a-31-de-agosto","status":"publish","type":"post","link":"http:\/\/avozdecambra.pt\/?p=12909","title":{"rendered":"<strong>Cerveja artesanal e anima\u00e7\u00e3o \u2013 Vale Beer Fest est\u00e1 de volta no fim de semana de 29 a 31 de agosto<\/strong>"},"content":{"rendered":"\n<p><strong>O Festival de Cerveja Artesanal, Street Food e Anima\u00e7\u00e3o, Vale Beer Fest&nbsp; \u00e9 organizado pela C\u00e2mara de Vale de Cambra e vai realizar-se no fim de semana de 29 a 31 de agosto, no jardim do centro da cidade e sua envolvente. Durante estes tr\u00eas dias Vale de Cambra recebe um evento de conv\u00edvio e degusta\u00e7\u00e3o de v\u00e1rias cervejas artesanais.&nbsp;<\/strong><\/p>\n\n\n\n<p><strong>Cristina Maria Santos<\/strong><\/p>\n\n\n\n<p>Est\u00e3o j\u00e1 confirmadas nove marcas de cerveja artesanais de produtores, com v\u00e1rios estilos, protagonistas nacionais desta mostra.&nbsp;<\/p>\n\n\n\n<p>A estes, juntam-se\u00a0degusta\u00e7\u00f5es de cerveja e ainda um programa direcionado a diferentes p\u00fablicos.\u00a0<\/p>\n\n\n\n<p>Haver\u00e1, como habitualmente, <em>street food<\/em>\u00a0a complementar este Festival, uma iniciativa que pretende dar a conhecer as ofertas e conceitos gastron\u00f3micos da regi\u00e3o.\u00a0<\/p>\n\n\n\n<p>O evento, que teve a sua primeira edi\u00e7\u00e3o, em 2022, com a participa\u00e7\u00e3o de nove cervejeiros, \u00e9 organizado pela C\u00e2mara Municipal de Vale de Cambra, pela quarta vez, para marcar posi\u00e7\u00e3o relativamente a uma bebida artesanal, da qual fazem parte marcas criadas por valecambrenses.&nbsp;&nbsp;<\/p>\n\n\n\n<p>A anima\u00e7\u00e3o vai tamb\u00e9m estar presente, com concertos ao vivo e anima\u00e7\u00e3o permanente, garantindo o ambiente ideal para desfrutar do fim do ver\u00e3o.<\/p>\n","protected":false},"excerpt":{"rendered":"<p>O Festival de Cerveja Artesanal, Street Food e Anima\u00e7\u00e3o, Vale Beer Fest&nbsp; \u00e9 organizado pela C\u00e2mara de Vale de Cambra e vai realizar-se no fim de semana de 29 a 31 de agosto, no jardim do centro da cidade e sua envolvente. Durante estes tr\u00eas dias Vale de Cambra recebe um evento de conv\u00edvio e<\/p>\n","protected":false},"author":5,"featured_media":12910,"comment_status":"open","ping_status":"open","sticky":false,"template":"","format":"standard","meta":{"_monsterinsights_skip_tracking":false,"_monsterinsights_sitenote_active":false,"_monsterinsights_sitenote_note":"","_monsterinsights_sitenote_category":0,"footnotes":""},"categories":[585,1],"tags":[680],"class_list":{"0":"post-12909","1":"post","2":"type-post","3":"status-publish","4":"format-standard","5":"has-post-thumbnail","7":"category-agenda","8":"category-atual","9":"tag-vale-beer-fest"},"aioseo_notices":[],"_links":{"self":[{"href":"http:\/\/avozdecambra.pt\/index.php?rest_route=\/wp\/v2\/posts\/12909","targetHints":{"allow":["GET"]}}],"collection":[{"href":"http:\/\/avozdecambra.pt\/index.php?rest_route=\/wp\/v2\/posts"}],"about":[{"href":"http:\/\/avozdecambra.pt\/index.php?rest_route=\/wp\/v2\/types\/post"}],"author":[{"embeddable":true,"href":"http:\/\/avozdecambra.pt\/index.php?rest_route=\/wp\/v2\/users\/5"}],"replies":[{"embeddable":true,"href":"http:\/\/avozdecambra.pt\/index.php?rest_route=%2Fwp%2Fv2%2Fcomments&post=12909"}],"version-history":[{"count":1,"href":"http:\/\/avozdecambra.pt\/index.php?rest_route=\/wp\/v2\/posts\/12909\/revisions"}],"predecessor-version":[{"id":12911,"href":"http:\/\/avozdecambra.pt\/index.php?rest_route=\/wp\/v2\/posts\/12909\/revisions\/12911"}],"wp:featuredmedia":[{"embeddable":true,"href":"http:\/\/avozdecambra.pt\/index.php?rest_route=\/wp\/v2\/media\/12910"}],"wp:attachment":[{"href":"http:\/\/avozdecambra.pt\/index.php?rest_route=%2Fwp%2Fv2%2Fmedia&parent=12909"}],"wp:term":[{"taxonomy":"category","embeddable":true,"href":"http:\/\/avozdecambra.pt\/index.php?rest_route=%2Fwp%2Fv2%2Fcategories&post=12909"},{"taxonomy":"post_tag","embeddable":true,"href":"http:\/\/avozdecambra.pt\/index.php?rest_route=%2Fwp%2Fv2%2Ftags&post=12909"}],"curies":[{"name":"wp","href":"https:\/\/api.w.org\/{rel}","templated":true}]}}