{"id":12981,"date":"2025-09-02T21:32:55","date_gmt":"2025-09-02T21:32:55","guid":{"rendered":"http:\/\/avozdecambra.pt\/?p=12981"},"modified":"2025-09-03T10:49:55","modified_gmt":"2025-09-03T10:49:55","slug":"mcdonalds-abre-restaurante-em-oliveira-de-azemeis-com-as-mais-recentes-tecnologias-e-cria-50-postos-de-trabalho","status":"publish","type":"post","link":"http:\/\/avozdecambra.pt\/?p=12981","title":{"rendered":"McDonald\u2019s abre restaurante em Oliveira de Azem\u00e9is com as mais recentes tecnologias e cria 50 postos de trabalho"},"content":{"rendered":"\n<p><strong>O primeiro restaurante McDonald\u2019s em Oliveira de Azem\u00e9is abriu esta ter\u00e7a-feira.&nbsp;Trata-se do 6\u00ba em Terras de Santa Maria &#8211; gerido pelo valecambrense Francisco Nadais &#8211; e o 215\u00ba a n\u00edvel nacional, representando um marco importante do crescimento e investimento da marca na regi\u00e3o e no pa\u00eds.&nbsp;O novo restaurante vai criar 50 novos postos de trabalho. <\/strong><\/p>\n\n\n\n<p>O novo restaurante McDonald\u2019s situa-se junto \u00e0 entrada nascente de Oliveira de Azem\u00e9is, pr\u00f3ximo do IC2 e da variante para a A32 e vai ser gerido por Francisco Nadais, franquiado da McDonald\u2019s h\u00e1 25 anos e atualmente respons\u00e1vel pelos restaurantes de Espinho, Lourosa, Santa Maria da Feira, e dois em S. Jo\u00e3o da Madeira.&nbsp;<\/p>\n\n\n\n<p>O espa\u00e7o apresenta o servi\u00e7o McDrive com um atendimento ainda mais r\u00e1pido e uma maior conveni\u00eancia aos seus clientes. Tem capacidade para 143 lugares sentados na sala e 80 numa ampla esplanada, onde se encontra tamb\u00e9m um Playland, dedicado aos mais novos.<\/p>\n\n\n\n<p>O restaurante conta com parque de estacionamento privativo com 37 lugares, incluindo lugares especificamente dedicados a fam\u00edlias, a pessoas com mobilidade condicionada, a ve\u00edculos el\u00e9tricos e ainda lugares dedicados aos Pedidos Mobile, o servi\u00e7o da McDonald\u2019s que permite fazer pedidos na App e recolher no parque de estacionamento ou no restaurante.<\/p>\n\n\n\n<p>O gestor do restaurante, H\u00e9lder Silva proporcionou \u00e0 comunica\u00e7\u00e3o social, uma visita guiada ao espa\u00e7o, onde se destacou o design arrojado, \u00e1reas amplas e modulares e uma decora\u00e7\u00e3o moderna. Com 25 anos de experi\u00eancia, o respons\u00e1vel deu a conhecer as mais recentes tecnologias dispon\u00edveis ao servi\u00e7o dos clientes, como os quiosques multim\u00e9dia, que permitem realizar e pagar o pedido autonomamente, levantando-o numa \u00e1rea espec\u00edfica para o efeito, o Menuboard Digital, tomadas USB e carregadores wireless.&nbsp;<\/p>\n\n\n\n<p>O restaurante McDonald\u2019s de Oliveira de Azem\u00e9is disp\u00f5e ainda de McCaf\u00e9, com uma extensa oferta para ocasi\u00f5es de consumo fora das refei\u00e7\u00f5es principais, com destaque para as ofertas de pequeno-almo\u00e7o e o servi\u00e7o McDelivery.<\/p>\n\n\n\n<p>Segundo H\u00e9lder Silva, o novo restaurante refor\u00e7a tamb\u00e9m o compromisso da marca com a transi\u00e7\u00e3o energ\u00e9tica, com equipamentos mais eficientes com foco na redu\u00e7\u00e3o do consumo de energia.<\/p>\n\n\n\n<p>A diretora-geral&nbsp;da McDonald\u2019s Portugal, In\u00eas Lima esteve presente no evento e salientou tamb\u00e9m a aposta da marca na reciclagem, no sentido de promover a separa\u00e7\u00e3o mais seletiva de res\u00edduos junto de clientes e equipas, atrav\u00e9s de ecopontos que garantem a separa\u00e7\u00e3o de res\u00edduos indiferenciados, org\u00e2nicos, de pl\u00e1stico\/metal, de papel e l\u00edquidos, e, assim, o seu respetivo encaminhamento.<\/p>\n\n\n\n<p>\u201cEstes s\u00e3o exemplos da nossa vis\u00e3o de longo prazo, uma vis\u00e3o que combina renova\u00e7\u00e3o com sustentabilidade\u201d, explicou a diretora-geral.&nbsp;<\/p>\n\n\n\n<p>In\u00eas Lima, aproveitou ainda para lembrar que este \u00e9 o 215.\u00ba restaurante em Portugal, que representa \u201cmais um passo na nossa miss\u00e3o de, cada vez mais, estarmos pr\u00f3ximos dos nossos consumidores\u201d, afirmou.&nbsp;<\/p>\n\n\n\n<p>A respons\u00e1vel destacou tamb\u00e9m a \u201ccoragem e profissionalismo\u201d do franquiado Francisco Nadais, lembrando que, ao longo de 25 anos, tem sido \u201cum embaixador da McDonald&#8217;s na regi\u00e3o\u201d.&nbsp;<\/p>\n\n\n\n<p>Francisco Nadais mostrou-se entusiasmado com a abertura do novo restaurante e real\u00e7ou a confian\u00e7a que tem nas equipas por si formadas e que o acompanham h\u00e1 mais de duas d\u00e9cadas, mas tamb\u00e9m frisou que os novos colaboradores ir\u00e3o proporcionar o conforto e simpatia a todos quantos visitarem o novo restaurante.&nbsp;<\/p>\n\n\n\n<p>A nova abertura vem destacar a aposta da McDonald\u2019s em Portugal e na dinamiza\u00e7\u00e3o da economia local, neste caso, com a cria\u00e7\u00e3o de 70 postos de trabalho, recrutados na regi\u00e3o, dos quais 50 novos na estrutura das Terras de Santa Maria e que poder\u00e3o vir a ser refor\u00e7ados com o desenrolar da atividade. Nos seis restaurantes por si geridos, Francisco Nadais conta j\u00e1 com cerca de 400 colaboradores.&nbsp;<\/p>\n\n\n\n<p>\u201cMantemos o nosso compromisso de contribuir ativamente para a comunidade local, \u00e0 semelhan\u00e7a do que fazemos em todos os locais onde nos encontramos\u201d, referiu Francisco Nadais. &nbsp;<\/p>\n\n\n\n<p>O presidente da C\u00e2mara de Oliveira de Azem\u00e9is, Joaquim Jorge tomou palavra nesta cerim\u00f3nia para mostrar o seu contentamento com mais um investimento privado no concelho que, agregado ao investimento p\u00fablico, \u201ccapacitam o territ\u00f3rio, tornando-o mais atrativo e mais competitivo\u201d, explicou. &nbsp;<\/p>\n\n\n\n<p>O evento contou ainda com um momento musical, proporcionado por Ana Carolina, filha de Francisco Nadais, com duas m\u00fasicas tocadas no instrumento harm\u00f3nico &#8211; Harpa.&nbsp;<\/p>\n\n\n\n<figure class=\"wp-block-image size-large is-resized\"><img loading=\"lazy\" decoding=\"async\" src=\"http:\/\/avozdecambra.pt\/wp-content\/uploads\/2025\/09\/5-1024x576.jpg\" alt=\"\" class=\"wp-image-12983\" width=\"780\" height=\"438\" srcset=\"http:\/\/avozdecambra.pt\/wp-content\/uploads\/2025\/09\/5-1024x576.jpg 1024w, http:\/\/avozdecambra.pt\/wp-content\/uploads\/2025\/09\/5-300x169.jpg 300w, http:\/\/avozdecambra.pt\/wp-content\/uploads\/2025\/09\/5-768x432.jpg 768w, http:\/\/avozdecambra.pt\/wp-content\/uploads\/2025\/09\/5-150x84.jpg 150w, http:\/\/avozdecambra.pt\/wp-content\/uploads\/2025\/09\/5-450x253.jpg 450w, http:\/\/avozdecambra.pt\/wp-content\/uploads\/2025\/09\/5.jpg 1200w\" sizes=\"auto, (max-width: 780px) 100vw, 780px\" \/><\/figure>\n\n\n\n<figure class=\"wp-block-image size-large is-resized\"><img loading=\"lazy\" decoding=\"async\" src=\"http:\/\/avozdecambra.pt\/wp-content\/uploads\/2025\/09\/7-1024x576.jpg\" alt=\"\" class=\"wp-image-12984\" width=\"780\" height=\"438\" srcset=\"http:\/\/avozdecambra.pt\/wp-content\/uploads\/2025\/09\/7-1024x576.jpg 1024w, http:\/\/avozdecambra.pt\/wp-content\/uploads\/2025\/09\/7-300x169.jpg 300w, http:\/\/avozdecambra.pt\/wp-content\/uploads\/2025\/09\/7-768x432.jpg 768w, http:\/\/avozdecambra.pt\/wp-content\/uploads\/2025\/09\/7-150x84.jpg 150w, http:\/\/avozdecambra.pt\/wp-content\/uploads\/2025\/09\/7-450x253.jpg 450w, http:\/\/avozdecambra.pt\/wp-content\/uploads\/2025\/09\/7.jpg 1200w\" sizes=\"auto, (max-width: 780px) 100vw, 780px\" \/><\/figure>\n\n\n\n<figure class=\"wp-block-image size-large is-resized\"><img loading=\"lazy\" decoding=\"async\" src=\"http:\/\/avozdecambra.pt\/wp-content\/uploads\/2025\/09\/6-1024x576.jpg\" alt=\"\" class=\"wp-image-12985\" width=\"780\" height=\"438\" srcset=\"http:\/\/avozdecambra.pt\/wp-content\/uploads\/2025\/09\/6-1024x576.jpg 1024w, http:\/\/avozdecambra.pt\/wp-content\/uploads\/2025\/09\/6-300x169.jpg 300w, http:\/\/avozdecambra.pt\/wp-content\/uploads\/2025\/09\/6-768x432.jpg 768w, http:\/\/avozdecambra.pt\/wp-content\/uploads\/2025\/09\/6-150x84.jpg 150w, http:\/\/avozdecambra.pt\/wp-content\/uploads\/2025\/09\/6-450x253.jpg 450w, http:\/\/avozdecambra.pt\/wp-content\/uploads\/2025\/09\/6.jpg 1200w\" sizes=\"auto, (max-width: 780px) 100vw, 780px\" \/><\/figure>\n\n\n\n<figure class=\"wp-block-image size-large\"><img loading=\"lazy\" decoding=\"async\" width=\"1024\" height=\"576\" src=\"http:\/\/avozdecambra.pt\/wp-content\/uploads\/2025\/09\/mm-1-1024x576.jpg\" alt=\"\" class=\"wp-image-13006\" srcset=\"http:\/\/avozdecambra.pt\/wp-content\/uploads\/2025\/09\/mm-1-1024x576.jpg 1024w, http:\/\/avozdecambra.pt\/wp-content\/uploads\/2025\/09\/mm-1-300x169.jpg 300w, http:\/\/avozdecambra.pt\/wp-content\/uploads\/2025\/09\/mm-1-768x432.jpg 768w, http:\/\/avozdecambra.pt\/wp-content\/uploads\/2025\/09\/mm-1-150x84.jpg 150w, http:\/\/avozdecambra.pt\/wp-content\/uploads\/2025\/09\/mm-1-450x253.jpg 450w, http:\/\/avozdecambra.pt\/wp-content\/uploads\/2025\/09\/mm-1.jpg 1200w\" sizes=\"auto, (max-width: 1024px) 100vw, 1024px\" \/><\/figure>\n\n\n\n<figure class=\"wp-block-image size-large\"><img loading=\"lazy\" decoding=\"async\" width=\"1024\" height=\"576\" src=\"http:\/\/avozdecambra.pt\/wp-content\/uploads\/2025\/09\/4-1024x576.jpg\" alt=\"\" class=\"wp-image-12986\" srcset=\"http:\/\/avozdecambra.pt\/wp-content\/uploads\/2025\/09\/4-1024x576.jpg 1024w, http:\/\/avozdecambra.pt\/wp-content\/uploads\/2025\/09\/4-300x169.jpg 300w, http:\/\/avozdecambra.pt\/wp-content\/uploads\/2025\/09\/4-768x432.jpg 768w, http:\/\/avozdecambra.pt\/wp-content\/uploads\/2025\/09\/4-150x84.jpg 150w, http:\/\/avozdecambra.pt\/wp-content\/uploads\/2025\/09\/4-450x253.jpg 450w, http:\/\/avozdecambra.pt\/wp-content\/uploads\/2025\/09\/4.jpg 1200w\" sizes=\"auto, (max-width: 1024px) 100vw, 1024px\" \/><\/figure>\n\n\n\n<figure class=\"wp-block-image size-large is-resized\"><img loading=\"lazy\" decoding=\"async\" src=\"http:\/\/avozdecambra.pt\/wp-content\/uploads\/2025\/09\/8-1024x576.jpg\" alt=\"\" class=\"wp-image-12989\" width=\"780\" height=\"438\" srcset=\"http:\/\/avozdecambra.pt\/wp-content\/uploads\/2025\/09\/8-1024x576.jpg 1024w, http:\/\/avozdecambra.pt\/wp-content\/uploads\/2025\/09\/8-300x169.jpg 300w, http:\/\/avozdecambra.pt\/wp-content\/uploads\/2025\/09\/8-768x432.jpg 768w, http:\/\/avozdecambra.pt\/wp-content\/uploads\/2025\/09\/8-150x84.jpg 150w, http:\/\/avozdecambra.pt\/wp-content\/uploads\/2025\/09\/8-450x253.jpg 450w, http:\/\/avozdecambra.pt\/wp-content\/uploads\/2025\/09\/8.jpg 1200w\" sizes=\"auto, (max-width: 780px) 100vw, 780px\" \/><\/figure>\n\n\n\n<figure class=\"wp-block-image size-large is-resized\"><img loading=\"lazy\" decoding=\"async\" src=\"http:\/\/avozdecambra.pt\/wp-content\/uploads\/2025\/09\/9-1024x576.jpg\" alt=\"\" class=\"wp-image-12991\" width=\"780\" height=\"438\" srcset=\"http:\/\/avozdecambra.pt\/wp-content\/uploads\/2025\/09\/9-1024x576.jpg 1024w, http:\/\/avozdecambra.pt\/wp-content\/uploads\/2025\/09\/9-300x169.jpg 300w, http:\/\/avozdecambra.pt\/wp-content\/uploads\/2025\/09\/9-768x432.jpg 768w, http:\/\/avozdecambra.pt\/wp-content\/uploads\/2025\/09\/9-150x84.jpg 150w, http:\/\/avozdecambra.pt\/wp-content\/uploads\/2025\/09\/9-450x253.jpg 450w, http:\/\/avozdecambra.pt\/wp-content\/uploads\/2025\/09\/9.jpg 1200w\" sizes=\"auto, (max-width: 780px) 100vw, 780px\" \/><\/figure>\n\n\n\n<figure class=\"wp-block-image size-large is-resized\"><img loading=\"lazy\" decoding=\"async\" src=\"http:\/\/avozdecambra.pt\/wp-content\/uploads\/2025\/09\/10-1024x576.jpg\" alt=\"\" class=\"wp-image-12992\" width=\"780\" height=\"438\" srcset=\"http:\/\/avozdecambra.pt\/wp-content\/uploads\/2025\/09\/10-1024x576.jpg 1024w, http:\/\/avozdecambra.pt\/wp-content\/uploads\/2025\/09\/10-300x169.jpg 300w, http:\/\/avozdecambra.pt\/wp-content\/uploads\/2025\/09\/10-768x432.jpg 768w, http:\/\/avozdecambra.pt\/wp-content\/uploads\/2025\/09\/10-150x84.jpg 150w, http:\/\/avozdecambra.pt\/wp-content\/uploads\/2025\/09\/10-450x253.jpg 450w, http:\/\/avozdecambra.pt\/wp-content\/uploads\/2025\/09\/10.jpg 1200w\" sizes=\"auto, (max-width: 780px) 100vw, 780px\" \/><\/figure>\n\n\n\n<figure class=\"wp-block-image size-large\"><img loading=\"lazy\" decoding=\"async\" width=\"1024\" height=\"576\" src=\"http:\/\/avozdecambra.pt\/wp-content\/uploads\/2025\/09\/11-1024x576.jpg\" alt=\"\" class=\"wp-image-12993\" srcset=\"http:\/\/avozdecambra.pt\/wp-content\/uploads\/2025\/09\/11-1024x576.jpg 1024w, http:\/\/avozdecambra.pt\/wp-content\/uploads\/2025\/09\/11-300x169.jpg 300w, http:\/\/avozdecambra.pt\/wp-content\/uploads\/2025\/09\/11-768x432.jpg 768w, http:\/\/avozdecambra.pt\/wp-content\/uploads\/2025\/09\/11-150x84.jpg 150w, http:\/\/avozdecambra.pt\/wp-content\/uploads\/2025\/09\/11-450x253.jpg 450w, http:\/\/avozdecambra.pt\/wp-content\/uploads\/2025\/09\/11.jpg 1200w\" sizes=\"auto, (max-width: 1024px) 100vw, 1024px\" \/><\/figure>\n\n\n\n<figure class=\"wp-block-image size-large\"><img loading=\"lazy\" decoding=\"async\" width=\"1024\" height=\"576\" src=\"http:\/\/avozdecambra.pt\/wp-content\/uploads\/2025\/09\/12-1024x576.jpg\" alt=\"\" class=\"wp-image-12994\" srcset=\"http:\/\/avozdecambra.pt\/wp-content\/uploads\/2025\/09\/12-1024x576.jpg 1024w, http:\/\/avozdecambra.pt\/wp-content\/uploads\/2025\/09\/12-300x169.jpg 300w, http:\/\/avozdecambra.pt\/wp-content\/uploads\/2025\/09\/12-768x432.jpg 768w, http:\/\/avozdecambra.pt\/wp-content\/uploads\/2025\/09\/12-150x84.jpg 150w, http:\/\/avozdecambra.pt\/wp-content\/uploads\/2025\/09\/12-450x253.jpg 450w, http:\/\/avozdecambra.pt\/wp-content\/uploads\/2025\/09\/12.jpg 1200w\" sizes=\"auto, (max-width: 1024px) 100vw, 1024px\" \/><\/figure>\n\n\n\n<figure class=\"wp-block-image size-large\"><img loading=\"lazy\" decoding=\"async\" width=\"1024\" height=\"576\" src=\"http:\/\/avozdecambra.pt\/wp-content\/uploads\/2025\/09\/3-1024x576.jpg\" alt=\"\" class=\"wp-image-12987\" srcset=\"http:\/\/avozdecambra.pt\/wp-content\/uploads\/2025\/09\/3-1024x576.jpg 1024w, http:\/\/avozdecambra.pt\/wp-content\/uploads\/2025\/09\/3-300x169.jpg 300w, http:\/\/avozdecambra.pt\/wp-content\/uploads\/2025\/09\/3-768x432.jpg 768w, http:\/\/avozdecambra.pt\/wp-content\/uploads\/2025\/09\/3-150x84.jpg 150w, http:\/\/avozdecambra.pt\/wp-content\/uploads\/2025\/09\/3-450x253.jpg 450w, http:\/\/avozdecambra.pt\/wp-content\/uploads\/2025\/09\/3.jpg 1200w\" sizes=\"auto, (max-width: 1024px) 100vw, 1024px\" \/><\/figure>\n\n\n\n<figure class=\"wp-block-image size-large\"><img loading=\"lazy\" decoding=\"async\" width=\"1024\" height=\"576\" src=\"http:\/\/avozdecambra.pt\/wp-content\/uploads\/2025\/09\/2-1024x576.jpg\" alt=\"\" class=\"wp-image-12988\" srcset=\"http:\/\/avozdecambra.pt\/wp-content\/uploads\/2025\/09\/2-1024x576.jpg 1024w, http:\/\/avozdecambra.pt\/wp-content\/uploads\/2025\/09\/2-300x169.jpg 300w, http:\/\/avozdecambra.pt\/wp-content\/uploads\/2025\/09\/2-768x432.jpg 768w, http:\/\/avozdecambra.pt\/wp-content\/uploads\/2025\/09\/2-150x84.jpg 150w, http:\/\/avozdecambra.pt\/wp-content\/uploads\/2025\/09\/2-450x253.jpg 450w, http:\/\/avozdecambra.pt\/wp-content\/uploads\/2025\/09\/2.jpg 1200w\" sizes=\"auto, (max-width: 1024px) 100vw, 1024px\" \/><\/figure>\n\n\n\n<figure class=\"wp-block-image size-large\"><img loading=\"lazy\" decoding=\"async\" width=\"1024\" height=\"576\" src=\"http:\/\/avozdecambra.pt\/wp-content\/uploads\/2025\/09\/asa-1024x576.jpg\" alt=\"\" class=\"wp-image-13004\" srcset=\"http:\/\/avozdecambra.pt\/wp-content\/uploads\/2025\/09\/asa-1024x576.jpg 1024w, http:\/\/avozdecambra.pt\/wp-content\/uploads\/2025\/09\/asa-300x169.jpg 300w, http:\/\/avozdecambra.pt\/wp-content\/uploads\/2025\/09\/asa-768x432.jpg 768w, http:\/\/avozdecambra.pt\/wp-content\/uploads\/2025\/09\/asa-150x84.jpg 150w, http:\/\/avozdecambra.pt\/wp-content\/uploads\/2025\/09\/asa-450x253.jpg 450w, http:\/\/avozdecambra.pt\/wp-content\/uploads\/2025\/09\/asa.jpg 1200w\" sizes=\"auto, (max-width: 1024px) 100vw, 1024px\" \/><\/figure>\n\n\n\n<p><\/p>\n\n\n\n<p><\/p>\n","protected":false},"excerpt":{"rendered":"<p>O primeiro restaurante McDonald\u2019s em Oliveira de Azem\u00e9is abriu esta ter\u00e7a-feira.&nbsp;Trata-se do 6\u00ba em Terras de Santa Maria &#8211; gerido pelo valecambrense Francisco Nadais &#8211; e o 215\u00ba a n\u00edvel nacional, representando um marco importante do crescimento e investimento da marca na regi\u00e3o e no pa\u00eds.&nbsp;O novo restaurante vai criar 50 novos postos de trabalho.<\/p>\n","protected":false},"author":5,"featured_media":12982,"comment_status":"open","ping_status":"open","sticky":false,"template":"","format":"standard","meta":{"_monsterinsights_skip_tracking":false,"_monsterinsights_sitenote_active":false,"_monsterinsights_sitenote_note":"","_monsterinsights_sitenote_category":0,"footnotes":""},"categories":[1,20],"tags":[1133],"class_list":{"0":"post-12981","1":"post","2":"type-post","3":"status-publish","4":"format-standard","5":"has-post-thumbnail","7":"category-atual","8":"category-publireportagem","9":"tag-mcdonalds-de-oliveira-de-azemeis"},"aioseo_notices":[],"_links":{"self":[{"href":"http:\/\/avozdecambra.pt\/index.php?rest_route=\/wp\/v2\/posts\/12981","targetHints":{"allow":["GET"]}}],"collection":[{"href":"http:\/\/avozdecambra.pt\/index.php?rest_route=\/wp\/v2\/posts"}],"about":[{"href":"http:\/\/avozdecambra.pt\/index.php?rest_route=\/wp\/v2\/types\/post"}],"author":[{"embeddable":true,"href":"http:\/\/avozdecambra.pt\/index.php?rest_route=\/wp\/v2\/users\/5"}],"replies":[{"embeddable":true,"href":"http:\/\/avozdecambra.pt\/index.php?rest_route=%2Fwp%2Fv2%2Fcomments&post=12981"}],"version-history":[{"count":3,"href":"http:\/\/avozdecambra.pt\/index.php?rest_route=\/wp\/v2\/posts\/12981\/revisions"}],"predecessor-version":[{"id":13007,"href":"http:\/\/avozdecambra.pt\/index.php?rest_route=\/wp\/v2\/posts\/12981\/revisions\/13007"}],"wp:featuredmedia":[{"embeddable":true,"href":"http:\/\/avozdecambra.pt\/index.php?rest_route=\/wp\/v2\/media\/12982"}],"wp:attachment":[{"href":"http:\/\/avozdecambra.pt\/index.php?rest_route=%2Fwp%2Fv2%2Fmedia&parent=12981"}],"wp:term":[{"taxonomy":"category","embeddable":true,"href":"http:\/\/avozdecambra.pt\/index.php?rest_route=%2Fwp%2Fv2%2Fcategories&post=12981"},{"taxonomy":"post_tag","embeddable":true,"href":"http:\/\/avozdecambra.pt\/index.php?rest_route=%2Fwp%2Fv2%2Ftags&post=12981"}],"curies":[{"name":"wp","href":"https:\/\/api.w.org\/{rel}","templated":true}]}}