{"id":13018,"date":"2025-09-04T19:47:19","date_gmt":"2025-09-04T19:47:19","guid":{"rendered":"http:\/\/avozdecambra.pt\/?p=13018"},"modified":"2025-09-04T19:47:20","modified_gmt":"2025-09-04T19:47:20","slug":"cae-apresenta-programacao-ate-dezembro-e-regista-forte-adesao-de-publico-no-primeiro-quadrimestre-2","status":"publish","type":"post","link":"http:\/\/avozdecambra.pt\/?p=13018","title":{"rendered":"CAE apresenta programa\u00e7\u00e3o at\u00e9 dezembro e regista &#8220;forte ades\u00e3o&#8221; de p\u00fablico no primeiro quadrimestre"},"content":{"rendered":"\n<p><strong>Centro de Artes e Espet\u00e1culos (CAE) de Vale de Cambra revela programa\u00e7\u00e3o \u201cdiversificada e multidisciplinar\u201d para o pr\u00f3ximo quadrimestre e faz balan\u00e7o positivo do n\u00famero de espetadores nos primeiros quatro meses de vida.&nbsp;<\/strong><\/p>\n\n\n\n<p><strong>Cristina Maria Santos <\/strong><\/p>\n\n\n\n<p>Foi no Caf\u00e9-Concerto do CAE de Vale de Cambra que a dire\u00e7\u00e3o do novo equipamento cultural do concelho anunciou \u00e0 comunica\u00e7\u00e3o social a programa\u00e7\u00e3o de setembro a dezembro. Nos pr\u00f3ximos quatro meses pontuam apresenta\u00e7\u00f5es teatrais, exposi\u00e7\u00f5es, m\u00fasica, dan\u00e7a, workshops, cinema, circo e muito mais. Propostas que prop\u00f5em um olhar atento e plural sobre o mundo que nos rodeia, reunindo artistas que nos confrontam com as grandes quest\u00f5es da humanidade.&nbsp;<\/p>\n\n\n\n<p>Com uma programa\u00e7\u00e3o diversificada e multidisciplinar, o CAE prop\u00f5e mais de 20 eventos que ocupam o equipamento cultural, a sua envolvente, mas tamb\u00e9m o Centro Cultural de Macieira de Cambra, com o objetivo de demonstrar o poder transformador da arte e da cultura em v\u00e1rios locais.<\/p>\n\n\n\n<p>Segundo o diretor art\u00edstico, a nova temporada do Centro de Artes e Espet\u00e1culos traz uma abordagem transversal e intergeracional, que reafirma a sua miss\u00e3o enquanto \u201clugar de encontro entre artistas e p\u00fablicos, entre passado e futuro, entre o local e o global\u201d.<\/p>\n\n\n\n<p><strong>Primeiros quatro meses com &#8220;forte ades\u00e3o&#8221; de p\u00fablico<\/strong><\/p>\n\n\n\n<p>Os eventos dos pr\u00f3ximos quatro meses, pretendem consolidar a trajet\u00f3ria de crescimento dos primeiros meses de vida do CAE, que superaram todas as expectativas.&nbsp;<\/p>\n\n\n\n<p>As antigas instala\u00e7\u00f5es do \u201cAntigo Cinema\u201d de Vale de Cambra deram lugar ao novo equipamento cultural, inaugurado a 10 de abril de 2025. Durante quatro meses, o CAE abriu um novo cap\u00edtulo na vida cultural na regi\u00e3o, numa l\u00f3gica de&nbsp;democracia cultural e envolvimento comunit\u00e1rio.&nbsp;<\/p>\n\n\n\n<p>O diretor art\u00edstico do CAE de Vale de Cambra, Jo\u00e3o Aidos, destacou, durante a apresenta\u00e7\u00e3o do programa, a import\u00e2ncia do projecto para a requalifica\u00e7\u00e3o humana e art\u00edstica da cidade de Vale de Cambra, sublinhando a diversidade de iniciativas pensadas para diferentes p\u00fablicos e contextos.&nbsp;<\/p>\n\n\n\n<p><em>Leia a not\u00edcia na integra, na edi\u00e7\u00e3o impressa 1110, do jornal Voz de Cambra<\/em>!<\/p>\n\n\n\n<pre class=\"wp-block-code\"><code><strong><mark style=\"background-color:rgba(0, 0, 0, 0)\" class=\"has-inline-color has-vivid-cyan-blue-color\">PROGRAMA\u00c7\u00c3O<\/mark><\/strong><\/code><\/pre>\n\n\n\n<h3 class=\"wp-block-heading\"><strong><mark style=\"background-color:rgba(0, 0, 0, 0)\" class=\"has-inline-color has-vivid-cyan-blue-color\">Espet\u00e1culos de Abertura<\/mark><\/strong><\/h3>\n\n\n\n<p>\u2022&nbsp;20 SET&nbsp;&#8211; &#8220;Nada&#8221;, da companhia Ferrer &amp; Weidmann, um espet\u00e1culo de dan\u00e7a vertical ao ar livre sobre guerra, ex\u00edlio, resist\u00eancia e esperan\u00e7a.<br>\u2022&nbsp;20 SET&nbsp;&#8211; &#8220;Solo&#8221;, concerto intimista de guitarra el\u00e9trica por Bruno Pernadas<br>\u2022&nbsp;20 SET a 20 DEZ&nbsp;&#8211; &#8220;Alentejo. Alentejo&#8221;, exposi\u00e7\u00e3o de escultura de Paulo Neves, que prop\u00f5e um di\u00e1logo entre dois elementos essenciais da paisagem alentejana: a pedra e a madeira.<\/p>\n\n\n\n<h3 class=\"wp-block-heading\"><strong><mark style=\"background-color:rgba(0, 0, 0, 0)\" class=\"has-inline-color has-vivid-cyan-blue-color\">Dan\u00e7a<\/mark><\/strong><\/h3>\n\n\n\n<p>\u2022&nbsp;03 OUT &#8211; &#8220;BirdsLAND&#8221;, um espet\u00e1culo de dan\u00e7a contempor\u00e2nea e teatro-dan\u00e7a da companhia Nadine Gerspacher.<\/p>\n\n\n\n<h3 class=\"wp-block-heading\"><strong><mark style=\"background-color:rgba(0, 0, 0, 0)\" class=\"has-inline-color has-vivid-cyan-blue-color\">M\u00fasica<\/mark><\/strong><\/h3>\n\n\n\n<p>\u2022&nbsp;18 OUT&nbsp;&#8211; B\u00e1rbara Tinoco<br>\u2022&nbsp;01 NOV&nbsp;&#8211; OMIRI, espet\u00e1culo com a participa\u00e7\u00e3o da comunidade local<br>\u2022&nbsp;08 NOV&nbsp;&#8211; Romeu Bairos apresenta &#8220;Rom\u00ea das F\u00fcrnas&#8221;, \u00e1lbum produzido por B Fachada.<br>\u2022&nbsp;22 NOV&nbsp;&#8211; &#8220;Radiohead Recomposed&#8221;, pela Orquestra de Jazz de Espinho<br>\u2022&nbsp;12 DEZ&nbsp;&#8211; C\u00edcero apresenta &#8220;Concerto 1&#8221;, fus\u00e3o entre m\u00fasica, teatro e cinema.<br>\u2022&nbsp;20 DEZ&nbsp;&#8211; Sofia Escobar e Banda Musical Flor da Mocidade Junqueirense<\/p>\n\n\n\n<h3 class=\"wp-block-heading\"><strong><mark style=\"background-color:rgba(0, 0, 0, 0)\" class=\"has-inline-color has-vivid-cyan-blue-color\">Teatro<\/mark><\/strong><\/h3>\n\n\n\n<p>\u2022&nbsp;11 OUT&nbsp;&#8211; &#8220;Amigos com Benef\u00edcios&#8221;, com\u00e9dia sobre aceita\u00e7\u00e3o, fam\u00edlia e respeito pelas diferen\u00e7as, com Sofia Alves, Diogo Lopes e Filipe Matos.<br>\u2022&nbsp;25 OUT&nbsp;&#8211; &#8220;Coro dos Amantes&#8221;, de Tiago Rodrigues, com Cl\u00e1udia Gaiolas e Ton\u00e1n Quito.<br>\u2022&nbsp;15 NOV&nbsp;&#8211; &#8220;Mon\u00f3logo de uma mulher chamada Maria com a sua patroa&#8221;, de Sara Barros Leit\u00e3o.<br>\u2022&nbsp;06 DEZ&nbsp;&#8211; &#8220;Uma Brancura Luminosa&#8221;, de Jon Fosse (Pr\u00e9mio Nobel da Literatura 2023), com Sandra Barata Belo e Ricardo Pereira.<\/p>\n\n\n\n<h3 class=\"wp-block-heading\"><strong><em><mark style=\"background-color:rgba(0, 0, 0, 0)\" class=\"has-inline-color has-vivid-cyan-blue-color\">Stand-up&nbsp;<\/mark><\/em><\/strong><\/h3>\n\n\n\n<p>\u2022&nbsp;28 NOV&nbsp;&#8211; &#8220;Premissas&#8221;, espet\u00e1culo de stand-up com Hugo Sousa<\/p>\n\n\n\n<h3 class=\"wp-block-heading\"><strong><mark style=\"background-color:rgba(0, 0, 0, 0)\" class=\"has-inline-color has-vivid-cyan-blue-color\">Fam\u00edlias, escolas e m\/65 anos<\/mark><\/strong><\/h3>\n\n\n\n<p>\u2022&nbsp;03 OUT&nbsp;&#8211; &#8220;A Dan\u00e7a de BirdsLAND&#8221;, workshop de dan\u00e7a contempor\u00e2nea baseado na pesquisa da pe\u00e7a &#8220;BirdsLAND&#8221;, dirigido a maiores de 12 anos com experi\u00eancia em dan\u00e7a contempor\u00e2nea, orientado por Nadine Gerspacher e Jonathan Sanch\u00e9z.<br>\u2022&nbsp;12 e 13 OUT&nbsp;&#8211; &#8220;As \u00c1rvores N\u00e3o T\u00eam Pernas para Andar&#8221;, de Joana Gama, que nos traz hist\u00f3rias sobre o mundo das \u00e1rvores com a ajuda de um pequeno grande instrumento: o toy piano.<br>\u2022&nbsp;09 e 10 NOV&nbsp;&#8211; &#8220;Conchas&#8221;, espet\u00e1culo de m\u00fasica e marionetas para beb\u00e9s e crian\u00e7as at\u00e9 aos 5 anos, cheio de mem\u00f3rias, sons e objetos trazidos pelo mar.<br>\u2022&nbsp;19 NOV&nbsp;&#8211; &#8220;Projeto Aurora&#8221;, de e com In\u00eas Melo que nos traz a hist\u00f3ria de Aurora Rodrigues, mulher que acreditou, at\u00e9 ao fim, que a Liberdade e a Democracia mereciam o seu sacrif\u00edcio. Para escolas do 3.\u00ba ciclo e ensino secund\u00e1rio, assim como para pessoas maiores de 65 anos.<br>\u2022&nbsp;14 e 15 DEZ&nbsp;&#8211; &#8220;Roda-Viva (a Menina e o C\u00edrculo)&#8221;, de Cl\u00e1udia N\u00f3voa, um espet\u00e1culo que combina circo, dan\u00e7a, desenho e m\u00fasica, numa viagem pelo territ\u00f3rio dos sonhos e da imagina\u00e7\u00e3o.<\/p>\n\n\n\n<h3 class=\"wp-block-heading\"><strong><mark style=\"background-color:rgba(0, 0, 0, 0)\" class=\"has-inline-color has-vivid-cyan-blue-color\">Projetos Comunit\u00e1rios<\/mark><\/strong><\/h3>\n\n\n\n<p>\u2022&nbsp;15 OUT a ABRIL 2026&nbsp;&#8211; Todas as quartas-feiras, das 15h00 \u00e0s 18h00 &#8211; &#8220;PANOS \u2013 Palcos Novos, Palavras Novas&#8221;: cria\u00e7\u00e3o do grupo de teatro juvenil do CAE, dirigido por Jo\u00e3o Amorim, para jovens entre os 12 e os 19 anos. Inscri\u00e7\u00f5es abertas at\u00e9 3 de outubro<\/p>\n\n\n\n<p>\u2022&nbsp;01 NOV&nbsp;\u2013 OMIRI \u2013 espet\u00e1culo cocriado com base na mem\u00f3ria visual e sonora da comunidade local<\/p>\n\n\n\n<h3 class=\"wp-block-heading\"><strong><mark style=\"background-color:rgba(0, 0, 0, 0)\" class=\"has-inline-color has-vivid-cyan-blue-color\">Para l\u00e1 do CAE<\/mark><\/strong><\/h3>\n\n\n\n<p>26 e 27 SET \u2013 \u201cN\u00f3s \u2013 Palcos do mundo\u201d, do Teatro do Bolh\u00e3o, um espet\u00e1culo que acontece na antiga f\u00e1brica Martins&amp;Rebello, no \u00e2mbito de um projeto de inova\u00e7\u00e3o social dedicado ao processo de inclus\u00e3o social da comunidade migrante, por via das artes, da ADRIMAG em parceria com o Teatro do Bolh\u00e3o e os munic\u00edpios de Arouca, Castelo de Paiva e Vale de Cambra. Uma iniciativa Portugal Inova\u00e7\u00e3o Social. Projeto cofinanciado pela Uni\u00e3o Europeia, atrav\u00e9s do Fundo Social Europeu.<\/p>\n","protected":false},"excerpt":{"rendered":"<p>Centro de Artes e Espet\u00e1culos (CAE) de Vale de Cambra revela programa\u00e7\u00e3o \u201cdiversificada e multidisciplinar\u201d para o pr\u00f3ximo quadrimestre e faz balan\u00e7o positivo do n\u00famero de espetadores nos primeiros quatro meses de vida.&nbsp; Cristina Maria Santos Foi no Caf\u00e9-Concerto do CAE de Vale de Cambra que a dire\u00e7\u00e3o do novo equipamento cultural do concelho anunciou<\/p>\n","protected":false},"author":5,"featured_media":13019,"comment_status":"open","ping_status":"open","sticky":false,"template":"","format":"standard","meta":{"_monsterinsights_skip_tracking":false,"_monsterinsights_sitenote_active":false,"_monsterinsights_sitenote_note":"","_monsterinsights_sitenote_category":0,"footnotes":""},"categories":[585,1],"tags":[1092],"class_list":{"0":"post-13018","1":"post","2":"type-post","3":"status-publish","4":"format-standard","5":"has-post-thumbnail","7":"category-agenda","8":"category-atual","9":"tag-cae-vale-de-cambra"},"aioseo_notices":[],"_links":{"self":[{"href":"http:\/\/avozdecambra.pt\/index.php?rest_route=\/wp\/v2\/posts\/13018","targetHints":{"allow":["GET"]}}],"collection":[{"href":"http:\/\/avozdecambra.pt\/index.php?rest_route=\/wp\/v2\/posts"}],"about":[{"href":"http:\/\/avozdecambra.pt\/index.php?rest_route=\/wp\/v2\/types\/post"}],"author":[{"embeddable":true,"href":"http:\/\/avozdecambra.pt\/index.php?rest_route=\/wp\/v2\/users\/5"}],"replies":[{"embeddable":true,"href":"http:\/\/avozdecambra.pt\/index.php?rest_route=%2Fwp%2Fv2%2Fcomments&post=13018"}],"version-history":[{"count":1,"href":"http:\/\/avozdecambra.pt\/index.php?rest_route=\/wp\/v2\/posts\/13018\/revisions"}],"predecessor-version":[{"id":13020,"href":"http:\/\/avozdecambra.pt\/index.php?rest_route=\/wp\/v2\/posts\/13018\/revisions\/13020"}],"wp:featuredmedia":[{"embeddable":true,"href":"http:\/\/avozdecambra.pt\/index.php?rest_route=\/wp\/v2\/media\/13019"}],"wp:attachment":[{"href":"http:\/\/avozdecambra.pt\/index.php?rest_route=%2Fwp%2Fv2%2Fmedia&parent=13018"}],"wp:term":[{"taxonomy":"category","embeddable":true,"href":"http:\/\/avozdecambra.pt\/index.php?rest_route=%2Fwp%2Fv2%2Fcategories&post=13018"},{"taxonomy":"post_tag","embeddable":true,"href":"http:\/\/avozdecambra.pt\/index.php?rest_route=%2Fwp%2Fv2%2Ftags&post=13018"}],"curies":[{"name":"wp","href":"https:\/\/api.w.org\/{rel}","templated":true}]}}