{"id":13193,"date":"2025-10-08T22:36:37","date_gmt":"2025-10-08T22:36:37","guid":{"rendered":"http:\/\/avozdecambra.pt\/?p=13193"},"modified":"2025-10-09T12:15:51","modified_gmt":"2025-10-09T12:15:51","slug":"autarquicas-presidente-da-federacao-de-aveiro-ps-a-candidatura-de-vale-de-cambra-honra-o-ps-pela-qualidade-dos-seus-candidatos","status":"publish","type":"post","link":"http:\/\/avozdecambra.pt\/?p=13193","title":{"rendered":"AUT\u00c1RQUICAS. Presidente da Federa\u00e7\u00e3o de Aveiro: \u201cA candidatura de Vale de Cambra honra o PS pela qualidade dos seus candidatos\u201d"},"content":{"rendered":"\n<p><strong>O presidente da Federa\u00e7\u00e3o de Aveiro do Partido Socialista veio a Vale de C\u00e2mara mostrar \u201ctoda a disponibilidade\u201d para, em conjunto, \u201cservir\u201d o concelho com \u201cproximidade e compromisso\u201d, disse Hugo Oliveira na apresenta\u00e7\u00e3o de candidatura do Partido \u00e0 C\u00e2mara de Vale de Cambra.&nbsp;<\/strong><\/p>\n\n\n\n<p><strong>Cristina Maria Santos<\/strong><\/p>\n\n\n\n<p>No \u00e2mbito da agenda da candidatura do Partido Socialista de Vale de Cambra, liderada por Nelson Martins, Hugo Oliveira veio participar no com\u00edcio que decorreu na Escola das Dairas.&nbsp;<\/p>\n\n\n\n<p>\u201cEsta candidatura honra o PS pela qualidade dos seus candidatos\u201d referiu o presidente da Federa\u00e7\u00e3o de Aveiro, depois de conhecer os candidatos \u00e0 c\u00e2mara, assembleia municipal e juntas de freguesia.&nbsp;<\/p>\n\n\n\n<p>\u201cGente humilde, com capacidades para resolver os problemas que o concelho enfrenta, entre outros, nomeadamente, na habita\u00e7\u00e3o, na promo\u00e7\u00e3o do seu territ\u00f3rio, porque tem potencial tur\u00edstico\u201d, sublinhou Hugo Oliveira.&nbsp;<\/p>\n\n\n\n<p>O l\u00edder distrital disse que a equipa est\u00e1 preparada para o desafio aut\u00e1rquico de 12 de outubro e elogiou a coragem dos candidatos,&nbsp;num concelho onde as elei\u00e7\u00f5es \u201cnunca foram f\u00e1ceis para o PS\u201d. O partido nunca venceu as elei\u00e7\u00f5es em Vale de Cambra, mas tem conseguido eleger vereadores na C\u00e2mara de Vale de Cambra. &nbsp;<\/p>\n\n\n\n<p>O candidato \u00e0 C\u00e2mara de Vale de Cambra, Nelson Martins quer contribuir para esta mudan\u00e7a e, para isso, conta com uma equipa \u201ccoesa\u201d e \u201ccom vontade de servir\u201d. Lembrou que a equipa tem percorrido as freguesias do concelho e se apercebido que cada vez mais n\u00e3o h\u00e1 coes\u00e3o territorial.<\/p>\n\n\n\n<p>Nelson Martins fala de assimetrias a n\u00edvel de infraestruturas, na habita\u00e7\u00e3o, na cultura, em acessibilidades, mobilidade e fixa\u00e7\u00e3o de popula\u00e7\u00e3o. O candidato pretende criar a marca \u201cCambra\u201d e, atrav\u00e9s dela, fazer com que \u201cas pessoas tenham vontade de viver em Vale de Cambra\u201d.&nbsp;<\/p>\n\n\n\n<p>O evento serviu ainda para apresentar o candidato \u00e0 junta de freguesia de S. Pedro de Castel\u00f5es, Manuel Silva, mas tamb\u00e9m estiveram presentes os candidatos \u00e0s tr\u00eas freguesias: Cepelos, Francisco Monteiro, Macieira de Cambra, com Victor Tavares que se recandidata \u00e0 junta, e Amilcar Braga que \u00e9 candidato \u00e0 Uni\u00e3o de Freguesias de Vila Ch\u00e3, Codal e Vila Cova de Perrinho.&nbsp;<\/p>\n\n\n\n<p>Presente, esteve tamb\u00e9m a candidata \u00e0 Assembleia Municipal, Joana Almeida que promete \u201cajudar o concelho a evoluir\u201d e o mandat\u00e1rio, Albino Almeida. <\/p>\n\n\n\n<p>&nbsp;<\/p>\n\n\n\n<figure class=\"wp-block-image size-large\"><img loading=\"lazy\" decoding=\"async\" width=\"1024\" height=\"576\" src=\"http:\/\/avozdecambra.pt\/wp-content\/uploads\/2025\/10\/777-1024x576.jpg\" alt=\"\" class=\"wp-image-13194\" srcset=\"http:\/\/avozdecambra.pt\/wp-content\/uploads\/2025\/10\/777-1024x576.jpg 1024w, http:\/\/avozdecambra.pt\/wp-content\/uploads\/2025\/10\/777-300x169.jpg 300w, http:\/\/avozdecambra.pt\/wp-content\/uploads\/2025\/10\/777-768x432.jpg 768w, http:\/\/avozdecambra.pt\/wp-content\/uploads\/2025\/10\/777-150x84.jpg 150w, http:\/\/avozdecambra.pt\/wp-content\/uploads\/2025\/10\/777-450x253.jpg 450w, http:\/\/avozdecambra.pt\/wp-content\/uploads\/2025\/10\/777.jpg 1200w\" sizes=\"auto, (max-width: 1024px) 100vw, 1024px\" \/><\/figure>\n\n\n\n<figure class=\"wp-block-image size-large\"><img loading=\"lazy\" decoding=\"async\" width=\"1024\" height=\"576\" src=\"http:\/\/avozdecambra.pt\/wp-content\/uploads\/2025\/10\/10-1024x576.jpg\" alt=\"\" class=\"wp-image-13195\" srcset=\"http:\/\/avozdecambra.pt\/wp-content\/uploads\/2025\/10\/10-1024x576.jpg 1024w, http:\/\/avozdecambra.pt\/wp-content\/uploads\/2025\/10\/10-300x169.jpg 300w, http:\/\/avozdecambra.pt\/wp-content\/uploads\/2025\/10\/10-768x432.jpg 768w, http:\/\/avozdecambra.pt\/wp-content\/uploads\/2025\/10\/10-150x84.jpg 150w, http:\/\/avozdecambra.pt\/wp-content\/uploads\/2025\/10\/10-450x253.jpg 450w, http:\/\/avozdecambra.pt\/wp-content\/uploads\/2025\/10\/10.jpg 1200w\" sizes=\"auto, (max-width: 1024px) 100vw, 1024px\" \/><\/figure>\n\n\n\n<figure class=\"wp-block-image size-large is-resized\"><img loading=\"lazy\" decoding=\"async\" src=\"http:\/\/avozdecambra.pt\/wp-content\/uploads\/2025\/10\/888-1024x576.jpg\" alt=\"\" class=\"wp-image-13196\" width=\"780\" height=\"438\" srcset=\"http:\/\/avozdecambra.pt\/wp-content\/uploads\/2025\/10\/888-1024x576.jpg 1024w, http:\/\/avozdecambra.pt\/wp-content\/uploads\/2025\/10\/888-300x169.jpg 300w, http:\/\/avozdecambra.pt\/wp-content\/uploads\/2025\/10\/888-768x432.jpg 768w, http:\/\/avozdecambra.pt\/wp-content\/uploads\/2025\/10\/888-150x84.jpg 150w, http:\/\/avozdecambra.pt\/wp-content\/uploads\/2025\/10\/888-450x253.jpg 450w, http:\/\/avozdecambra.pt\/wp-content\/uploads\/2025\/10\/888.jpg 1200w\" sizes=\"auto, (max-width: 780px) 100vw, 780px\" \/><\/figure>\n\n\n\n<figure class=\"wp-block-image size-large\"><img loading=\"lazy\" decoding=\"async\" width=\"1024\" height=\"576\" src=\"http:\/\/avozdecambra.pt\/wp-content\/uploads\/2025\/10\/999-1024x576.jpg\" alt=\"\" class=\"wp-image-13197\" srcset=\"http:\/\/avozdecambra.pt\/wp-content\/uploads\/2025\/10\/999-1024x576.jpg 1024w, http:\/\/avozdecambra.pt\/wp-content\/uploads\/2025\/10\/999-300x169.jpg 300w, http:\/\/avozdecambra.pt\/wp-content\/uploads\/2025\/10\/999-768x432.jpg 768w, http:\/\/avozdecambra.pt\/wp-content\/uploads\/2025\/10\/999-150x84.jpg 150w, http:\/\/avozdecambra.pt\/wp-content\/uploads\/2025\/10\/999-450x253.jpg 450w, http:\/\/avozdecambra.pt\/wp-content\/uploads\/2025\/10\/999.jpg 1200w\" sizes=\"auto, (max-width: 1024px) 100vw, 1024px\" \/><\/figure>\n","protected":false},"excerpt":{"rendered":"<p>O presidente da Federa\u00e7\u00e3o de Aveiro do Partido Socialista veio a Vale de C\u00e2mara mostrar \u201ctoda a disponibilidade\u201d para, em conjunto, \u201cservir\u201d o concelho com \u201cproximidade e compromisso\u201d, disse Hugo Oliveira na apresenta\u00e7\u00e3o de candidatura do Partido \u00e0 C\u00e2mara de Vale de Cambra.&nbsp; Cristina Maria Santos No \u00e2mbito da agenda da candidatura do Partido Socialista<\/p>\n","protected":false},"author":5,"featured_media":13198,"comment_status":"open","ping_status":"open","sticky":false,"template":"","format":"standard","meta":{"_monsterinsights_skip_tracking":false,"_monsterinsights_sitenote_active":false,"_monsterinsights_sitenote_note":"","_monsterinsights_sitenote_category":0,"footnotes":""},"categories":[1086],"tags":[1121,1009],"class_list":{"0":"post-13193","1":"post","2":"type-post","3":"status-publish","4":"format-standard","5":"has-post-thumbnail","7":"category-autarquicas-2025-2","8":"tag-autarquicas-2025","9":"tag-ps-vale-de-cambra"},"aioseo_notices":[],"_links":{"self":[{"href":"http:\/\/avozdecambra.pt\/index.php?rest_route=\/wp\/v2\/posts\/13193","targetHints":{"allow":["GET"]}}],"collection":[{"href":"http:\/\/avozdecambra.pt\/index.php?rest_route=\/wp\/v2\/posts"}],"about":[{"href":"http:\/\/avozdecambra.pt\/index.php?rest_route=\/wp\/v2\/types\/post"}],"author":[{"embeddable":true,"href":"http:\/\/avozdecambra.pt\/index.php?rest_route=\/wp\/v2\/users\/5"}],"replies":[{"embeddable":true,"href":"http:\/\/avozdecambra.pt\/index.php?rest_route=%2Fwp%2Fv2%2Fcomments&post=13193"}],"version-history":[{"count":2,"href":"http:\/\/avozdecambra.pt\/index.php?rest_route=\/wp\/v2\/posts\/13193\/revisions"}],"predecessor-version":[{"id":13201,"href":"http:\/\/avozdecambra.pt\/index.php?rest_route=\/wp\/v2\/posts\/13193\/revisions\/13201"}],"wp:featuredmedia":[{"embeddable":true,"href":"http:\/\/avozdecambra.pt\/index.php?rest_route=\/wp\/v2\/media\/13198"}],"wp:attachment":[{"href":"http:\/\/avozdecambra.pt\/index.php?rest_route=%2Fwp%2Fv2%2Fmedia&parent=13193"}],"wp:term":[{"taxonomy":"category","embeddable":true,"href":"http:\/\/avozdecambra.pt\/index.php?rest_route=%2Fwp%2Fv2%2Fcategories&post=13193"},{"taxonomy":"post_tag","embeddable":true,"href":"http:\/\/avozdecambra.pt\/index.php?rest_route=%2Fwp%2Fv2%2Ftags&post=13193"}],"curies":[{"name":"wp","href":"https:\/\/api.w.org\/{rel}","templated":true}]}}