{"id":13205,"date":"2025-10-09T21:24:51","date_gmt":"2025-10-09T21:24:51","guid":{"rendered":"http:\/\/avozdecambra.pt\/?p=13205"},"modified":"2025-10-10T08:20:31","modified_gmt":"2025-10-10T08:20:31","slug":"autarquicas-andre-ventura-era-importante-que-tivessemos-uma-grande-vitoria-em-vale-de-cambra-e-em-todo-o-distrito","status":"publish","type":"post","link":"http:\/\/avozdecambra.pt\/?p=13205","title":{"rendered":"AUT\u00c1RQUICAS. Andr\u00e9 Ventura: \u201cEra importante que tiv\u00e9ssemos uma grande vit\u00f3ria em Vale de Cambra e em todo o distrito\u201d"},"content":{"rendered":"\n<p><strong>Andr\u00e9 Ventura veio a Vale de Cambra para uma a\u00e7\u00e3o de campanha no \u00e2mbito das elei\u00e7\u00f5es aut\u00e1rquicas do pr\u00f3ximo domingo, dia 12. Entre fotografias e cumprimentos dos apoiantes, o presidente do Chega disse que est\u00e1 confiante numa vit\u00f3ria em Vale de Cambra, bem como em todos os concelhos do distrito de Aveiro. &nbsp;<\/strong><\/p>\n\n\n\n<p><strong>Cristina Maria Santos&nbsp;<\/strong><\/p>\n\n\n\n<p>Andr\u00e9 Ventura chama ao palco, montado pelo Partido na Pra\u00e7a Comendador Alvaro Pinho da Costa Leite, o candidato de Vale de Cambra, Manuel Campos e, com ele, gritou: \u201cvit\u00f3ria\u201d.&nbsp;<\/p>\n\n\n\n<p>O presidente do Partido pede aplausos \u00e0 candidatura do Chega de Vale de Cambra, \u201cpela for\u00e7a, pela f\u00e9 e por acreditar que \u00e9 poss\u00edvel mudar\u201d.&nbsp;<\/p>\n\n\n\n<p>Para o presidente do Partido, este \u00e9 um sinal de vit\u00f3ria neste concelho, mas tamb\u00e9m no distrito de Aveiro, por onde passou naquele dia.<\/p>\n\n\n\n<p>Andr\u00e9 Ventura admite que os candidatos que aceitam \u201cdar a cara por um partido que quer mesmo transformar o pa\u00eds\u201d, provocam \u201crea\u00e7\u00f5es de toda a gente\u201d.&nbsp;<\/p>\n\n\n\n<p>\u201cEu sei que muitos arriscam a sua vida, arriscam a sua carreira, arriscam a sua fam\u00edlia\u201d, sublinhou.&nbsp;<\/p>\n\n\n\n<p>A Manuel Campos e a todos os candidatos do Chega, Andr\u00e9 Ventura pede que sejam \u201co primeiro exemplo do que \u00e9 governar \u00e0 Chega\u201d.&nbsp;<\/p>\n\n\n\n<p>O l\u00edder do Partido faz um apelo ao voto e pede confian\u00e7a nos seus autarcas e no trabalho desenvolvido de proximidade.&nbsp;<\/p>\n\n\n\n<p>\u201cNingu\u00e9m ter\u00e1 mais responsabilidade na vossa vida de proximidade do que os nossos autarcas. N\u00f3s procuramos ter autarcas de proximidade, de confian\u00e7a, de justi\u00e7a e sobretudo com uma vontade inabal\u00e1vel de mudar o pa\u00eds\u201d, frisou.&nbsp;<\/p>\n\n\n\n<p>Andr\u00e9 Ventura n\u00e3o se esqueceu que estava no distrito de origem do primeiro-ministro Lu\u00eds Montenegro, natural de Espinho e disse esperar que lhe seja dado um \u201ccart\u00e3o vermelho\u201d nestas aut\u00e1rquicas, uma vez que \u201cas coisas n\u00e3o est\u00e3o bem em Portugal\u201d e que \u201ca sa\u00fade do governo n\u00e3o est\u00e1 boa\u201d.&nbsp;<\/p>\n\n\n\n<p>O candidato do Chega em Vale de Cambra, Manuel Campos, tamb\u00e9m tomou a palavra para dizer que, com ele, est\u00e3o &#8220;guerreiros&#8221;, que t\u00eam percorrido todo o concelho e t\u00eam encontrado idosos com uma reforma de 320 euros e, em contrapartida, &#8220;pessoas que n\u00e3o querem trabalhar porque recebem 810 euros&#8221;.&nbsp;Disse ainda que esta candidatura tem como objetivo, &#8220;cuidar das crian\u00e7as e dos jovens, para que tenham o futuro que merecem&#8221; e &#8220;cuidar dos idosos, para que tenham uma vida mais digna&#8221;.  <\/p>\n\n\n\n<p>Manuel Campos lembrou que a equipa que tem para a C\u00e2mara, Assembleia e freguesias, &#8220;s\u00e3o os verdadeiros her\u00f3is&#8221; e lamenta que sejam &#8220;discriminados e muitas vezes amea\u00e7ados&#8221;, concluiu. <\/p>\n\n\n\n<figure class=\"wp-block-image size-large\"><img loading=\"lazy\" decoding=\"async\" width=\"1024\" height=\"576\" src=\"http:\/\/avozdecambra.pt\/wp-content\/uploads\/2025\/10\/bbbb-1024x576.jpg\" alt=\"\" class=\"wp-image-13208\" srcset=\"http:\/\/avozdecambra.pt\/wp-content\/uploads\/2025\/10\/bbbb-1024x576.jpg 1024w, http:\/\/avozdecambra.pt\/wp-content\/uploads\/2025\/10\/bbbb-300x169.jpg 300w, http:\/\/avozdecambra.pt\/wp-content\/uploads\/2025\/10\/bbbb-768x432.jpg 768w, http:\/\/avozdecambra.pt\/wp-content\/uploads\/2025\/10\/bbbb-150x84.jpg 150w, http:\/\/avozdecambra.pt\/wp-content\/uploads\/2025\/10\/bbbb-450x253.jpg 450w, http:\/\/avozdecambra.pt\/wp-content\/uploads\/2025\/10\/bbbb.jpg 1200w\" sizes=\"auto, (max-width: 1024px) 100vw, 1024px\" \/><\/figure>\n\n\n\n<figure class=\"wp-block-image size-large is-resized\"><img loading=\"lazy\" decoding=\"async\" src=\"http:\/\/avozdecambra.pt\/wp-content\/uploads\/2025\/10\/xxx-1024x576.jpg\" alt=\"\" class=\"wp-image-13207\" width=\"780\" height=\"438\" srcset=\"http:\/\/avozdecambra.pt\/wp-content\/uploads\/2025\/10\/xxx-1024x576.jpg 1024w, http:\/\/avozdecambra.pt\/wp-content\/uploads\/2025\/10\/xxx-300x169.jpg 300w, http:\/\/avozdecambra.pt\/wp-content\/uploads\/2025\/10\/xxx-768x432.jpg 768w, http:\/\/avozdecambra.pt\/wp-content\/uploads\/2025\/10\/xxx-150x84.jpg 150w, http:\/\/avozdecambra.pt\/wp-content\/uploads\/2025\/10\/xxx-450x253.jpg 450w, http:\/\/avozdecambra.pt\/wp-content\/uploads\/2025\/10\/xxx.jpg 1200w\" sizes=\"auto, (max-width: 780px) 100vw, 780px\" \/><\/figure>\n\n\n\n<p><\/p>\n","protected":false},"excerpt":{"rendered":"<p>Andr\u00e9 Ventura veio a Vale de Cambra para uma a\u00e7\u00e3o de campanha no \u00e2mbito das elei\u00e7\u00f5es aut\u00e1rquicas do pr\u00f3ximo domingo, dia 12. Entre fotografias e cumprimentos dos apoiantes, o presidente do Chega disse que est\u00e1 confiante numa vit\u00f3ria em Vale de Cambra, bem como em todos os concelhos do distrito de Aveiro. &nbsp; Cristina Maria<\/p>\n","protected":false},"author":5,"featured_media":13213,"comment_status":"open","ping_status":"open","sticky":false,"template":"","format":"standard","meta":{"_monsterinsights_skip_tracking":false,"_monsterinsights_sitenote_active":false,"_monsterinsights_sitenote_note":"","_monsterinsights_sitenote_category":0,"footnotes":""},"categories":[1086],"tags":[1145,1121,1144],"class_list":{"0":"post-13205","1":"post","2":"type-post","3":"status-publish","4":"format-standard","5":"has-post-thumbnail","7":"category-autarquicas-2025-2","8":"tag-andre-ventura","9":"tag-autarquicas-2025","10":"tag-chega-de-vale-de-cambra"},"aioseo_notices":[],"_links":{"self":[{"href":"http:\/\/avozdecambra.pt\/index.php?rest_route=\/wp\/v2\/posts\/13205","targetHints":{"allow":["GET"]}}],"collection":[{"href":"http:\/\/avozdecambra.pt\/index.php?rest_route=\/wp\/v2\/posts"}],"about":[{"href":"http:\/\/avozdecambra.pt\/index.php?rest_route=\/wp\/v2\/types\/post"}],"author":[{"embeddable":true,"href":"http:\/\/avozdecambra.pt\/index.php?rest_route=\/wp\/v2\/users\/5"}],"replies":[{"embeddable":true,"href":"http:\/\/avozdecambra.pt\/index.php?rest_route=%2Fwp%2Fv2%2Fcomments&post=13205"}],"version-history":[{"count":2,"href":"http:\/\/avozdecambra.pt\/index.php?rest_route=\/wp\/v2\/posts\/13205\/revisions"}],"predecessor-version":[{"id":13210,"href":"http:\/\/avozdecambra.pt\/index.php?rest_route=\/wp\/v2\/posts\/13205\/revisions\/13210"}],"wp:featuredmedia":[{"embeddable":true,"href":"http:\/\/avozdecambra.pt\/index.php?rest_route=\/wp\/v2\/media\/13213"}],"wp:attachment":[{"href":"http:\/\/avozdecambra.pt\/index.php?rest_route=%2Fwp%2Fv2%2Fmedia&parent=13205"}],"wp:term":[{"taxonomy":"category","embeddable":true,"href":"http:\/\/avozdecambra.pt\/index.php?rest_route=%2Fwp%2Fv2%2Fcategories&post=13205"},{"taxonomy":"post_tag","embeddable":true,"href":"http:\/\/avozdecambra.pt\/index.php?rest_route=%2Fwp%2Fv2%2Ftags&post=13205"}],"curies":[{"name":"wp","href":"https:\/\/api.w.org\/{rel}","templated":true}]}}