{"id":13300,"date":"2025-10-15T10:32:00","date_gmt":"2025-10-15T10:32:00","guid":{"rendered":"http:\/\/avozdecambra.pt\/?p=13300"},"modified":"2025-10-17T22:39:57","modified_gmt":"2025-10-17T22:39:57","slug":"autarquicas-vale-de-cambra-miguel-aguiar-soares-psd-assume-derrota-e-rejeita-assumir-qualquer-pelouro-no-executivo-liderado-pelo-cds-pp","status":"publish","type":"post","link":"http:\/\/avozdecambra.pt\/?p=13300","title":{"rendered":"AUT\u00c1RQUICAS\/Vale de Cambra. Miguel Aguiar Soares (PSD) assume derrota e rejeita aceitar qualquer pelouro no executivo liderado pelo CDS"},"content":{"rendered":"\n<p><strong>Miguel Aguiar Soares, candidato do PSD \u00e0 C\u00e2mara assumiu a derrota, enquanto candidato \u00e0 C\u00e2mara, por apenas menos 273 votos (36,55%) face ao candidato eleito pelo CDS-PP (38,54%). Miguel Aguiar Soares vai assumir a verea\u00e7\u00e3o, mas rejeita aceitar qualquer pelouro no executivo liderado pelo CDS-PP, revelou ao Voz de Cambra, na noite eleitoral.<\/strong><\/p>\n\n\n\n<p><strong>Cristina Maria Santos <\/strong><\/p>\n\n\n\n<p>Miguel Aguiar Soares, disse que \u201cVale de Cambra vale muito mais\u201d e, por isso, promete uma \u201coposi\u00e7\u00e3o rigorosa e firme\u201d, mas assegura que n\u00e3o ir\u00e1 aceitar nenhum pelouro, por n\u00e3o acreditar no projeto e na equipa que vai integrar o pr\u00f3ximo executivo municipal.&nbsp;<\/p>\n\n\n\n<p>\u201cN\u00e3o integrarei um executivo formado por esta equipa em que, muito sinceramente, n\u00e3o acredito\u201d, revelou o candidato ao Voz de Cambra&nbsp; na noite eleitoral.<\/p>\n\n\n\n<p>Apesar de n\u00e3o querer fazer parte da gest\u00e3o camar\u00e1ria, com pelouro atribu\u00eddo, o candidato assegurou que ser\u00e1 um vereador que n\u00e3o abdicar\u00e1 do papel fiscalizador que lhe cabe na oposi\u00e7\u00e3o. Lembrou que o CDS ir\u00e1 ter do outro lado quatro vereadores, que acredita irem estar \u201calinhados\u201d e \u201cdesconfort\u00e1veis\u201d com aquilo que foi feito ao longo destes \u00faltimos 12 anos.<\/p>\n\n\n\n<p>\u201cEnquanto vereadores da C\u00e2mara Municipal, vamos vigiar atentamente e vamos questionar a legalidade de muitas das promessas que foram feitas pelo CDS, que corre um s\u00e9rio risco de perder mandatos se concretizar as promessas que foram feitas, sobretudo aquelas que visam favorecer os elementos constituintes das suas listas, e isso n\u00f3s n\u00e3o perdoaremos\u201d, assegurou.&nbsp;<\/p>\n\n\n\n<p>Os resultados das elei\u00e7\u00f5es aut\u00e1rquicas de 12 de outubro, o PSD registou um crescimento not\u00e1vel, passando de 14,1% em 2021 para 36,6% em 2025, tornando-se a segunda for\u00e7a pol\u00edtica do concelho. Conseguiu quatro das sete juntas de freguesia e a elei\u00e7\u00e3o de tr\u00eas mandatos na C\u00e2mara Municipal e nove mandatos na Assembleia Municipal.<\/p>\n\n\n\n<p><em>Leia a not\u00edcia na integra na edi\u00e7\u00e3o impressa n.\u00ba 1111 do jornal Voz de Cambra!<\/em><\/p>\n","protected":false},"excerpt":{"rendered":"<p>Miguel Aguiar Soares, candidato do PSD \u00e0 C\u00e2mara assumiu a derrota, enquanto candidato \u00e0 C\u00e2mara, por apenas menos 273 votos (36,55%) face ao candidato eleito pelo CDS-PP (38,54%). Miguel Aguiar Soares vai assumir a verea\u00e7\u00e3o, mas rejeita aceitar qualquer pelouro no executivo liderado pelo CDS-PP, revelou ao Voz de Cambra, na noite eleitoral. Cristina Maria<\/p>\n","protected":false},"author":5,"featured_media":13308,"comment_status":"open","ping_status":"open","sticky":false,"template":"","format":"standard","meta":{"_monsterinsights_skip_tracking":false,"_monsterinsights_sitenote_active":false,"_monsterinsights_sitenote_note":"","_monsterinsights_sitenote_category":0,"footnotes":""},"categories":[1086],"tags":[1121,172],"class_list":{"0":"post-13300","1":"post","2":"type-post","3":"status-publish","4":"format-standard","5":"has-post-thumbnail","7":"category-autarquicas-2025-2","8":"tag-autarquicas-2025","9":"tag-psd-de-vale-de-cambra"},"aioseo_notices":[],"_links":{"self":[{"href":"http:\/\/avozdecambra.pt\/index.php?rest_route=\/wp\/v2\/posts\/13300","targetHints":{"allow":["GET"]}}],"collection":[{"href":"http:\/\/avozdecambra.pt\/index.php?rest_route=\/wp\/v2\/posts"}],"about":[{"href":"http:\/\/avozdecambra.pt\/index.php?rest_route=\/wp\/v2\/types\/post"}],"author":[{"embeddable":true,"href":"http:\/\/avozdecambra.pt\/index.php?rest_route=\/wp\/v2\/users\/5"}],"replies":[{"embeddable":true,"href":"http:\/\/avozdecambra.pt\/index.php?rest_route=%2Fwp%2Fv2%2Fcomments&post=13300"}],"version-history":[{"count":5,"href":"http:\/\/avozdecambra.pt\/index.php?rest_route=\/wp\/v2\/posts\/13300\/revisions"}],"predecessor-version":[{"id":13311,"href":"http:\/\/avozdecambra.pt\/index.php?rest_route=\/wp\/v2\/posts\/13300\/revisions\/13311"}],"wp:featuredmedia":[{"embeddable":true,"href":"http:\/\/avozdecambra.pt\/index.php?rest_route=\/wp\/v2\/media\/13308"}],"wp:attachment":[{"href":"http:\/\/avozdecambra.pt\/index.php?rest_route=%2Fwp%2Fv2%2Fmedia&parent=13300"}],"wp:term":[{"taxonomy":"category","embeddable":true,"href":"http:\/\/avozdecambra.pt\/index.php?rest_route=%2Fwp%2Fv2%2Fcategories&post=13300"},{"taxonomy":"post_tag","embeddable":true,"href":"http:\/\/avozdecambra.pt\/index.php?rest_route=%2Fwp%2Fv2%2Ftags&post=13300"}],"curies":[{"name":"wp","href":"https:\/\/api.w.org\/{rel}","templated":true}]}}