{"id":13471,"date":"2025-12-05T17:34:00","date_gmt":"2025-12-05T17:34:00","guid":{"rendered":"http:\/\/avozdecambra.pt\/?p=13471"},"modified":"2025-12-12T20:59:32","modified_gmt":"2025-12-12T20:59:32","slug":"prio-abre-loja-prio-pronto-no-posto-de-abastecimento-de-vale-de-cambra","status":"publish","type":"post","link":"http:\/\/avozdecambra.pt\/?p=13471","title":{"rendered":"PRIO abre loja PRIO &#038; Pronto no posto de abastecimento de Vale de Cambra"},"content":{"rendered":"\n<p><strong>O posto PRIO de Vale de Cambra reabre a loja de conveni\u00eancia com um conceito renovado e solu\u00e7\u00f5es modernas que tornam a experi\u00eancia mais r\u00e1pida, pr\u00e1tica e confort\u00e1vel para os clientes.<\/strong><\/p>\n\n\n\n<p>O posto localizado na Avenida do Caima, junto \u00e0 rotunda dos Irm\u00e3os Mec\u00e2nicos, passou por uma renova\u00e7\u00e3o loja e dos servi\u00e7os dispon\u00edveis, com foco em facilitar a utiliza\u00e7\u00e3o di\u00e1ria e proporcionar maior conveni\u00eancia a todos os que o visitam.&nbsp;<\/p>\n\n\n\n<p>Aberto <strong>todos os dias<\/strong> entre as <strong>06h00 e as 22h00<\/strong>, o posto conta agora com uma <strong>loja PRIO &amp; Pronto, <\/strong>concebida para garantir conveni\u00eancia e rapidez, conta tamb\u00e9m com uma <strong>cafetaria<\/strong>, ideal para uma pausa confort\u00e1vel, e oferece um conjunto alargado de servi\u00e7os que v\u00e3o al\u00e9m do abastecimento de combust\u00edvel.<\/p>\n\n\n\n<p>Entre os produtos e servi\u00e7os disponibilizados neste posto destacam-se:<\/p>\n\n\n\n<p>\u2022 <strong>Caixa de Multibanco (ATM);<\/strong><\/p>\n\n\n\n<p>\u2022 <strong>Venda de g\u00e1s engarrafado, lubrificantes para ve\u00edculos e produtos de limpeza autom\u00f3vel;<\/strong><\/p>\n\n\n\n<p>\u2022 <strong>Raspadinhas e Payshop<\/strong>;<\/p>\n\n\n\n<p>\u2022 Plataforma <strong>Too Good To Go<\/strong>;<\/p>\n\n\n\n<p>\u2022 <strong>Lockers<\/strong> <strong>InPost <\/strong>para receber as suas encomendas e ponto de recolha <strong>NACEX;<\/strong><\/p>\n\n\n\n<p>\u2022 <strong>Ole\u00e3o<\/strong> dispon\u00edvel para entregar o seu \u00f3leo alimentar usado para reciclar;&nbsp;<\/p>\n\n\n\n<p>\u2022 <strong>Ilha de ar e \u00e1gua<\/strong>;<\/p>\n\n\n\n<p>\u2022 <strong>Lavagem Auto e aspira\u00e7\u00e3o<\/strong> para ve\u00edculos;&nbsp;<\/p>\n\n\n\n<p>\u2022 Abastecimento com <strong>Autog\u00e1s<\/strong>;<\/p>\n\n\n\n<p>\u2022 <strong>Gas\u00f3leo Profissional<\/strong>, com vantagens adicionais para empresas e profissionais;<\/p>\n\n\n\n<p>\u2022 <strong>Terminal de pagamento autom\u00e1tico <\/strong>na bomba<strong> dispon\u00edvel 24H<\/strong>;<\/p>\n\n\n\n<p>\u2022 <strong>Carregamento el\u00e9trico para ve\u00edculos<\/strong>;<\/p>\n\n\n\n<p>\u201cEsta remodela\u00e7\u00e3o representa mais um passo na nossa estrat\u00e9gia de moderniza\u00e7\u00e3o e proximidade com os clientes. Queremos que os postos PRIO continuem a ser espa\u00e7os funcionais e adaptados \u00e0s necessidades dos nossos clientes\u201d, sublinha <strong>Miguel Rangel, Diretor de Conveni\u00eancia e Marketing da PRIO.<\/strong><\/p>\n\n\n\n<p>At\u00e9 domingo, dia 7 de dezembro, no posto PRIO de Vale de Cambra, est\u00e1 em vigor a oferta de um caf\u00e9 (ou descafeinado) em qualquer compra ou abastecimento.<\/p>\n\n\n\n<p>Todos os dias, a PRIO disponibiliza energia de qualidade a pre\u00e7os baixos, diretos e descomplicados, aliada a solu\u00e7\u00f5es que tornam o dia-a-dia dos clientes mais simples e conveniente. Com estas melhorias, reafirma o seu compromisso com a inova\u00e7\u00e3o, a moderniza\u00e7\u00e3o e a satisfa\u00e7\u00e3o dos clientes, assegurando que cada visita ao posto seja r\u00e1pida e pr\u00e1tica.<\/p>\n\n\n\n<hr class=\"wp-block-separator has-alpha-channel-opacity\"\/>\n\n\n\n<p><strong><br>SOBRE A PRIO<\/strong><\/p>\n\n\n\n<p>A PRIO \u00e9 a maior produtora de biocombust\u00edveis em Portugal, produzindo-os a partir de mat\u00e9rias-primas residuais. Atrav\u00e9s dessa produ\u00e7\u00e3o, contribui para cerca de 1\/3 das emiss\u00f5es de CO2 evitadas na mobilidade em Portugal. Para levar a transi\u00e7\u00e3o energ\u00e9tica a pre\u00e7os acess\u00edveis a todos os portugueses, opera e abastece uma rede de mais de 250 esta\u00e7\u00f5es de servi\u00e7o de Norte a Sul de Portugal, nas quais oferece, para al\u00e9m dos combust\u00edveis l\u00edquidos tradicionais, solu\u00e7\u00f5es mais ricas em energia verde como o ECO Diesel e o ZERO Diesel, carregamento para ve\u00edculos el\u00e9tricos e abastecimento de ve\u00edculos a G\u00e1s (Autog\u00e1s). Em fun\u00e7\u00e3o das necessidades dos clientes tem solu\u00e7\u00f5es entre 7% a 100% de energia renov\u00e1vel, com maior efici\u00eancia que os combust\u00edveis tradicionais.<\/p>\n\n\n\n<p>Para assegurar a sua competitividade e transi\u00e7\u00e3o energ\u00e9tica acess\u00edvel nos combust\u00edveis l\u00edquidos e no Autog\u00e1s, a PRIO \u00e9 detentora de um conjunto de infraestruturas, situadas no porto de Aveiro, denominadas por \u201cComplexo PRIO Novas Energias\u201d onde compra, produz, transforma e armazena de forma independente diferentes solu\u00e7\u00f5es. Para promover a economia circular e poder produzir biodiesel avan\u00e7ado, a PRIO coordena a recolha de \u00f3leos alimentares usados e de outras mat\u00e9rias-primas residuais em mais de 600 pontos de recolha em Portugal, e valoriza mat\u00e9rias-primas residuais de setores t\u00e3o variados como os da produ\u00e7\u00e3o de margarinas, molhos, azeite e caf\u00e9s.<\/p>\n\n\n\n<p>Tem base operacional 100% portuguesa, \u00e9 a maior empresa do Distrito de Aveiro, uma das maiores empregadoras e investidoras do sector em Portugal e \u00e9 detentora de tripla certifica\u00e7\u00e3o QSA (Qualidade, Seguran\u00e7a e Ambiente).<\/p>\n\n\n\n<figure class=\"wp-block-image size-large\"><img loading=\"lazy\" decoding=\"async\" width=\"1024\" height=\"576\" src=\"http:\/\/avozdecambra.pt\/wp-content\/uploads\/2025\/12\/1-1-1024x576.png\" alt=\"\" class=\"wp-image-13476\" srcset=\"http:\/\/avozdecambra.pt\/wp-content\/uploads\/2025\/12\/1-1-1024x576.png 1024w, http:\/\/avozdecambra.pt\/wp-content\/uploads\/2025\/12\/1-1-300x169.png 300w, http:\/\/avozdecambra.pt\/wp-content\/uploads\/2025\/12\/1-1-768x432.png 768w, http:\/\/avozdecambra.pt\/wp-content\/uploads\/2025\/12\/1-1-150x84.png 150w, http:\/\/avozdecambra.pt\/wp-content\/uploads\/2025\/12\/1-1-450x253.png 450w, http:\/\/avozdecambra.pt\/wp-content\/uploads\/2025\/12\/1-1.png 1200w\" sizes=\"auto, (max-width: 1024px) 100vw, 1024px\" \/><\/figure>\n\n\n\n<figure class=\"wp-block-image size-large\"><img loading=\"lazy\" decoding=\"async\" width=\"1024\" height=\"576\" src=\"http:\/\/avozdecambra.pt\/wp-content\/uploads\/2025\/12\/2-1024x576.png\" alt=\"\" class=\"wp-image-13473\" srcset=\"http:\/\/avozdecambra.pt\/wp-content\/uploads\/2025\/12\/2-1024x576.png 1024w, http:\/\/avozdecambra.pt\/wp-content\/uploads\/2025\/12\/2-300x169.png 300w, http:\/\/avozdecambra.pt\/wp-content\/uploads\/2025\/12\/2-768x432.png 768w, http:\/\/avozdecambra.pt\/wp-content\/uploads\/2025\/12\/2-150x84.png 150w, http:\/\/avozdecambra.pt\/wp-content\/uploads\/2025\/12\/2-450x253.png 450w, http:\/\/avozdecambra.pt\/wp-content\/uploads\/2025\/12\/2.png 1200w\" sizes=\"auto, (max-width: 1024px) 100vw, 1024px\" \/><\/figure>\n\n\n\n<figure class=\"wp-block-image size-large\"><img loading=\"lazy\" decoding=\"async\" width=\"1024\" height=\"576\" src=\"http:\/\/avozdecambra.pt\/wp-content\/uploads\/2025\/12\/3-1-1024x576.png\" alt=\"\" class=\"wp-image-13474\" srcset=\"http:\/\/avozdecambra.pt\/wp-content\/uploads\/2025\/12\/3-1-1024x576.png 1024w, http:\/\/avozdecambra.pt\/wp-content\/uploads\/2025\/12\/3-1-300x169.png 300w, http:\/\/avozdecambra.pt\/wp-content\/uploads\/2025\/12\/3-1-768x432.png 768w, http:\/\/avozdecambra.pt\/wp-content\/uploads\/2025\/12\/3-1-150x84.png 150w, http:\/\/avozdecambra.pt\/wp-content\/uploads\/2025\/12\/3-1-450x253.png 450w, http:\/\/avozdecambra.pt\/wp-content\/uploads\/2025\/12\/3-1.png 1200w\" sizes=\"auto, (max-width: 1024px) 100vw, 1024px\" \/><\/figure>\n\n\n\n<figure class=\"wp-block-image size-large\"><img loading=\"lazy\" decoding=\"async\" width=\"1024\" height=\"576\" src=\"http:\/\/avozdecambra.pt\/wp-content\/uploads\/2025\/12\/4-1-1024x576.png\" alt=\"\" class=\"wp-image-13475\" srcset=\"http:\/\/avozdecambra.pt\/wp-content\/uploads\/2025\/12\/4-1-1024x576.png 1024w, http:\/\/avozdecambra.pt\/wp-content\/uploads\/2025\/12\/4-1-300x169.png 300w, http:\/\/avozdecambra.pt\/wp-content\/uploads\/2025\/12\/4-1-768x432.png 768w, http:\/\/avozdecambra.pt\/wp-content\/uploads\/2025\/12\/4-1-150x84.png 150w, http:\/\/avozdecambra.pt\/wp-content\/uploads\/2025\/12\/4-1-450x253.png 450w, http:\/\/avozdecambra.pt\/wp-content\/uploads\/2025\/12\/4-1.png 1200w\" sizes=\"auto, (max-width: 1024px) 100vw, 1024px\" \/><\/figure>\n","protected":false},"excerpt":{"rendered":"<p>O posto PRIO de Vale de Cambra reabre a loja de conveni\u00eancia com um conceito renovado e solu\u00e7\u00f5es modernas que tornam a experi\u00eancia mais r\u00e1pida, pr\u00e1tica e confort\u00e1vel para os clientes. O posto localizado na Avenida do Caima, junto \u00e0 rotunda dos Irm\u00e3os Mec\u00e2nicos, passou por uma renova\u00e7\u00e3o loja e dos servi\u00e7os dispon\u00edveis, com foco<\/p>\n","protected":false},"author":5,"featured_media":13477,"comment_status":"open","ping_status":"open","sticky":false,"template":"","format":"standard","meta":{"_monsterinsights_skip_tracking":false,"_monsterinsights_sitenote_active":false,"_monsterinsights_sitenote_note":"","_monsterinsights_sitenote_category":0,"footnotes":""},"categories":[20],"tags":[1160],"class_list":{"0":"post-13471","1":"post","2":"type-post","3":"status-publish","4":"format-standard","5":"has-post-thumbnail","7":"category-publireportagem","8":"tag-prio"},"aioseo_notices":[],"_links":{"self":[{"href":"http:\/\/avozdecambra.pt\/index.php?rest_route=\/wp\/v2\/posts\/13471","targetHints":{"allow":["GET"]}}],"collection":[{"href":"http:\/\/avozdecambra.pt\/index.php?rest_route=\/wp\/v2\/posts"}],"about":[{"href":"http:\/\/avozdecambra.pt\/index.php?rest_route=\/wp\/v2\/types\/post"}],"author":[{"embeddable":true,"href":"http:\/\/avozdecambra.pt\/index.php?rest_route=\/wp\/v2\/users\/5"}],"replies":[{"embeddable":true,"href":"http:\/\/avozdecambra.pt\/index.php?rest_route=%2Fwp%2Fv2%2Fcomments&post=13471"}],"version-history":[{"count":1,"href":"http:\/\/avozdecambra.pt\/index.php?rest_route=\/wp\/v2\/posts\/13471\/revisions"}],"predecessor-version":[{"id":13478,"href":"http:\/\/avozdecambra.pt\/index.php?rest_route=\/wp\/v2\/posts\/13471\/revisions\/13478"}],"wp:featuredmedia":[{"embeddable":true,"href":"http:\/\/avozdecambra.pt\/index.php?rest_route=\/wp\/v2\/media\/13477"}],"wp:attachment":[{"href":"http:\/\/avozdecambra.pt\/index.php?rest_route=%2Fwp%2Fv2%2Fmedia&parent=13471"}],"wp:term":[{"taxonomy":"category","embeddable":true,"href":"http:\/\/avozdecambra.pt\/index.php?rest_route=%2Fwp%2Fv2%2Fcategories&post=13471"},{"taxonomy":"post_tag","embeddable":true,"href":"http:\/\/avozdecambra.pt\/index.php?rest_route=%2Fwp%2Fv2%2Ftags&post=13471"}],"curies":[{"name":"wp","href":"https:\/\/api.w.org\/{rel}","templated":true}]}}