{"id":13626,"date":"2026-01-15T13:24:06","date_gmt":"2026-01-15T13:24:06","guid":{"rendered":"http:\/\/avozdecambra.pt\/?p=13626"},"modified":"2026-01-22T11:53:29","modified_gmt":"2026-01-22T11:53:29","slug":"nova-programacao-do-cae-de-vale-de-cambra-cruza-artes-e-publicos-ate-marco","status":"publish","type":"post","link":"http:\/\/avozdecambra.pt\/?p=13626","title":{"rendered":"Nova programa\u00e7\u00e3o do CAE de Vale de Cambra cruza artes e p\u00fablicos at\u00e9 mar\u00e7o"},"content":{"rendered":"\n<ul class=\"wp-block-list\">\n<li><strong>O que nos convoca a estar juntos? CAE de Vale de Cambra lan\u00e7a nova temporada<\/strong><\/li>\n<\/ul>\n\n\n\n<p><strong>O Centro de Artes e Espet\u00e1culos (CAE) de Vale de Cambra revelou a programa\u00e7\u00e3o para os meses de janeiro a mar\u00e7o de 2026, que marca o arranque da terceira temporada de atividade do equipamento cultural. A nova proposta parte da pergunta \u201co que \u00e9 que hoje nos convoca a estar juntos?\u201d e aposta numa programa\u00e7\u00e3o multidisciplinar que cruza m\u00fasica, teatro, dan\u00e7a, circo contempor\u00e2neo e artes visuais.<\/strong><\/p>\n\n\n\n<p><strong>Cristina Maria Santos <\/strong><\/p>\n\n\n\n<p>A temporada tem in\u00edcio a 11 de janeiro com <em>Johnny Johnson<\/em>, musical de Kurt Weill, numa produ\u00e7\u00e3o do Teatro Nacional S\u00e3o Carlos, e prolonga-se at\u00e9 mar\u00e7o, funcionando como antec\u00e2mara das comemora\u00e7\u00f5es do primeiro anivers\u00e1rio do CAE, previstas para abril.<\/p>\n\n\n\n<p>Ao longo dos primeiros meses do ano, o CAE recebe um conjunto alargado de criadores nacionais e internacionais. Entre os destaques est\u00e3o os m\u00fasicos Wim Mertens, Chico C\u00e9sar, Jo\u00e3o Pedro Pais e Pedro Branco, o core\u00f3grafo Paulo Ribeiro, o artista de circo contempor\u00e2neo Jo\u00e3o Paulo Santos e os ilustradores Ant\u00f3nio Jorge Gon\u00e7alves e Paula Delecave. A programa\u00e7\u00e3o inclui ainda produ\u00e7\u00f5es de estruturas e companhias como o Teatro Nacional S\u00e3o Carlos, o Teatro Nacional D. Maria II, o Teatro de Marionetas do Porto, a Formiga At\u00f3mica, a Imaginar do Gigante, a Cem Palcos e a Perip\u00e9cia Teatro.<\/p>\n\n\n\n<p>Para al\u00e9m de espet\u00e1culos dirigidos ao p\u00fablico em geral, a programa\u00e7\u00e3o contempla concertos, exposi\u00e7\u00f5es, propostas para fam\u00edlias e crian\u00e7as, atividades destinadas \u00e0s escolas e projetos participativos abertos \u00e0 comunidade, como <em>Anoitecer<\/em>. Segundo a organiza\u00e7\u00e3o, esta diversidade refor\u00e7a o papel do CAE como um espa\u00e7o de encontro entre a cria\u00e7\u00e3o art\u00edstica, os p\u00fablicos e o territ\u00f3rio.<\/p>\n\n\n\n<p><br>De acordo com o diretor art\u00edstico do CAE, Jo\u00e3o Aidos, esta terceira temporada de atividade parte da reflex\u00e3o sobre o que hoje re\u00fane as pessoas enquanto comunidade. \u201cN\u00e3o nos dirigimos a um p\u00fablico abstrato, mas a pessoas concretas, com hist\u00f3rias, mem\u00f3rias e tempos distintos\u201d, refere, sublinhando que a programa\u00e7\u00e3o se constr\u00f3i a partir da rela\u00e7\u00e3o entre experi\u00eancia individual e vida coletiva, abordando temas como perten\u00e7a, mem\u00f3ria, resist\u00eancia e transforma\u00e7\u00e3o.<\/p>\n\n\n\n<p><strong>\/\/PROGRAMA DETALHADO&nbsp;<\/strong><\/p>\n\n\n\n<p>11 JAN 2026 | dom. 15h30<\/p>\n\n\n\n<p><strong><em>Johnny Johnson<\/em><\/strong>, de Kurt Weill<\/p>\n\n\n\n<p>Musical | Produ\u00e7\u00e3o Teatro Nacional S\u00e3o Carlos<\/p>\n\n\n\n<p>16 JAN 2026 | sex. 10h30<\/p>\n\n\n\n<p><strong><em>Constru\u00e7\u00e3o de Livros de Mem\u00f3rias<\/em><\/strong><\/p>\n\n\n\n<p>Oficina de ilustra\u00e7\u00e3o com Paula Delecave | Escolas<\/p>\n\n\n\n<p>17 JAN 2026 | s\u00e1b. 17h00<\/p>\n\n\n\n<p>Inaugura\u00e7\u00e3o das exposi\u00e7\u00f5es de ilustra\u00e7\u00e3o<\/p>\n\n\n\n<p><strong><em>O av\u00f4 tem uma borracha na cabe\u00e7a<\/em><\/strong>, de Paula Delecave<\/p>\n\n\n\n<p><strong><em>Desenhar do Escuro<\/em><\/strong>, de Ant\u00f3nio Jorge Gon\u00e7alves<\/p>\n\n\n\n<p>(patentes at\u00e9 10 de abril de 2026)<\/p>\n\n\n\n<p>17 JAN 2026 | s\u00e1b. 17h30<\/p>\n\n\n\n<p><strong><em>Constru\u00e7\u00e3o de Livros de Mem\u00f3rias<\/em><\/strong><\/p>\n\n\n\n<p>Oficina de ilustra\u00e7\u00e3o com Paula Delecave | Fam\u00edlias<\/p>\n\n\n\n<p>25 JAN 2026 | dom. 17h00<\/p>\n\n\n\n<p><strong><em>Une Partie de Soi<\/em><\/strong><\/p>\n\n\n\n<p>Circo contempor\u00e2neo | Jo\u00e3o Paulo Santos<\/p>\n\n\n\n<p>1 FEV 2026 | dom. 18h00<\/p>\n\n\n\n<p><strong><em>Wim Mertens Ensemble<\/em><\/strong><\/p>\n\n\n\n<p>M\u00fasica<\/p>\n\n\n\n<p>7 FEV 2026 | s\u00e1b. 21h30<\/p>\n\n\n\n<p><strong><em>Louis Lui<\/em><\/strong>, de Paulo Ribeiro<\/p>\n\n\n\n<p>Dan\u00e7a<\/p>\n\n\n\n<p>14 FEV 2026 | s\u00e1b. 21h30<\/p>\n\n\n\n<p><strong>Jo\u00e3o Pedro Pais<\/strong><\/p>\n\n\n\n<p>M\u00fasica<\/p>\n\n\n\n<p>20 FEV 2026 | sex. 10h30<\/p>\n\n\n\n<p><strong><em>Li\u00e7\u00f5es de Voo<\/em><\/strong><\/p>\n\n\n\n<p>Teatro de Marionetas do Porto | Escolas (2\u00ba ciclo do ensino b\u00e1sico)<\/p>\n\n\n\n<p>26 FEV 2026 | qui. 10h30 e 14h30<\/p>\n\n\n\n<p><strong><em>A Caminhada dos Elefantes<\/em><\/strong><\/p>\n\n\n\n<p>de Miguel Fragata e In\u00eas Barahona \/ Formiga At\u00f3mica | Escolas (1\u00ba ciclo do ensino b\u00e1sico)<\/p>\n\n\n\n<p>28 FEV 2026 | s\u00e1b. 21h30<\/p>\n\n\n\n<p><strong><em>Branco toca Marco Paulo convida Benjamim<\/em><\/strong><\/p>\n\n\n\n<p>M\u00fasica<\/p>\n\n\n\n<p>8 MAR 2026 | dom. 11h00<\/p>\n\n\n\n<p><strong><em>Duas Casas<\/em><\/strong><\/p>\n\n\n\n<p>Teatro e marionetas | Fam\u00edlias<\/p>\n\n\n\n<p>9 MAR 2026 | seg. 10h30<\/p>\n\n\n\n<p><strong><em>Duas Casas<\/em><\/strong><\/p>\n\n\n\n<p>Teatro e marionetas | Escolas (1\u00ba ciclo do ensino b\u00e1sico)<\/p>\n\n\n\n<p>10, 11 e 12 MAR 2026 | ter., qua., qui. 10h00 e 14h00<\/p>\n\n\n\n<p><strong><em>Cabe mais um?<\/em><\/strong><\/p>\n\n\n\n<p>Teatro | Escolas (pr\u00e9-escolar)<\/p>\n\n\n\n<p>14 MAR 2026 | s\u00e1b. 21h30<\/p>\n\n\n\n<p><strong><em>Anoitecer<\/em><\/strong><\/p>\n\n\n\n<p>Projeto participativo | Teatro, m\u00fasica e dan\u00e7a<\/p>\n\n\n\n<p>22 MAR 2026 | dom. 17h00<\/p>\n\n\n\n<p><strong><em>Chico C\u00e9sar<\/em><\/strong><\/p>\n\n\n\n<p><em>Aos Vivos<\/em><\/p>\n\n\n\n<p>M\u00fasica<\/p>\n\n\n\n<p>27 MAR 2026 | sex. 21h30<\/p>\n\n\n\n<p><strong><em>Ib\u00e9ria<\/em><\/strong><\/p>\n\n\n\n<p>Perip\u00e9cia Teatro | Teatro<\/p>\n\n\n\n<p>Conhe\u00e7a mais em: <a href=\"https:\/\/cae.cm-valedecambra.pt\/agenda\/\">https:\/\/cae.cm-valedecambra.pt\/agenda\/<\/a><\/p>\n\n\n\n<figure class=\"wp-block-image size-large\"><img loading=\"lazy\" decoding=\"async\" width=\"1024\" height=\"576\" src=\"http:\/\/avozdecambra.pt\/wp-content\/uploads\/2026\/01\/1-3-1024x576.png\" alt=\"\" class=\"wp-image-13631\" srcset=\"http:\/\/avozdecambra.pt\/wp-content\/uploads\/2026\/01\/1-3-1024x576.png 1024w, http:\/\/avozdecambra.pt\/wp-content\/uploads\/2026\/01\/1-3-300x169.png 300w, http:\/\/avozdecambra.pt\/wp-content\/uploads\/2026\/01\/1-3-768x432.png 768w, http:\/\/avozdecambra.pt\/wp-content\/uploads\/2026\/01\/1-3-150x84.png 150w, http:\/\/avozdecambra.pt\/wp-content\/uploads\/2026\/01\/1-3-450x253.png 450w, http:\/\/avozdecambra.pt\/wp-content\/uploads\/2026\/01\/1-3.png 1200w\" sizes=\"auto, (max-width: 1024px) 100vw, 1024px\" \/><\/figure>\n\n\n\n<figure class=\"wp-block-image size-large\"><img loading=\"lazy\" decoding=\"async\" width=\"1024\" height=\"576\" src=\"http:\/\/avozdecambra.pt\/wp-content\/uploads\/2026\/01\/2-1024x576.jpg\" alt=\"\" class=\"wp-image-13633\" srcset=\"http:\/\/avozdecambra.pt\/wp-content\/uploads\/2026\/01\/2-1024x576.jpg 1024w, http:\/\/avozdecambra.pt\/wp-content\/uploads\/2026\/01\/2-300x169.jpg 300w, http:\/\/avozdecambra.pt\/wp-content\/uploads\/2026\/01\/2-768x432.jpg 768w, http:\/\/avozdecambra.pt\/wp-content\/uploads\/2026\/01\/2-150x84.jpg 150w, http:\/\/avozdecambra.pt\/wp-content\/uploads\/2026\/01\/2-450x253.jpg 450w, http:\/\/avozdecambra.pt\/wp-content\/uploads\/2026\/01\/2.jpg 1200w\" sizes=\"auto, (max-width: 1024px) 100vw, 1024px\" \/><\/figure>\n\n\n\n<figure class=\"wp-block-image size-large\"><img loading=\"lazy\" decoding=\"async\" width=\"1024\" height=\"576\" src=\"http:\/\/avozdecambra.pt\/wp-content\/uploads\/2026\/01\/4-1-1024x576.png\" alt=\"\" class=\"wp-image-13634\" srcset=\"http:\/\/avozdecambra.pt\/wp-content\/uploads\/2026\/01\/4-1-1024x576.png 1024w, http:\/\/avozdecambra.pt\/wp-content\/uploads\/2026\/01\/4-1-300x169.png 300w, http:\/\/avozdecambra.pt\/wp-content\/uploads\/2026\/01\/4-1-768x432.png 768w, http:\/\/avozdecambra.pt\/wp-content\/uploads\/2026\/01\/4-1-150x84.png 150w, http:\/\/avozdecambra.pt\/wp-content\/uploads\/2026\/01\/4-1-450x253.png 450w, http:\/\/avozdecambra.pt\/wp-content\/uploads\/2026\/01\/4-1.png 1200w\" sizes=\"auto, (max-width: 1024px) 100vw, 1024px\" \/><\/figure>\n\n\n\n<figure class=\"wp-block-image size-large\"><img loading=\"lazy\" decoding=\"async\" width=\"1024\" height=\"576\" src=\"http:\/\/avozdecambra.pt\/wp-content\/uploads\/2026\/01\/5-1-1024x576.png\" alt=\"\" class=\"wp-image-13635\" srcset=\"http:\/\/avozdecambra.pt\/wp-content\/uploads\/2026\/01\/5-1-1024x576.png 1024w, http:\/\/avozdecambra.pt\/wp-content\/uploads\/2026\/01\/5-1-300x169.png 300w, http:\/\/avozdecambra.pt\/wp-content\/uploads\/2026\/01\/5-1-768x432.png 768w, http:\/\/avozdecambra.pt\/wp-content\/uploads\/2026\/01\/5-1-150x84.png 150w, http:\/\/avozdecambra.pt\/wp-content\/uploads\/2026\/01\/5-1-450x253.png 450w, http:\/\/avozdecambra.pt\/wp-content\/uploads\/2026\/01\/5-1.png 1200w\" sizes=\"auto, (max-width: 1024px) 100vw, 1024px\" \/><\/figure>\n\n\n\n<figure class=\"wp-block-image size-large\"><img loading=\"lazy\" decoding=\"async\" width=\"1024\" height=\"576\" src=\"http:\/\/avozdecambra.pt\/wp-content\/uploads\/2026\/01\/3-1-1024x576.png\" alt=\"\" class=\"wp-image-13636\" srcset=\"http:\/\/avozdecambra.pt\/wp-content\/uploads\/2026\/01\/3-1-1024x576.png 1024w, http:\/\/avozdecambra.pt\/wp-content\/uploads\/2026\/01\/3-1-300x169.png 300w, http:\/\/avozdecambra.pt\/wp-content\/uploads\/2026\/01\/3-1-768x432.png 768w, http:\/\/avozdecambra.pt\/wp-content\/uploads\/2026\/01\/3-1-150x84.png 150w, http:\/\/avozdecambra.pt\/wp-content\/uploads\/2026\/01\/3-1-450x253.png 450w, http:\/\/avozdecambra.pt\/wp-content\/uploads\/2026\/01\/3-1.png 1200w\" sizes=\"auto, (max-width: 1024px) 100vw, 1024px\" \/><\/figure>\n\n\n\n<figure class=\"wp-block-image size-large\"><img loading=\"lazy\" decoding=\"async\" width=\"1024\" height=\"576\" src=\"http:\/\/avozdecambra.pt\/wp-content\/uploads\/2026\/01\/8-1-1024x576.png\" alt=\"\" class=\"wp-image-13637\" srcset=\"http:\/\/avozdecambra.pt\/wp-content\/uploads\/2026\/01\/8-1-1024x576.png 1024w, http:\/\/avozdecambra.pt\/wp-content\/uploads\/2026\/01\/8-1-300x169.png 300w, http:\/\/avozdecambra.pt\/wp-content\/uploads\/2026\/01\/8-1-768x432.png 768w, http:\/\/avozdecambra.pt\/wp-content\/uploads\/2026\/01\/8-1-150x84.png 150w, http:\/\/avozdecambra.pt\/wp-content\/uploads\/2026\/01\/8-1-450x253.png 450w, http:\/\/avozdecambra.pt\/wp-content\/uploads\/2026\/01\/8-1.png 1200w\" sizes=\"auto, (max-width: 1024px) 100vw, 1024px\" \/><\/figure>\n\n\n\n<p><\/p>\n\n\n\n<p><\/p>\n\n\n\n<p><\/p>\n","protected":false},"excerpt":{"rendered":"<p>O Centro de Artes e Espet\u00e1culos (CAE) de Vale de Cambra revelou a programa\u00e7\u00e3o para os meses de janeiro a mar\u00e7o de 2026, que marca o arranque da terceira temporada de atividade do equipamento cultural. A nova proposta parte da pergunta \u201co que \u00e9 que hoje nos convoca a estar juntos?\u201d e aposta numa programa\u00e7\u00e3o<\/p>\n","protected":false},"author":5,"featured_media":13673,"comment_status":"open","ping_status":"open","sticky":false,"template":"","format":"standard","meta":{"_monsterinsights_skip_tracking":false,"_monsterinsights_sitenote_active":false,"_monsterinsights_sitenote_note":"","_monsterinsights_sitenote_category":0,"footnotes":""},"categories":[585,1],"tags":[1092],"class_list":{"0":"post-13626","1":"post","2":"type-post","3":"status-publish","4":"format-standard","5":"has-post-thumbnail","7":"category-agenda","8":"category-atual","9":"tag-cae-vale-de-cambra"},"aioseo_notices":[],"_links":{"self":[{"href":"http:\/\/avozdecambra.pt\/index.php?rest_route=\/wp\/v2\/posts\/13626","targetHints":{"allow":["GET"]}}],"collection":[{"href":"http:\/\/avozdecambra.pt\/index.php?rest_route=\/wp\/v2\/posts"}],"about":[{"href":"http:\/\/avozdecambra.pt\/index.php?rest_route=\/wp\/v2\/types\/post"}],"author":[{"embeddable":true,"href":"http:\/\/avozdecambra.pt\/index.php?rest_route=\/wp\/v2\/users\/5"}],"replies":[{"embeddable":true,"href":"http:\/\/avozdecambra.pt\/index.php?rest_route=%2Fwp%2Fv2%2Fcomments&post=13626"}],"version-history":[{"count":7,"href":"http:\/\/avozdecambra.pt\/index.php?rest_route=\/wp\/v2\/posts\/13626\/revisions"}],"predecessor-version":[{"id":13671,"href":"http:\/\/avozdecambra.pt\/index.php?rest_route=\/wp\/v2\/posts\/13626\/revisions\/13671"}],"wp:featuredmedia":[{"embeddable":true,"href":"http:\/\/avozdecambra.pt\/index.php?rest_route=\/wp\/v2\/media\/13673"}],"wp:attachment":[{"href":"http:\/\/avozdecambra.pt\/index.php?rest_route=%2Fwp%2Fv2%2Fmedia&parent=13626"}],"wp:term":[{"taxonomy":"category","embeddable":true,"href":"http:\/\/avozdecambra.pt\/index.php?rest_route=%2Fwp%2Fv2%2Fcategories&post=13626"},{"taxonomy":"post_tag","embeddable":true,"href":"http:\/\/avozdecambra.pt\/index.php?rest_route=%2Fwp%2Fv2%2Ftags&post=13626"}],"curies":[{"name":"wp","href":"https:\/\/api.w.org\/{rel}","templated":true}]}}