{"id":13644,"date":"2026-01-21T18:40:10","date_gmt":"2026-01-21T18:40:10","guid":{"rendered":"http:\/\/avozdecambra.pt\/?p=13644"},"modified":"2026-01-21T19:29:14","modified_gmt":"2026-01-21T19:29:14","slug":"juntas-de-freguesia-e-associacoes-ganham-destaque-na-nova-agenda-cultural-de-sever-do-vouga","status":"publish","type":"post","link":"http:\/\/avozdecambra.pt\/?p=13644","title":{"rendered":"Juntas de Freguesia e associa\u00e7\u00f5es ganham destaque na nova Agenda Cultural de Sever do Vouga"},"content":{"rendered":"\n<ul class=\"wp-block-list\">\n<li>Munic\u00edpio inicia 2026 com Agenda Cultural refor\u00e7ada e mais participativa<\/li>\n<\/ul>\n\n\n\n<p><strong>O Munic\u00edpio de Sever do Vouga arrancou 2026 com a apresenta\u00e7\u00e3o da nova Agenda Cultural para o primeiro trimestre do ano, assumida como um marco simb\u00f3lico do novo mandato aut\u00e1rquico e como reflexo de uma estrat\u00e9gia cultural mais abrangente, participativa e descentralizada.<\/strong><\/p>\n\n\n\n<p><strong>Cristina Maria Santos&nbsp;<\/strong><\/p>\n\n\n\n<p>Na mensagem de abertura, o presidente da C\u00e2mara Municipal, Pedro Amadeu Lobo, sublinha que esta \u00e9 a primeira Agenda Cultural do novo ciclo pol\u00edtico e que traduz \u201ca evolu\u00e7\u00e3o do nosso projeto comum para Sever do Vouga\u201d, reafirmando a Cultura como um espa\u00e7o de presen\u00e7a, partilha e liga\u00e7\u00e3o entre pessoas, territ\u00f3rios e gera\u00e7\u00f5es. O autarca destaca ainda a capacidade de adapta\u00e7\u00e3o da programa\u00e7\u00e3o cultural \u00e0s novas formas de comunica\u00e7\u00e3o, sem perder o foco essencial: servir a comunidade com proximidade e dedica\u00e7\u00e3o.<\/p>\n\n\n\n<p>Uma das principais novidades desta edi\u00e7\u00e3o \u00e9 o refor\u00e7o do papel das Juntas de Freguesia e do tecido associativo, que passam a ter maior visibilidade na programa\u00e7\u00e3o. \u201cA cultura no nosso concelho faz-se em rede\u201d, refere o presidente, valorizando o contributo das associa\u00e7\u00f5es culturais e desportivas e a diversidade das tradi\u00e7\u00f5es locais aliadas \u00e0 inova\u00e7\u00e3o.<\/p>\n\n\n\n<p><strong>Programa\u00e7\u00e3o diversa entre janeiro e mar\u00e7o<\/strong><\/p>\n\n\n\n<p>A Agenda Cultural Municipal apresenta uma programa\u00e7\u00e3o diversificada, que cruza artes visuais, cinema, exposi\u00e7\u00f5es documentais, literatura, patrim\u00f3nio, gastronomia, desporto e atividades educativas, dirigida a p\u00fablicos de todas as idades.<\/p>\n\n\n\n<p>Entre os destaques do trimestre est\u00e1 a exposi\u00e7\u00e3o de fotografia <strong>\u201cEss\u00eancias do Zod\u00edaco\u201d<\/strong>, de Luna Loura, patente na Biblioteca Municipal, que prop\u00f5e uma leitura sens\u00edvel e po\u00e9tica dos signos atrav\u00e9s da imagem. No plano desportivo, a <strong>7.\u00aa edi\u00e7\u00e3o do Vouga Trail<\/strong>, realizada entre 9 e 11 de janeiro, voltou a afirmar Sever do Vouga no panorama nacional e internacional do trail running, reunindo mais de dois mil participantes de cerca de 20 nacionalidades.<\/p>\n\n\n\n<p>A programa\u00e7\u00e3o inclui ainda iniciativas de reflex\u00e3o e conhecimento, como o semin\u00e1rio <strong>PIPSE \u2013 Educ@RA2030<\/strong>, dedicado \u00e0 promo\u00e7\u00e3o do sucesso escolar na Regi\u00e3o de Aveiro, e v\u00e1rios workshops e apresenta\u00e7\u00f5es na Biblioteca Municipal, desde previs\u00f5es astrol\u00f3gicas a debates sobre afetividade e mundo digital.<\/p>\n\n\n\n<p>No cinema, o Centro das Artes e do Espet\u00e1culo acolhe sess\u00f5es regulares para p\u00fablicos familiares e adultos, com t\u00edtulos como <em>SpongeBob \u2013 O Filme<\/em>, <em>Avatar: Fogo e Cinzas<\/em> e <em>Hamnet<\/em>. J\u00e1 o Museu Municipal apresenta exposi\u00e7\u00f5es documentais de forte liga\u00e7\u00e3o \u00e0 identidade local, como <strong>\u201cEduardo Arvins \u2013 Sementes de Progresso\u201d<\/strong>, bem como visitas guiadas e iniciativas que d\u00e3o acesso aos bastidores do arquivo.<\/p>\n\n\n\n<p><strong>Tradi\u00e7\u00e3o, natureza e identidade local<\/strong><\/p>\n\n\n\n<p>Fevereiro fica marcado pela <strong>5.\u00aa edi\u00e7\u00e3o do Festival das Cam\u00e9lias<\/strong>, que envolve floristas, pastelarias e produtores locais, refor\u00e7ando a liga\u00e7\u00e3o entre patrim\u00f3nio natural, criatividade e economia local. Em mar\u00e7o, a <strong>Rota Gastron\u00f3mica da Lampreia, Vitela e Cabrito<\/strong> volta a destacar Sever do Vouga como destino de refer\u00eancia da gastronomia tradicional.<\/p>\n\n\n\n<p>A Agenda integra ainda celebra\u00e7\u00f5es tem\u00e1ticas como o Dia da Mulher, o Dia da \u00c1rvore, atividades ligadas ao patrim\u00f3nio mineiro das Minas do Bra\u00e7al e eventos promovidos pelas Juntas de Freguesia e associa\u00e7\u00f5es, desde festas populares a concertos, teatro, torneios e conv\u00edvios.<\/p>\n\n\n\n<p><strong>Cultura sustent\u00e1vel e de acesso livre<\/strong><\/p>\n\n\n\n<p>Comprometida com a sustentabilidade ambiental, a Agenda Cultural foi impressa em papel 100% reciclado, tem distribui\u00e7\u00e3o gratuita e uma tiragem de 3.000 exemplares. Muitas das iniciativas s\u00e3o de entrada livre, refor\u00e7ando o acesso democr\u00e1tico \u00e0 cultura.<\/p>\n\n\n\n<p>O presidente da C\u00e2mara deixa o convite \u00e0 participa\u00e7\u00e3o ativa da popula\u00e7\u00e3o, sublinhando que \u201c\u00e9 atrav\u00e9s do envolvimento da comunidade e do apoio \u00e0 cria\u00e7\u00e3o art\u00edstica local que se fortalece a identidade \u00fanica de Sever do Vouga\u201d. A mensagem final aponta o tom do ano: \u201cQue 2026 seja um ano de sa\u00fade, trabalho e muita cultura\u201d.<\/p>\n\n\n\n<figure class=\"wp-block-image size-large\"><img loading=\"lazy\" decoding=\"async\" width=\"1024\" height=\"576\" src=\"http:\/\/avozdecambra.pt\/wp-content\/uploads\/2026\/01\/j1-1-1024x576.png\" alt=\"\" class=\"wp-image-13650\" srcset=\"http:\/\/avozdecambra.pt\/wp-content\/uploads\/2026\/01\/j1-1-1024x576.png 1024w, http:\/\/avozdecambra.pt\/wp-content\/uploads\/2026\/01\/j1-1-300x169.png 300w, http:\/\/avozdecambra.pt\/wp-content\/uploads\/2026\/01\/j1-1-768x432.png 768w, http:\/\/avozdecambra.pt\/wp-content\/uploads\/2026\/01\/j1-1-150x84.png 150w, http:\/\/avozdecambra.pt\/wp-content\/uploads\/2026\/01\/j1-1-450x253.png 450w, http:\/\/avozdecambra.pt\/wp-content\/uploads\/2026\/01\/j1-1.png 1200w\" sizes=\"auto, (max-width: 1024px) 100vw, 1024px\" \/><\/figure>\n\n\n\n<figure class=\"wp-block-image size-large\"><img loading=\"lazy\" decoding=\"async\" width=\"1024\" height=\"576\" src=\"http:\/\/avozdecambra.pt\/wp-content\/uploads\/2026\/01\/j2-1024x576.png\" alt=\"\" class=\"wp-image-13651\" srcset=\"http:\/\/avozdecambra.pt\/wp-content\/uploads\/2026\/01\/j2-1024x576.png 1024w, http:\/\/avozdecambra.pt\/wp-content\/uploads\/2026\/01\/j2-300x169.png 300w, http:\/\/avozdecambra.pt\/wp-content\/uploads\/2026\/01\/j2-768x432.png 768w, http:\/\/avozdecambra.pt\/wp-content\/uploads\/2026\/01\/j2-150x84.png 150w, http:\/\/avozdecambra.pt\/wp-content\/uploads\/2026\/01\/j2-450x253.png 450w, http:\/\/avozdecambra.pt\/wp-content\/uploads\/2026\/01\/j2.png 1200w\" sizes=\"auto, (max-width: 1024px) 100vw, 1024px\" \/><\/figure>\n\n\n\n<figure class=\"wp-block-image size-large\"><img loading=\"lazy\" decoding=\"async\" width=\"1024\" height=\"576\" src=\"http:\/\/avozdecambra.pt\/wp-content\/uploads\/2026\/01\/j3-1024x576.png\" alt=\"\" class=\"wp-image-13652\" srcset=\"http:\/\/avozdecambra.pt\/wp-content\/uploads\/2026\/01\/j3-1024x576.png 1024w, http:\/\/avozdecambra.pt\/wp-content\/uploads\/2026\/01\/j3-300x169.png 300w, http:\/\/avozdecambra.pt\/wp-content\/uploads\/2026\/01\/j3-768x432.png 768w, http:\/\/avozdecambra.pt\/wp-content\/uploads\/2026\/01\/j3-150x84.png 150w, http:\/\/avozdecambra.pt\/wp-content\/uploads\/2026\/01\/j3-450x253.png 450w, http:\/\/avozdecambra.pt\/wp-content\/uploads\/2026\/01\/j3.png 1200w\" sizes=\"auto, (max-width: 1024px) 100vw, 1024px\" \/><\/figure>\n\n\n\n<figure class=\"wp-block-image size-large\"><img loading=\"lazy\" decoding=\"async\" width=\"1024\" height=\"576\" src=\"http:\/\/avozdecambra.pt\/wp-content\/uploads\/2026\/01\/j4-1024x576.png\" alt=\"\" class=\"wp-image-13653\" srcset=\"http:\/\/avozdecambra.pt\/wp-content\/uploads\/2026\/01\/j4-1024x576.png 1024w, http:\/\/avozdecambra.pt\/wp-content\/uploads\/2026\/01\/j4-300x169.png 300w, http:\/\/avozdecambra.pt\/wp-content\/uploads\/2026\/01\/j4-768x432.png 768w, http:\/\/avozdecambra.pt\/wp-content\/uploads\/2026\/01\/j4-150x84.png 150w, http:\/\/avozdecambra.pt\/wp-content\/uploads\/2026\/01\/j4-450x253.png 450w, http:\/\/avozdecambra.pt\/wp-content\/uploads\/2026\/01\/j4.png 1200w\" sizes=\"auto, (max-width: 1024px) 100vw, 1024px\" \/><\/figure>\n\n\n\n<figure class=\"wp-block-image size-large\"><img loading=\"lazy\" decoding=\"async\" width=\"1024\" height=\"576\" src=\"http:\/\/avozdecambra.pt\/wp-content\/uploads\/2026\/01\/f1-1024x576.png\" alt=\"\" class=\"wp-image-13654\" srcset=\"http:\/\/avozdecambra.pt\/wp-content\/uploads\/2026\/01\/f1-1024x576.png 1024w, http:\/\/avozdecambra.pt\/wp-content\/uploads\/2026\/01\/f1-300x169.png 300w, http:\/\/avozdecambra.pt\/wp-content\/uploads\/2026\/01\/f1-768x432.png 768w, http:\/\/avozdecambra.pt\/wp-content\/uploads\/2026\/01\/f1-150x84.png 150w, http:\/\/avozdecambra.pt\/wp-content\/uploads\/2026\/01\/f1-450x253.png 450w, http:\/\/avozdecambra.pt\/wp-content\/uploads\/2026\/01\/f1.png 1200w\" sizes=\"auto, (max-width: 1024px) 100vw, 1024px\" \/><\/figure>\n\n\n\n<figure class=\"wp-block-image size-large\"><img loading=\"lazy\" decoding=\"async\" width=\"1024\" height=\"576\" src=\"http:\/\/avozdecambra.pt\/wp-content\/uploads\/2026\/01\/f2-1024x576.png\" alt=\"\" class=\"wp-image-13655\" srcset=\"http:\/\/avozdecambra.pt\/wp-content\/uploads\/2026\/01\/f2-1024x576.png 1024w, http:\/\/avozdecambra.pt\/wp-content\/uploads\/2026\/01\/f2-300x169.png 300w, http:\/\/avozdecambra.pt\/wp-content\/uploads\/2026\/01\/f2-768x432.png 768w, http:\/\/avozdecambra.pt\/wp-content\/uploads\/2026\/01\/f2-150x84.png 150w, http:\/\/avozdecambra.pt\/wp-content\/uploads\/2026\/01\/f2-450x253.png 450w, http:\/\/avozdecambra.pt\/wp-content\/uploads\/2026\/01\/f2.png 1200w\" sizes=\"auto, (max-width: 1024px) 100vw, 1024px\" \/><\/figure>\n\n\n\n<figure class=\"wp-block-image size-large\"><img loading=\"lazy\" decoding=\"async\" width=\"1024\" height=\"576\" src=\"http:\/\/avozdecambra.pt\/wp-content\/uploads\/2026\/01\/f3-1024x576.png\" alt=\"\" class=\"wp-image-13656\" srcset=\"http:\/\/avozdecambra.pt\/wp-content\/uploads\/2026\/01\/f3-1024x576.png 1024w, http:\/\/avozdecambra.pt\/wp-content\/uploads\/2026\/01\/f3-300x169.png 300w, http:\/\/avozdecambra.pt\/wp-content\/uploads\/2026\/01\/f3-768x432.png 768w, http:\/\/avozdecambra.pt\/wp-content\/uploads\/2026\/01\/f3-150x84.png 150w, http:\/\/avozdecambra.pt\/wp-content\/uploads\/2026\/01\/f3-450x253.png 450w, http:\/\/avozdecambra.pt\/wp-content\/uploads\/2026\/01\/f3.png 1200w\" sizes=\"auto, (max-width: 1024px) 100vw, 1024px\" \/><\/figure>\n\n\n\n<figure class=\"wp-block-image size-large\"><img loading=\"lazy\" decoding=\"async\" width=\"1024\" height=\"576\" src=\"http:\/\/avozdecambra.pt\/wp-content\/uploads\/2026\/01\/m1-1024x576.png\" alt=\"\" class=\"wp-image-13657\" srcset=\"http:\/\/avozdecambra.pt\/wp-content\/uploads\/2026\/01\/m1-1024x576.png 1024w, http:\/\/avozdecambra.pt\/wp-content\/uploads\/2026\/01\/m1-300x169.png 300w, http:\/\/avozdecambra.pt\/wp-content\/uploads\/2026\/01\/m1-768x432.png 768w, http:\/\/avozdecambra.pt\/wp-content\/uploads\/2026\/01\/m1-150x84.png 150w, http:\/\/avozdecambra.pt\/wp-content\/uploads\/2026\/01\/m1-450x253.png 450w, http:\/\/avozdecambra.pt\/wp-content\/uploads\/2026\/01\/m1.png 1200w\" sizes=\"auto, (max-width: 1024px) 100vw, 1024px\" \/><\/figure>\n\n\n\n<figure class=\"wp-block-image size-large\"><img loading=\"lazy\" decoding=\"async\" width=\"1024\" height=\"576\" src=\"http:\/\/avozdecambra.pt\/wp-content\/uploads\/2026\/01\/m2-1024x576.png\" alt=\"\" class=\"wp-image-13658\" srcset=\"http:\/\/avozdecambra.pt\/wp-content\/uploads\/2026\/01\/m2-1024x576.png 1024w, http:\/\/avozdecambra.pt\/wp-content\/uploads\/2026\/01\/m2-300x169.png 300w, http:\/\/avozdecambra.pt\/wp-content\/uploads\/2026\/01\/m2-768x432.png 768w, http:\/\/avozdecambra.pt\/wp-content\/uploads\/2026\/01\/m2-150x84.png 150w, http:\/\/avozdecambra.pt\/wp-content\/uploads\/2026\/01\/m2-450x253.png 450w, http:\/\/avozdecambra.pt\/wp-content\/uploads\/2026\/01\/m2.png 1200w\" sizes=\"auto, (max-width: 1024px) 100vw, 1024px\" \/><\/figure>\n\n\n\n<figure class=\"wp-block-image size-large\"><img loading=\"lazy\" decoding=\"async\" width=\"1024\" height=\"576\" src=\"http:\/\/avozdecambra.pt\/wp-content\/uploads\/2026\/01\/m3-1024x576.png\" alt=\"\" class=\"wp-image-13659\" srcset=\"http:\/\/avozdecambra.pt\/wp-content\/uploads\/2026\/01\/m3-1024x576.png 1024w, http:\/\/avozdecambra.pt\/wp-content\/uploads\/2026\/01\/m3-300x169.png 300w, http:\/\/avozdecambra.pt\/wp-content\/uploads\/2026\/01\/m3-768x432.png 768w, http:\/\/avozdecambra.pt\/wp-content\/uploads\/2026\/01\/m3-150x84.png 150w, http:\/\/avozdecambra.pt\/wp-content\/uploads\/2026\/01\/m3-450x253.png 450w, http:\/\/avozdecambra.pt\/wp-content\/uploads\/2026\/01\/m3.png 1200w\" sizes=\"auto, (max-width: 1024px) 100vw, 1024px\" \/><\/figure>\n\n\n\n<figure class=\"wp-block-image size-large\"><img loading=\"lazy\" decoding=\"async\" width=\"1024\" height=\"576\" src=\"http:\/\/avozdecambra.pt\/wp-content\/uploads\/2026\/01\/m4-1024x576.png\" alt=\"\" class=\"wp-image-13660\" srcset=\"http:\/\/avozdecambra.pt\/wp-content\/uploads\/2026\/01\/m4-1024x576.png 1024w, http:\/\/avozdecambra.pt\/wp-content\/uploads\/2026\/01\/m4-300x169.png 300w, http:\/\/avozdecambra.pt\/wp-content\/uploads\/2026\/01\/m4-768x432.png 768w, http:\/\/avozdecambra.pt\/wp-content\/uploads\/2026\/01\/m4-150x84.png 150w, http:\/\/avozdecambra.pt\/wp-content\/uploads\/2026\/01\/m4-450x253.png 450w, http:\/\/avozdecambra.pt\/wp-content\/uploads\/2026\/01\/m4.png 1200w\" sizes=\"auto, (max-width: 1024px) 100vw, 1024px\" \/><\/figure>\n\n\n\n<figure class=\"wp-block-image size-large\"><img loading=\"lazy\" decoding=\"async\" width=\"1024\" height=\"576\" src=\"http:\/\/avozdecambra.pt\/wp-content\/uploads\/2026\/01\/1-1-1024x576.jpg\" alt=\"\" class=\"wp-image-13661\" srcset=\"http:\/\/avozdecambra.pt\/wp-content\/uploads\/2026\/01\/1-1-1024x576.jpg 1024w, http:\/\/avozdecambra.pt\/wp-content\/uploads\/2026\/01\/1-1-300x169.jpg 300w, http:\/\/avozdecambra.pt\/wp-content\/uploads\/2026\/01\/1-1-768x432.jpg 768w, http:\/\/avozdecambra.pt\/wp-content\/uploads\/2026\/01\/1-1-150x84.jpg 150w, http:\/\/avozdecambra.pt\/wp-content\/uploads\/2026\/01\/1-1-450x253.jpg 450w, http:\/\/avozdecambra.pt\/wp-content\/uploads\/2026\/01\/1-1.jpg 1200w\" sizes=\"auto, (max-width: 1024px) 100vw, 1024px\" \/><\/figure>\n\n\n\n<figure class=\"wp-block-image size-large\"><img loading=\"lazy\" decoding=\"async\" width=\"1024\" height=\"576\" src=\"http:\/\/avozdecambra.pt\/wp-content\/uploads\/2026\/01\/4-2-1024x576.png\" alt=\"\" class=\"wp-image-13662\" srcset=\"http:\/\/avozdecambra.pt\/wp-content\/uploads\/2026\/01\/4-2-1024x576.png 1024w, http:\/\/avozdecambra.pt\/wp-content\/uploads\/2026\/01\/4-2-300x169.png 300w, http:\/\/avozdecambra.pt\/wp-content\/uploads\/2026\/01\/4-2-768x432.png 768w, http:\/\/avozdecambra.pt\/wp-content\/uploads\/2026\/01\/4-2-150x84.png 150w, http:\/\/avozdecambra.pt\/wp-content\/uploads\/2026\/01\/4-2-450x253.png 450w, http:\/\/avozdecambra.pt\/wp-content\/uploads\/2026\/01\/4-2.png 1200w\" sizes=\"auto, (max-width: 1024px) 100vw, 1024px\" \/><\/figure>\n\n\n\n<figure class=\"wp-block-image size-large\"><img loading=\"lazy\" decoding=\"async\" width=\"1024\" height=\"576\" src=\"http:\/\/avozdecambra.pt\/wp-content\/uploads\/2026\/01\/16-1024x576.png\" alt=\"\" class=\"wp-image-13663\" srcset=\"http:\/\/avozdecambra.pt\/wp-content\/uploads\/2026\/01\/16-1024x576.png 1024w, http:\/\/avozdecambra.pt\/wp-content\/uploads\/2026\/01\/16-300x169.png 300w, http:\/\/avozdecambra.pt\/wp-content\/uploads\/2026\/01\/16-768x432.png 768w, http:\/\/avozdecambra.pt\/wp-content\/uploads\/2026\/01\/16-150x84.png 150w, http:\/\/avozdecambra.pt\/wp-content\/uploads\/2026\/01\/16-450x253.png 450w, http:\/\/avozdecambra.pt\/wp-content\/uploads\/2026\/01\/16.png 1200w\" sizes=\"auto, (max-width: 1024px) 100vw, 1024px\" \/><\/figure>\n\n\n\n<figure class=\"wp-block-image size-large\"><img loading=\"lazy\" decoding=\"async\" width=\"1024\" height=\"576\" src=\"http:\/\/avozdecambra.pt\/wp-content\/uploads\/2026\/01\/17-1024x576.png\" alt=\"\" class=\"wp-image-13664\" srcset=\"http:\/\/avozdecambra.pt\/wp-content\/uploads\/2026\/01\/17-1024x576.png 1024w, http:\/\/avozdecambra.pt\/wp-content\/uploads\/2026\/01\/17-300x169.png 300w, http:\/\/avozdecambra.pt\/wp-content\/uploads\/2026\/01\/17-768x432.png 768w, http:\/\/avozdecambra.pt\/wp-content\/uploads\/2026\/01\/17-150x84.png 150w, http:\/\/avozdecambra.pt\/wp-content\/uploads\/2026\/01\/17-450x253.png 450w, http:\/\/avozdecambra.pt\/wp-content\/uploads\/2026\/01\/17.png 1200w\" sizes=\"auto, (max-width: 1024px) 100vw, 1024px\" \/><\/figure>\n\n\n\n<figure class=\"wp-block-image size-large\"><img loading=\"lazy\" decoding=\"async\" width=\"1024\" height=\"576\" src=\"http:\/\/avozdecambra.pt\/wp-content\/uploads\/2026\/01\/19-1024x576.png\" alt=\"\" class=\"wp-image-13665\" srcset=\"http:\/\/avozdecambra.pt\/wp-content\/uploads\/2026\/01\/19-1024x576.png 1024w, http:\/\/avozdecambra.pt\/wp-content\/uploads\/2026\/01\/19-300x169.png 300w, http:\/\/avozdecambra.pt\/wp-content\/uploads\/2026\/01\/19-768x432.png 768w, http:\/\/avozdecambra.pt\/wp-content\/uploads\/2026\/01\/19-150x84.png 150w, http:\/\/avozdecambra.pt\/wp-content\/uploads\/2026\/01\/19-450x253.png 450w, http:\/\/avozdecambra.pt\/wp-content\/uploads\/2026\/01\/19.png 1200w\" sizes=\"auto, (max-width: 1024px) 100vw, 1024px\" \/><\/figure>\n\n\n\n<p><\/p>\n","protected":false},"excerpt":{"rendered":"<p>O Munic\u00edpio de Sever do Vouga arrancou 2026 com a apresenta\u00e7\u00e3o da nova Agenda Cultural para o primeiro trimestre do ano, assumida como um marco simb\u00f3lico do novo mandato aut\u00e1rquico e como reflexo de uma estrat\u00e9gia cultural mais abrangente, participativa e descentralizada. Cristina Maria Santos&nbsp; Na mensagem de abertura, o presidente da C\u00e2mara Municipal, Pedro<\/p>\n","protected":false},"author":5,"featured_media":13647,"comment_status":"open","ping_status":"open","sticky":false,"template":"","format":"standard","meta":{"_monsterinsights_skip_tracking":false,"_monsterinsights_sitenote_active":false,"_monsterinsights_sitenote_note":"","_monsterinsights_sitenote_category":0,"footnotes":""},"categories":[585,1,646,645],"tags":[],"class_list":{"0":"post-13644","1":"post","2":"type-post","3":"status-publish","4":"format-standard","5":"has-post-thumbnail","7":"category-agenda","8":"category-atual","9":"category-regiao","10":"category-sever-do-vouga"},"aioseo_notices":[],"_links":{"self":[{"href":"http:\/\/avozdecambra.pt\/index.php?rest_route=\/wp\/v2\/posts\/13644","targetHints":{"allow":["GET"]}}],"collection":[{"href":"http:\/\/avozdecambra.pt\/index.php?rest_route=\/wp\/v2\/posts"}],"about":[{"href":"http:\/\/avozdecambra.pt\/index.php?rest_route=\/wp\/v2\/types\/post"}],"author":[{"embeddable":true,"href":"http:\/\/avozdecambra.pt\/index.php?rest_route=\/wp\/v2\/users\/5"}],"replies":[{"embeddable":true,"href":"http:\/\/avozdecambra.pt\/index.php?rest_route=%2Fwp%2Fv2%2Fcomments&post=13644"}],"version-history":[{"count":2,"href":"http:\/\/avozdecambra.pt\/index.php?rest_route=\/wp\/v2\/posts\/13644\/revisions"}],"predecessor-version":[{"id":13666,"href":"http:\/\/avozdecambra.pt\/index.php?rest_route=\/wp\/v2\/posts\/13644\/revisions\/13666"}],"wp:featuredmedia":[{"embeddable":true,"href":"http:\/\/avozdecambra.pt\/index.php?rest_route=\/wp\/v2\/media\/13647"}],"wp:attachment":[{"href":"http:\/\/avozdecambra.pt\/index.php?rest_route=%2Fwp%2Fv2%2Fmedia&parent=13644"}],"wp:term":[{"taxonomy":"category","embeddable":true,"href":"http:\/\/avozdecambra.pt\/index.php?rest_route=%2Fwp%2Fv2%2Fcategories&post=13644"},{"taxonomy":"post_tag","embeddable":true,"href":"http:\/\/avozdecambra.pt\/index.php?rest_route=%2Fwp%2Fv2%2Ftags&post=13644"}],"curies":[{"name":"wp","href":"https:\/\/api.w.org\/{rel}","templated":true}]}}