{"id":14018,"date":"2026-03-11T23:01:13","date_gmt":"2026-03-11T23:01:13","guid":{"rendered":"https:\/\/avozdecambra.pt\/?p=14018"},"modified":"2026-03-11T23:01:14","modified_gmt":"2026-03-11T23:01:14","slug":"teatro-amador-de-cepelos-estreia-se-em-palco-numa-noite-de-convivio-e-cultura","status":"publish","type":"post","link":"http:\/\/avozdecambra.pt\/?p=14018","title":{"rendered":"Teatro Amador de Cepelos estreia-se em palco numa noite de conv\u00edvio e cultura"},"content":{"rendered":"\n<p><strong>A freguesia de Cepelos, no concelho de Vale de Cambra, viveu na noite de 28 de fevereiro um momento especial de conv\u00edvio comunit\u00e1rio e dinamiza\u00e7\u00e3o cultural, marcado pela estreia em palco do Teatro Amador de Cepelos (TAC).<\/strong><\/p>\n\n\n\n<p><strong>Cristina Maria Santos<\/strong><\/p>\n\n\n\n<p>A iniciativa come\u00e7ou com um jantar-conv\u00edvio que reuniu dezenas de pessoas \u00e0 mesa para saborear um tradicional prato de carne de porco \u00e0 alentejana, preparado pelas mordomas da Festa de Santo Ant\u00f3nio de Merl\u00e3es. O repasto, elogiado por muitos dos presentes, deu in\u00edcio a uma noite marcada pelo esp\u00edrito de partilha entre a comunidade.<\/p>\n\n\n\n<p>O ponto alto da noite aconteceu logo depois, com a primeira apresenta\u00e7\u00e3o p\u00fablica do Teatro Amador de Cepelos. O grupo subiu ao palco para apresentar a pe\u00e7a <strong>\u201c<\/strong>A Grande Jantarada\u201d, uma com\u00e9dia original e repleta de momentos de humor que rapidamente conquistou o p\u00fablico presente.<\/p>\n\n\n\n<p>Entre gargalhadas e aplausos, os jovens atores mostraram talento, entusiasmo e grande entrega em palco, mantendo a plateia envolvida do in\u00edcio ao fim do espet\u00e1culo. A estreia revelou-se um sucesso e deixou no ar a promessa de que o novo grupo teatral poder\u00e1 vir a ter um papel importante na dinamiza\u00e7\u00e3o cultural da freguesia.<\/p>\n\n\n\n<p>A Junta de Freguesia de Cepelos congratulou-se com a iniciativa, sublinhando a import\u00e2ncia deste tipo de projetos para a vida cultural local. Para o executivo, o surgimento do Teatro Amador de Cepelos representa \u201cuma nova vida e uma nova din\u00e2mica cultural\u201d, n\u00e3o s\u00f3 para a freguesia, mas tamb\u00e9m para todo o concelho de Vale de Cambra.<\/p>\n\n\n\n<p>A organiza\u00e7\u00e3o e todos os envolvidos \u2014 desde elenco a equipa t\u00e9cnica \u2014 foram amplamente felicitados pelo p\u00fablico, numa noite que refor\u00e7ou o esp\u00edrito de uni\u00e3o e participa\u00e7\u00e3o que caracteriza a comunidade de Cepelos.<\/p>\n\n\n\n<p>Com esta estreia, o Teatro Amador de Cepelos inicia o seu percurso art\u00edstico e deixa j\u00e1 expectativa para as pr\u00f3ximas produ\u00e7\u00f5es, que a popula\u00e7\u00e3o aguarda com entusiasmo.<\/p>\n","protected":false},"excerpt":{"rendered":"<p>A freguesia de Cepelos, no concelho de Vale de Cambra, viveu na noite de 28 de fevereiro um momento especial de conv\u00edvio comunit\u00e1rio e dinamiza\u00e7\u00e3o cultural, marcado pela estreia em palco do Teatro Amador de Cepelos (TAC). Cristina Maria Santos A iniciativa come\u00e7ou com um jantar-conv\u00edvio que reuniu dezenas de pessoas \u00e0 mesa para saborear<\/p>\n","protected":false},"author":5,"featured_media":14019,"comment_status":"open","ping_status":"open","sticky":false,"template":"","format":"standard","meta":{"_monsterinsights_skip_tracking":false,"_monsterinsights_sitenote_active":false,"_monsterinsights_sitenote_note":"","_monsterinsights_sitenote_category":0,"footnotes":""},"categories":[1],"tags":[],"class_list":{"0":"post-14018","1":"post","2":"type-post","3":"status-publish","4":"format-standard","5":"has-post-thumbnail","7":"category-atual"},"aioseo_notices":[],"_links":{"self":[{"href":"http:\/\/avozdecambra.pt\/index.php?rest_route=\/wp\/v2\/posts\/14018","targetHints":{"allow":["GET"]}}],"collection":[{"href":"http:\/\/avozdecambra.pt\/index.php?rest_route=\/wp\/v2\/posts"}],"about":[{"href":"http:\/\/avozdecambra.pt\/index.php?rest_route=\/wp\/v2\/types\/post"}],"author":[{"embeddable":true,"href":"http:\/\/avozdecambra.pt\/index.php?rest_route=\/wp\/v2\/users\/5"}],"replies":[{"embeddable":true,"href":"http:\/\/avozdecambra.pt\/index.php?rest_route=%2Fwp%2Fv2%2Fcomments&post=14018"}],"version-history":[{"count":1,"href":"http:\/\/avozdecambra.pt\/index.php?rest_route=\/wp\/v2\/posts\/14018\/revisions"}],"predecessor-version":[{"id":14020,"href":"http:\/\/avozdecambra.pt\/index.php?rest_route=\/wp\/v2\/posts\/14018\/revisions\/14020"}],"wp:featuredmedia":[{"embeddable":true,"href":"http:\/\/avozdecambra.pt\/index.php?rest_route=\/wp\/v2\/media\/14019"}],"wp:attachment":[{"href":"http:\/\/avozdecambra.pt\/index.php?rest_route=%2Fwp%2Fv2%2Fmedia&parent=14018"}],"wp:term":[{"taxonomy":"category","embeddable":true,"href":"http:\/\/avozdecambra.pt\/index.php?rest_route=%2Fwp%2Fv2%2Fcategories&post=14018"},{"taxonomy":"post_tag","embeddable":true,"href":"http:\/\/avozdecambra.pt\/index.php?rest_route=%2Fwp%2Fv2%2Ftags&post=14018"}],"curies":[{"name":"wp","href":"https:\/\/api.w.org\/{rel}","templated":true}]}}