{"id":14357,"date":"2026-04-27T11:33:14","date_gmt":"2026-04-27T11:33:14","guid":{"rendered":"https:\/\/avozdecambra.pt\/?p=14357"},"modified":"2026-04-27T11:45:01","modified_gmt":"2026-04-27T11:45:01","slug":"chega-destaca-defesa-diaria-da-democracia-nas-comemoracoes-do-25-de-abril","status":"publish","type":"post","link":"http:\/\/avozdecambra.pt\/?p=14357","title":{"rendered":"Chega de Vale de Cambra destaca defesa di\u00e1ria da democracia nas comemora\u00e7\u00f5es do 25 de Abril"},"content":{"rendered":"\n<p><strong>\u201cA democracia precisa de ser defendida todos os dias\u201d<\/strong><\/p>\n\n\n\n<p>Nas comemora\u00e7\u00f5es do 25 de Abril, realizadas nos Pa\u00e7os do Concelho de Vale de Cambra, Armando Pina, em representa\u00e7\u00e3o da bancada do Chega na Assembleia Municipal, sublinhou que a democracia exige uma defesa constante por parte de todos os cidad\u00e3os. Considerando que a data \u201cpertence ao povo portugu\u00eas\u201d, o autarca defendeu que o esp\u00edrito de Abril deve ser avaliado \u00e0 luz da realidade atual, questionando se o pa\u00eds est\u00e1 a honrar os seus valores fundadores.<\/p>\n\n\n\n<p><strong>Cristina Maria Santos <\/strong><\/p>\n\n\n\n<p>O representante destacou ainda que celebrar Abril implica lutar por um pa\u00eds mais justo, seguro e com oportunidades para todos, lembrando tamb\u00e9m a import\u00e2ncia do 25 de Novembro de 1975 como momento de consolida\u00e7\u00e3o do regime democr\u00e1tico.<\/p>\n\n\n\n<p><\/p>\n","protected":false},"excerpt":{"rendered":"<p>\u201cA democracia precisa de ser defendida todos os dias\u201d Nas comemora\u00e7\u00f5es do 25 de Abril, realizadas nos Pa\u00e7os do Concelho de Vale de Cambra, Armando Pina, em representa\u00e7\u00e3o da bancada do Chega na Assembleia Municipal, sublinhou que a democracia exige uma defesa constante por parte de todos os cidad\u00e3os. Considerando que a data \u201cpertence ao<\/p>\n","protected":false},"author":5,"featured_media":14358,"comment_status":"open","ping_status":"open","sticky":false,"template":"","format":"standard","meta":{"_monsterinsights_skip_tracking":false,"_monsterinsights_sitenote_active":false,"_monsterinsights_sitenote_note":"","_monsterinsights_sitenote_category":0,"footnotes":""},"categories":[1222,1],"tags":[1144],"class_list":{"0":"post-14357","1":"post","2":"type-post","3":"status-publish","4":"format-standard","5":"has-post-thumbnail","7":"category-25-abril-2026","8":"category-atual","9":"tag-chega-de-vale-de-cambra"},"aioseo_notices":[],"_links":{"self":[{"href":"http:\/\/avozdecambra.pt\/index.php?rest_route=\/wp\/v2\/posts\/14357","targetHints":{"allow":["GET"]}}],"collection":[{"href":"http:\/\/avozdecambra.pt\/index.php?rest_route=\/wp\/v2\/posts"}],"about":[{"href":"http:\/\/avozdecambra.pt\/index.php?rest_route=\/wp\/v2\/types\/post"}],"author":[{"embeddable":true,"href":"http:\/\/avozdecambra.pt\/index.php?rest_route=\/wp\/v2\/users\/5"}],"replies":[{"embeddable":true,"href":"http:\/\/avozdecambra.pt\/index.php?rest_route=%2Fwp%2Fv2%2Fcomments&post=14357"}],"version-history":[{"count":2,"href":"http:\/\/avozdecambra.pt\/index.php?rest_route=\/wp\/v2\/posts\/14357\/revisions"}],"predecessor-version":[{"id":14379,"href":"http:\/\/avozdecambra.pt\/index.php?rest_route=\/wp\/v2\/posts\/14357\/revisions\/14379"}],"wp:featuredmedia":[{"embeddable":true,"href":"http:\/\/avozdecambra.pt\/index.php?rest_route=\/wp\/v2\/media\/14358"}],"wp:attachment":[{"href":"http:\/\/avozdecambra.pt\/index.php?rest_route=%2Fwp%2Fv2%2Fmedia&parent=14357"}],"wp:term":[{"taxonomy":"category","embeddable":true,"href":"http:\/\/avozdecambra.pt\/index.php?rest_route=%2Fwp%2Fv2%2Fcategories&post=14357"},{"taxonomy":"post_tag","embeddable":true,"href":"http:\/\/avozdecambra.pt\/index.php?rest_route=%2Fwp%2Fv2%2Ftags&post=14357"}],"curies":[{"name":"wp","href":"https:\/\/api.w.org\/{rel}","templated":true}]}}