{"id":14360,"date":"2026-04-27T11:35:02","date_gmt":"2026-04-27T11:35:02","guid":{"rendered":"https:\/\/avozdecambra.pt\/?p=14360"},"modified":"2026-04-27T11:45:20","modified_gmt":"2026-04-27T11:45:20","slug":"ps-alerta-para-fragilidades-na-saude-e-habitacao-em-vale-de-cambra","status":"publish","type":"post","link":"http:\/\/avozdecambra.pt\/?p=14360","title":{"rendered":"PS alerta para fragilidades na sa\u00fade e habita\u00e7\u00e3o em Vale de Cambra nas comemora\u00e7\u00f5es de Abril"},"content":{"rendered":"\n<p><strong>\u201cA democracia n\u00e3o pode ser fragilizada\u201d<\/strong><\/p>\n\n\n\n<p>Albino Almeida, l\u00edder da bancada do Partido Socialista na Assembleia Municipal de Vale de Cambra, aproveitou as comemora\u00e7\u00f5es do 25 de Abril para alertar para fragilidades locais nas \u00e1reas da sa\u00fade e da habita\u00e7\u00e3o. O autarca defendeu que ser fiel aos ideais de Abril passa hoje por garantir servi\u00e7os p\u00fablicos de proximidade e condi\u00e7\u00f5es dignas de vida.<\/p>\n\n\n\n<p><strong>Cristina Maria Santos <\/strong><\/p>\n\n\n\n<p>Apontando a aus\u00eancia de servi\u00e7os de urg\u00eancia no concelho, exigiu o refor\u00e7o de recursos humanos no centro de sa\u00fade. Na habita\u00e7\u00e3o, destacou as dificuldades sentidas pelos jovens, afirmando que \u201cum jovem sem casa n\u00e3o pode construir futuro na sua terra\u201d, defendendo pol\u00edticas que assegurem acesso a habita\u00e7\u00e3o acess\u00edvel.<\/p>\n","protected":false},"excerpt":{"rendered":"<p>\u201cA democracia n\u00e3o pode ser fragilizada\u201d Albino Almeida, l\u00edder da bancada do Partido Socialista na Assembleia Municipal de Vale de Cambra, aproveitou as comemora\u00e7\u00f5es do 25 de Abril para alertar para fragilidades locais nas \u00e1reas da sa\u00fade e da habita\u00e7\u00e3o. O autarca defendeu que ser fiel aos ideais de Abril passa hoje por garantir servi\u00e7os<\/p>\n","protected":false},"author":5,"featured_media":14361,"comment_status":"open","ping_status":"open","sticky":false,"template":"","format":"standard","meta":{"_monsterinsights_skip_tracking":false,"_monsterinsights_sitenote_active":false,"_monsterinsights_sitenote_note":"","_monsterinsights_sitenote_category":0,"footnotes":""},"categories":[1222,1],"tags":[1009],"class_list":{"0":"post-14360","1":"post","2":"type-post","3":"status-publish","4":"format-standard","5":"has-post-thumbnail","7":"category-25-abril-2026","8":"category-atual","9":"tag-ps-vale-de-cambra"},"aioseo_notices":[],"_links":{"self":[{"href":"http:\/\/avozdecambra.pt\/index.php?rest_route=\/wp\/v2\/posts\/14360","targetHints":{"allow":["GET"]}}],"collection":[{"href":"http:\/\/avozdecambra.pt\/index.php?rest_route=\/wp\/v2\/posts"}],"about":[{"href":"http:\/\/avozdecambra.pt\/index.php?rest_route=\/wp\/v2\/types\/post"}],"author":[{"embeddable":true,"href":"http:\/\/avozdecambra.pt\/index.php?rest_route=\/wp\/v2\/users\/5"}],"replies":[{"embeddable":true,"href":"http:\/\/avozdecambra.pt\/index.php?rest_route=%2Fwp%2Fv2%2Fcomments&post=14360"}],"version-history":[{"count":2,"href":"http:\/\/avozdecambra.pt\/index.php?rest_route=\/wp\/v2\/posts\/14360\/revisions"}],"predecessor-version":[{"id":14375,"href":"http:\/\/avozdecambra.pt\/index.php?rest_route=\/wp\/v2\/posts\/14360\/revisions\/14375"}],"wp:featuredmedia":[{"embeddable":true,"href":"http:\/\/avozdecambra.pt\/index.php?rest_route=\/wp\/v2\/media\/14361"}],"wp:attachment":[{"href":"http:\/\/avozdecambra.pt\/index.php?rest_route=%2Fwp%2Fv2%2Fmedia&parent=14360"}],"wp:term":[{"taxonomy":"category","embeddable":true,"href":"http:\/\/avozdecambra.pt\/index.php?rest_route=%2Fwp%2Fv2%2Fcategories&post=14360"},{"taxonomy":"post_tag","embeddable":true,"href":"http:\/\/avozdecambra.pt\/index.php?rest_route=%2Fwp%2Fv2%2Ftags&post=14360"}],"curies":[{"name":"wp","href":"https:\/\/api.w.org\/{rel}","templated":true}]}}