{"id":14363,"date":"2026-04-27T11:36:59","date_gmt":"2026-04-27T11:36:59","guid":{"rendered":"https:\/\/avozdecambra.pt\/?p=14363"},"modified":"2026-04-27T11:45:53","modified_gmt":"2026-04-27T11:45:53","slug":"cds-pp-valoriza-papel-do-poder-local-e-da-sociedade-civil-no-25-de-abril","status":"publish","type":"post","link":"http:\/\/avozdecambra.pt\/?p=14363","title":{"rendered":"CDS de Vale de Cambra valoriza papel do poder local e da sociedade civil nas comemora\u00e7\u00f5es de Abril"},"content":{"rendered":"\n<p><strong>\u201cO 25 de Abril n\u00e3o se esgota no dia 25\u201d<\/strong><\/p>\n\n\n\n<p>Jos\u00e9 Soares, l\u00edder da bancada do CDS\/PP, destacou o papel determinante do poder local nas conquistas alcan\u00e7adas ap\u00f3s o 25 de Abril. Durante a sess\u00e3o evocativa, salientou que a Assembleia Municipal \u00e9 fruto da democracia instaurada e que o esp\u00edrito de Abril deve traduzir-se numa a\u00e7\u00e3o di\u00e1ria de proximidade e resposta \u00e0s popula\u00e7\u00f5es.<\/p>\n\n\n\n<p><strong>Cristina Maria Santos <\/strong><\/p>\n\n\n\n<p>O autarca enalteceu ainda o contributo da sociedade civil de Vale de Cambra para o desenvolvimento do territ\u00f3rio, defendendo a continuidade de pol\u00edticas respons\u00e1veis, com equil\u00edbrio financeiro, apoio \u00e0 habita\u00e7\u00e3o e manuten\u00e7\u00e3o de condi\u00e7\u00f5es fiscais favor\u00e1veis, como pilares de um crescimento sustent\u00e1vel.<\/p>\n","protected":false},"excerpt":{"rendered":"<p>\u201cO 25 de Abril n\u00e3o se esgota no dia 25\u201d Jos\u00e9 Soares, l\u00edder da bancada do CDS\/PP, destacou o papel determinante do poder local nas conquistas alcan\u00e7adas ap\u00f3s o 25 de Abril. Durante a sess\u00e3o evocativa, salientou que a Assembleia Municipal \u00e9 fruto da democracia instaurada e que o esp\u00edrito de Abril deve traduzir-se numa<\/p>\n","protected":false},"author":5,"featured_media":14364,"comment_status":"open","ping_status":"open","sticky":false,"template":"","format":"standard","meta":{"_monsterinsights_skip_tracking":false,"_monsterinsights_sitenote_active":false,"_monsterinsights_sitenote_note":"","_monsterinsights_sitenote_category":0,"footnotes":""},"categories":[1222,1],"tags":[492],"class_list":{"0":"post-14363","1":"post","2":"type-post","3":"status-publish","4":"format-standard","5":"has-post-thumbnail","7":"category-25-abril-2026","8":"category-atual","9":"tag-cds-pp-vale-de-cambra"},"aioseo_notices":[],"_links":{"self":[{"href":"http:\/\/avozdecambra.pt\/index.php?rest_route=\/wp\/v2\/posts\/14363","targetHints":{"allow":["GET"]}}],"collection":[{"href":"http:\/\/avozdecambra.pt\/index.php?rest_route=\/wp\/v2\/posts"}],"about":[{"href":"http:\/\/avozdecambra.pt\/index.php?rest_route=\/wp\/v2\/types\/post"}],"author":[{"embeddable":true,"href":"http:\/\/avozdecambra.pt\/index.php?rest_route=\/wp\/v2\/users\/5"}],"replies":[{"embeddable":true,"href":"http:\/\/avozdecambra.pt\/index.php?rest_route=%2Fwp%2Fv2%2Fcomments&post=14363"}],"version-history":[{"count":3,"href":"http:\/\/avozdecambra.pt\/index.php?rest_route=\/wp\/v2\/posts\/14363\/revisions"}],"predecessor-version":[{"id":14380,"href":"http:\/\/avozdecambra.pt\/index.php?rest_route=\/wp\/v2\/posts\/14363\/revisions\/14380"}],"wp:featuredmedia":[{"embeddable":true,"href":"http:\/\/avozdecambra.pt\/index.php?rest_route=\/wp\/v2\/media\/14364"}],"wp:attachment":[{"href":"http:\/\/avozdecambra.pt\/index.php?rest_route=%2Fwp%2Fv2%2Fmedia&parent=14363"}],"wp:term":[{"taxonomy":"category","embeddable":true,"href":"http:\/\/avozdecambra.pt\/index.php?rest_route=%2Fwp%2Fv2%2Fcategories&post=14363"},{"taxonomy":"post_tag","embeddable":true,"href":"http:\/\/avozdecambra.pt\/index.php?rest_route=%2Fwp%2Fv2%2Ftags&post=14363"}],"curies":[{"name":"wp","href":"https:\/\/api.w.org\/{rel}","templated":true}]}}