{"id":14366,"date":"2026-04-27T11:37:59","date_gmt":"2026-04-27T11:37:59","guid":{"rendered":"https:\/\/avozdecambra.pt\/?p=14366"},"modified":"2026-04-27T11:46:22","modified_gmt":"2026-04-27T11:46:22","slug":"psd-sublinha-importancia-da-educacao-para-preservar-os-valores-de-abril","status":"publish","type":"post","link":"http:\/\/avozdecambra.pt\/?p=14366","title":{"rendered":"PSD de Vale de Cambra sublinha import\u00e2ncia da educa\u00e7\u00e3o para preservar os valores de Abril"},"content":{"rendered":"\n<p><strong>\u201cA democracia n\u00e3o \u00e9 garantida\u201d<\/strong><\/p>\n\n\n\n<p>Carlos Pinho, em representa\u00e7\u00e3o da bancada do PSD, afirmou que o 25 de Abril \u00e9 um compromisso permanente com a liberdade, o pluralismo e a dignidade humana. Na sua interven\u00e7\u00e3o, destacou a necessidade de transmitir os valores de Abril \u00e0s novas gera\u00e7\u00f5es, lembrando que \u201ca democracia n\u00e3o \u00e9 garantida\u201d.<\/p>\n\n\n\n<p><strong>Cristina Maria Santos <\/strong><\/p>\n\n\n\n<p>Dirigindo-se a diferentes gera\u00e7\u00f5es, refor\u00e7ou que a melhor forma de homenagear Abril \u00e9 educar para a participa\u00e7\u00e3o c\u00edvica, toler\u00e2ncia e respeito. Reafirmou ainda o compromisso do partido em defender os valores democr\u00e1ticos e a dignidade de todos os cidad\u00e3os.<\/p>\n","protected":false},"excerpt":{"rendered":"<p>\u201cA democracia n\u00e3o \u00e9 garantida\u201d Carlos Pinho, em representa\u00e7\u00e3o da bancada do PSD, afirmou que o 25 de Abril \u00e9 um compromisso permanente com a liberdade, o pluralismo e a dignidade humana. Na sua interven\u00e7\u00e3o, destacou a necessidade de transmitir os valores de Abril \u00e0s novas gera\u00e7\u00f5es, lembrando que \u201ca democracia n\u00e3o \u00e9 garantida\u201d. Cristina<\/p>\n","protected":false},"author":5,"featured_media":14367,"comment_status":"open","ping_status":"open","sticky":false,"template":"","format":"standard","meta":{"_monsterinsights_skip_tracking":false,"_monsterinsights_sitenote_active":false,"_monsterinsights_sitenote_note":"","_monsterinsights_sitenote_category":0,"footnotes":""},"categories":[1222,1],"tags":[172],"class_list":{"0":"post-14366","1":"post","2":"type-post","3":"status-publish","4":"format-standard","5":"has-post-thumbnail","7":"category-25-abril-2026","8":"category-atual","9":"tag-psd-de-vale-de-cambra"},"aioseo_notices":[],"_links":{"self":[{"href":"http:\/\/avozdecambra.pt\/index.php?rest_route=\/wp\/v2\/posts\/14366","targetHints":{"allow":["GET"]}}],"collection":[{"href":"http:\/\/avozdecambra.pt\/index.php?rest_route=\/wp\/v2\/posts"}],"about":[{"href":"http:\/\/avozdecambra.pt\/index.php?rest_route=\/wp\/v2\/types\/post"}],"author":[{"embeddable":true,"href":"http:\/\/avozdecambra.pt\/index.php?rest_route=\/wp\/v2\/users\/5"}],"replies":[{"embeddable":true,"href":"http:\/\/avozdecambra.pt\/index.php?rest_route=%2Fwp%2Fv2%2Fcomments&post=14366"}],"version-history":[{"count":3,"href":"http:\/\/avozdecambra.pt\/index.php?rest_route=\/wp\/v2\/posts\/14366\/revisions"}],"predecessor-version":[{"id":14382,"href":"http:\/\/avozdecambra.pt\/index.php?rest_route=\/wp\/v2\/posts\/14366\/revisions\/14382"}],"wp:featuredmedia":[{"embeddable":true,"href":"http:\/\/avozdecambra.pt\/index.php?rest_route=\/wp\/v2\/media\/14367"}],"wp:attachment":[{"href":"http:\/\/avozdecambra.pt\/index.php?rest_route=%2Fwp%2Fv2%2Fmedia&parent=14366"}],"wp:term":[{"taxonomy":"category","embeddable":true,"href":"http:\/\/avozdecambra.pt\/index.php?rest_route=%2Fwp%2Fv2%2Fcategories&post=14366"},{"taxonomy":"post_tag","embeddable":true,"href":"http:\/\/avozdecambra.pt\/index.php?rest_route=%2Fwp%2Fv2%2Ftags&post=14366"}],"curies":[{"name":"wp","href":"https:\/\/api.w.org\/{rel}","templated":true}]}}