{"id":14369,"date":"2026-04-27T11:39:02","date_gmt":"2026-04-27T11:39:02","guid":{"rendered":"https:\/\/avozdecambra.pt\/?p=14369"},"modified":"2026-04-27T11:47:27","modified_gmt":"2026-04-27T11:47:27","slug":"presidente-da-assembleia-municipal-destaca-desafios-atuais-da-democracia","status":"publish","type":"post","link":"http:\/\/avozdecambra.pt\/?p=14369","title":{"rendered":"Presidente da Assembleia Municipal de Vale de Cambra destaca desafios atuais da democracia nas comemora\u00e7\u00f5es de Abril"},"content":{"rendered":"\n<p><strong>\u201cAbril vive enquanto o soubermos cumprir\u201d<\/strong><\/p>\n\n\n\n<p>Adriana Rodrigues, presidente da Assembleia Municipal de Vale de Cambra, centrou a sua interven\u00e7\u00e3o nos desafios contempor\u00e2neos da democracia, como a desinforma\u00e7\u00e3o, a polariza\u00e7\u00e3o e o afastamento entre cidad\u00e3os e institui\u00e7\u00f5es. Defendeu que, neste contexto, o poder local assume um papel essencial na resposta \u00e0s necessidades das popula\u00e7\u00f5es.<\/p>\n\n\n\n<p><strong>Cristina Maria Santos <\/strong><\/p>\n\n\n\n<p>A respons\u00e1vel sublinhou a import\u00e2ncia de refor\u00e7ar a autonomia municipal e investir na literacia democr\u00e1tica, sobretudo junto dos mais jovens. \u201cAbril vive enquanto o soubermos cumprir\u201d, afirmou, apelando \u00e0 valoriza\u00e7\u00e3o do percurso coletivo do concelho na consolida\u00e7\u00e3o democr\u00e1tica.<\/p>\n","protected":false},"excerpt":{"rendered":"<p>\u201cAbril vive enquanto o soubermos cumprir\u201d Adriana Rodrigues, presidente da Assembleia Municipal de Vale de Cambra, centrou a sua interven\u00e7\u00e3o nos desafios contempor\u00e2neos da democracia, como a desinforma\u00e7\u00e3o, a polariza\u00e7\u00e3o e o afastamento entre cidad\u00e3os e institui\u00e7\u00f5es. Defendeu que, neste contexto, o poder local assume um papel essencial na resposta \u00e0s necessidades das popula\u00e7\u00f5es. Cristina<\/p>\n","protected":false},"author":5,"featured_media":14370,"comment_status":"open","ping_status":"open","sticky":false,"template":"","format":"standard","meta":{"_monsterinsights_skip_tracking":false,"_monsterinsights_sitenote_active":false,"_monsterinsights_sitenote_note":"","_monsterinsights_sitenote_category":0,"footnotes":""},"categories":[1222,1],"tags":[354],"class_list":{"0":"post-14369","1":"post","2":"type-post","3":"status-publish","4":"format-standard","5":"has-post-thumbnail","7":"category-25-abril-2026","8":"category-atual","9":"tag-assembleia-municipal-de-vale-de-cambra"},"aioseo_notices":[],"_links":{"self":[{"href":"http:\/\/avozdecambra.pt\/index.php?rest_route=\/wp\/v2\/posts\/14369","targetHints":{"allow":["GET"]}}],"collection":[{"href":"http:\/\/avozdecambra.pt\/index.php?rest_route=\/wp\/v2\/posts"}],"about":[{"href":"http:\/\/avozdecambra.pt\/index.php?rest_route=\/wp\/v2\/types\/post"}],"author":[{"embeddable":true,"href":"http:\/\/avozdecambra.pt\/index.php?rest_route=\/wp\/v2\/users\/5"}],"replies":[{"embeddable":true,"href":"http:\/\/avozdecambra.pt\/index.php?rest_route=%2Fwp%2Fv2%2Fcomments&post=14369"}],"version-history":[{"count":3,"href":"http:\/\/avozdecambra.pt\/index.php?rest_route=\/wp\/v2\/posts\/14369\/revisions"}],"predecessor-version":[{"id":14383,"href":"http:\/\/avozdecambra.pt\/index.php?rest_route=\/wp\/v2\/posts\/14369\/revisions\/14383"}],"wp:featuredmedia":[{"embeddable":true,"href":"http:\/\/avozdecambra.pt\/index.php?rest_route=\/wp\/v2\/media\/14370"}],"wp:attachment":[{"href":"http:\/\/avozdecambra.pt\/index.php?rest_route=%2Fwp%2Fv2%2Fmedia&parent=14369"}],"wp:term":[{"taxonomy":"category","embeddable":true,"href":"http:\/\/avozdecambra.pt\/index.php?rest_route=%2Fwp%2Fv2%2Fcategories&post=14369"},{"taxonomy":"post_tag","embeddable":true,"href":"http:\/\/avozdecambra.pt\/index.php?rest_route=%2Fwp%2Fv2%2Ftags&post=14369"}],"curies":[{"name":"wp","href":"https:\/\/api.w.org\/{rel}","templated":true}]}}