{"id":14372,"date":"2026-04-27T11:40:30","date_gmt":"2026-04-27T11:40:30","guid":{"rendered":"https:\/\/avozdecambra.pt\/?p=14372"},"modified":"2026-04-27T11:47:06","modified_gmt":"2026-04-27T11:47:06","slug":"presidente-da-camara-apela-a-participacao-e-investimento-no-futuro-do-concelho-no-25-de-abril","status":"publish","type":"post","link":"http:\/\/avozdecambra.pt\/?p=14372","title":{"rendered":"Presidente da C\u00e2mara de Vale de Cambra apela \u00e0 participa\u00e7\u00e3o e investimento no futuro do concelho nas comemora\u00e7\u00f5es de Abril"},"content":{"rendered":"\n<p><strong>\u201cA liberdade tem um presente e um futuro que constru\u00edmos aqui\u201d<\/strong><\/p>\n\n\n\n<p>O presidente da C\u00e2mara Municipal de Vale de Cambra, Andr\u00e9 Martins da Silva, destacou o 25 de Abril como um momento de uni\u00e3o e celebra\u00e7\u00e3o da liberdade conquistada. Na sua interven\u00e7\u00e3o, sublinhou que o desafio atual passa por continuar a investir na qualidade de vida, atrav\u00e9s de \u00e1reas como habita\u00e7\u00e3o, educa\u00e7\u00e3o, sa\u00fade e infraestruturas.<\/p>\n\n\n\n<p><strong>Cristina Maria Santos <\/strong><\/p>\n\n\n\n<p>Dirigindo-se em particular \u00e0s gera\u00e7\u00f5es mais jovens, apelou \u00e0 participa\u00e7\u00e3o ativa na comunidade, lembrando que a liberdade deve ser preservada e constru\u00edda diariamente. O autarca refor\u00e7ou ainda o papel do poder local como pilar da democracia e motor de desenvolvimento do concelho.<\/p>\n","protected":false},"excerpt":{"rendered":"<p>\u201cA liberdade tem um presente e um futuro que constru\u00edmos aqui\u201d O presidente da C\u00e2mara Municipal de Vale de Cambra, Andr\u00e9 Martins da Silva, destacou o 25 de Abril como um momento de uni\u00e3o e celebra\u00e7\u00e3o da liberdade conquistada. Na sua interven\u00e7\u00e3o, sublinhou que o desafio atual passa por continuar a investir na qualidade de<\/p>\n","protected":false},"author":5,"featured_media":14373,"comment_status":"open","ping_status":"open","sticky":false,"template":"","format":"standard","meta":{"_monsterinsights_skip_tracking":false,"_monsterinsights_sitenote_active":false,"_monsterinsights_sitenote_note":"","_monsterinsights_sitenote_category":0,"footnotes":""},"categories":[1222,1],"tags":[472],"class_list":{"0":"post-14372","1":"post","2":"type-post","3":"status-publish","4":"format-standard","5":"has-post-thumbnail","7":"category-25-abril-2026","8":"category-atual","9":"tag-camara-de-vale-de-cambra"},"aioseo_notices":[],"_links":{"self":[{"href":"http:\/\/avozdecambra.pt\/index.php?rest_route=\/wp\/v2\/posts\/14372","targetHints":{"allow":["GET"]}}],"collection":[{"href":"http:\/\/avozdecambra.pt\/index.php?rest_route=\/wp\/v2\/posts"}],"about":[{"href":"http:\/\/avozdecambra.pt\/index.php?rest_route=\/wp\/v2\/types\/post"}],"author":[{"embeddable":true,"href":"http:\/\/avozdecambra.pt\/index.php?rest_route=\/wp\/v2\/users\/5"}],"replies":[{"embeddable":true,"href":"http:\/\/avozdecambra.pt\/index.php?rest_route=%2Fwp%2Fv2%2Fcomments&post=14372"}],"version-history":[{"count":3,"href":"http:\/\/avozdecambra.pt\/index.php?rest_route=\/wp\/v2\/posts\/14372\/revisions"}],"predecessor-version":[{"id":14384,"href":"http:\/\/avozdecambra.pt\/index.php?rest_route=\/wp\/v2\/posts\/14372\/revisions\/14384"}],"wp:featuredmedia":[{"embeddable":true,"href":"http:\/\/avozdecambra.pt\/index.php?rest_route=\/wp\/v2\/media\/14373"}],"wp:attachment":[{"href":"http:\/\/avozdecambra.pt\/index.php?rest_route=%2Fwp%2Fv2%2Fmedia&parent=14372"}],"wp:term":[{"taxonomy":"category","embeddable":true,"href":"http:\/\/avozdecambra.pt\/index.php?rest_route=%2Fwp%2Fv2%2Fcategories&post=14372"},{"taxonomy":"post_tag","embeddable":true,"href":"http:\/\/avozdecambra.pt\/index.php?rest_route=%2Fwp%2Fv2%2Ftags&post=14372"}],"curies":[{"name":"wp","href":"https:\/\/api.w.org\/{rel}","templated":true}]}}