{"id":14386,"date":"2026-04-27T16:16:19","date_gmt":"2026-04-27T16:16:19","guid":{"rendered":"https:\/\/avozdecambra.pt\/?p=14386"},"modified":"2026-04-27T16:16:20","modified_gmt":"2026-04-27T16:16:20","slug":"secretario-de-estado-da-defesa-destaca-importancia-da-memoria-coletiva-no-lancamento-de-obra-sobre-combatentes-de-vale-de-cambra","status":"publish","type":"post","link":"http:\/\/avozdecambra.pt\/?p=14386","title":{"rendered":"Secret\u00e1rio de Estado da Defesa destaca import\u00e2ncia da mem\u00f3ria coletiva no lan\u00e7amento de obra sobre combatentes de Vale de Cambra"},"content":{"rendered":"\n<p><strong>O Secret\u00e1rio de Estado Adjunto e da Defesa Nacional, \u00c1lvaro Castelo Branco, marcou presen\u00e7a no lan\u00e7amento do livro <em>\u201cA guerra do Ultramar e os combatentes de Vale de Cambra\u201d<\/em>, de Martinho Almeida, este domingo, no Centro de Artes e Espet\u00e1culos de Vale de Cambra, onde sublinhou o papel da obra na preserva\u00e7\u00e3o da mem\u00f3ria coletiva e destacou medidas do Governo de valoriza\u00e7\u00e3o dos antigos combatentes.<\/strong><\/p>\n\n\n\n<p><strong>Cristina Maria Santos <\/strong><\/p>\n\n\n\n<p>A iniciativa integrou o programa comemorativo do 25 de Abril no concelho e reuniu v\u00e1rias entidades locais, associa\u00e7\u00f5es e antigos combatentes.<\/p>\n\n\n\n<p>Na sua interven\u00e7\u00e3o, \u00c1lvaro Castelo Branco enfatizou a relev\u00e2ncia do livro apresentado, considerando que este \u201cnos d\u00e1 a conhecer mais sobre a viv\u00eancia e a experi\u00eancia na guerra naquele tempo\u201d e contribui de forma decisiva para manter viva a mem\u00f3ria hist\u00f3rica. O governante defendeu que Portugal tem o dever de honrar aqueles que serviram a p\u00e1tria, sublinhando que \u201cnum pa\u00eds onde tantas vezes se celebra o sup\u00e9rfluo, \u00e9 importante recordar her\u00f3is como estes\u201d.<\/p>\n\n\n\n<p>Para o secret\u00e1rio de Estado, iniciativas como esta, que envolvem escritores, autarcas e a comunidade, representam um esfor\u00e7o coletivo essencial para transmitir \u00e0s gera\u00e7\u00f5es mais jovens o legado dos combatentes. \u201cAlgo vai muito mal num povo que n\u00e3o honra os seus maiores\u201d, afirmou, valorizando o trabalho desenvolvido pelo autor.<\/p>\n\n\n\n<p>Al\u00e9m da componente evocativa, o governante aproveitou a ocasi\u00e3o para destacar as medidas que o Governo tem vindo a implementar em benef\u00edcio dos antigos combatentes. Reconhecendo que \u201ctudo o que fa\u00e7amos ser\u00e1 sempre, por ventura, insuficiente\u201d, apontou, no entanto, progressos concretos alcan\u00e7ados nos \u00faltimos dois anos.<\/p>\n\n\n\n<p>Entre estes, destacou a comparticipa\u00e7\u00e3o a 100% de medicamentos para pensionistas e a 90% de psicof\u00e1rmacos para n\u00e3o pensionistas, a acelera\u00e7\u00e3o dos processos dos deficientes das For\u00e7as Armadas e o acesso dos membros da Liga dos Combatentes ao Hospital das For\u00e7as Armadas. Referiu ainda o refor\u00e7o na emiss\u00e3o dos cart\u00f5es de antigo combatente.<\/p>\n\n\n\n<p>\u00c1lvaro Castelo Branco sublinhou igualmente o reconhecimento atribu\u00eddo aos antigos combatentes presentes na \u00cdndia portuguesa aquando da anexa\u00e7\u00e3o pela Uni\u00e3o Indiana, medida que veio corrigir uma injusti\u00e7a que se mantinha desde 1961.<\/p>\n\n\n\n<p>O governante assegurou que o Executivo continuar\u00e1 a trabalhar na resolu\u00e7\u00e3o de problemas ainda existentes, mantendo o compromisso de valoriza\u00e7\u00e3o destes cidad\u00e3os.<\/p>\n\n\n\n<p>A sess\u00e3o terminou com palavras de agradecimento \u00e0s associa\u00e7\u00f5es e n\u00facleos da Liga dos Combatentes, bem como uma felicita\u00e7\u00e3o ao autor Martinho Almeida pela obra apresentada, considerada um contributo relevante para a hist\u00f3ria local e nacional.<\/p>\n","protected":false},"excerpt":{"rendered":"<p>O Secret\u00e1rio de Estado Adjunto e da Defesa Nacional, \u00c1lvaro Castelo Branco, marcou presen\u00e7a no lan\u00e7amento do livro \u201cA guerra do Ultramar e os combatentes de Vale de Cambra\u201d, de Martinho Almeida, este domingo, no Centro de Artes e Espet\u00e1culos de Vale de Cambra, onde sublinhou o papel da obra na preserva\u00e7\u00e3o da mem\u00f3ria coletiva<\/p>\n","protected":false},"author":5,"featured_media":14387,"comment_status":"open","ping_status":"open","sticky":false,"template":"","format":"standard","meta":{"_monsterinsights_skip_tracking":false,"_monsterinsights_sitenote_active":false,"_monsterinsights_sitenote_note":"","_monsterinsights_sitenote_category":0,"footnotes":""},"categories":[1222,1],"tags":[1223],"class_list":{"0":"post-14386","1":"post","2":"type-post","3":"status-publish","4":"format-standard","5":"has-post-thumbnail","7":"category-25-abril-2026","8":"category-atual","9":"tag-25-abril-2026"},"aioseo_notices":[],"_links":{"self":[{"href":"http:\/\/avozdecambra.pt\/index.php?rest_route=\/wp\/v2\/posts\/14386","targetHints":{"allow":["GET"]}}],"collection":[{"href":"http:\/\/avozdecambra.pt\/index.php?rest_route=\/wp\/v2\/posts"}],"about":[{"href":"http:\/\/avozdecambra.pt\/index.php?rest_route=\/wp\/v2\/types\/post"}],"author":[{"embeddable":true,"href":"http:\/\/avozdecambra.pt\/index.php?rest_route=\/wp\/v2\/users\/5"}],"replies":[{"embeddable":true,"href":"http:\/\/avozdecambra.pt\/index.php?rest_route=%2Fwp%2Fv2%2Fcomments&post=14386"}],"version-history":[{"count":1,"href":"http:\/\/avozdecambra.pt\/index.php?rest_route=\/wp\/v2\/posts\/14386\/revisions"}],"predecessor-version":[{"id":14388,"href":"http:\/\/avozdecambra.pt\/index.php?rest_route=\/wp\/v2\/posts\/14386\/revisions\/14388"}],"wp:featuredmedia":[{"embeddable":true,"href":"http:\/\/avozdecambra.pt\/index.php?rest_route=\/wp\/v2\/media\/14387"}],"wp:attachment":[{"href":"http:\/\/avozdecambra.pt\/index.php?rest_route=%2Fwp%2Fv2%2Fmedia&parent=14386"}],"wp:term":[{"taxonomy":"category","embeddable":true,"href":"http:\/\/avozdecambra.pt\/index.php?rest_route=%2Fwp%2Fv2%2Fcategories&post=14386"},{"taxonomy":"post_tag","embeddable":true,"href":"http:\/\/avozdecambra.pt\/index.php?rest_route=%2Fwp%2Fv2%2Ftags&post=14386"}],"curies":[{"name":"wp","href":"https:\/\/api.w.org\/{rel}","templated":true}]}}