{"id":14393,"date":"2026-04-27T17:39:45","date_gmt":"2026-04-27T17:39:45","guid":{"rendered":"https:\/\/avozdecambra.pt\/?p=14393"},"modified":"2026-04-27T17:39:45","modified_gmt":"2026-04-27T17:39:45","slug":"nenhum-de-nos-deve-sentir-que-o-pais-que-serviu-o-tenha-abandonado-martinho-almeida-lanca-livro-e-pede-mais-apoio-para-ex-combatentes","status":"publish","type":"post","link":"http:\/\/avozdecambra.pt\/?p=14393","title":{"rendered":"\u201cNenhum de n\u00f3s deve sentir que o pa\u00eds que serviu o tenha abandonado\u201d: Martinho Almeida lan\u00e7a livro e pede mais apoio para ex-combatentes"},"content":{"rendered":"\n<p><strong>O Centro de Artes e Espet\u00e1culos (CAE) de Vale de Cambra recebeu, este domingo, uma sess\u00e3o integrada nas comemora\u00e7\u00f5es do Revolu\u00e7\u00e3o dos Cravos, marcada pela interven\u00e7\u00e3o do autor Martinho Almeida, que apresentou o livro \u201cA guerra do Ultramar e os combatentes de Vale de Cambra\u201d<\/strong> <strong>e faz um apelo sentido ao Estado, para que apoie mais os ex-combatentes e fam\u00edlias. <\/strong><\/p>\n\n\n\n<p><strong>Cristina Maria Santos <\/strong><\/p>\n\n\n\n<p>Perante uma plateia essencialmente de ex-combatentes e familiares, o autor come\u00e7ou por sublinhar a import\u00e2ncia do momento e da presen\u00e7a do p\u00fablico: \u201cObrigado a todos, desta vasta plateia que me orgulha e honra, e que \u00e9 a prova evidente que os combatentes n\u00e3o s\u00e3o um tema de arquivo, mas sim uma presen\u00e7a viva, ativa e merecedora de aten\u00e7\u00e3o permanente do Estado e da sociedade.\u201d<\/p>\n\n\n\n<p>A obra que foi apresentada pelo jornalista valecambrense Luis Mar\u00e7al, resulta de cerca de tr\u00eas anos de investiga\u00e7\u00e3o e pretende preservar a mem\u00f3ria dos antigos combatentes do concelho. Segundo Martinho Almeida, o livro surge para colmatar uma lacuna hist\u00f3rica local: identificar e dar rosto aos jovens de Vale de Cambra que, nas d\u00e9cadas de 60 e 70, participaram na Guerra do Ultramar em \u00c1frica. O autor destacou as dificuldades encontradas ao longo do processo, desde entraves burocr\u00e1ticos ao acesso limitado a fontes, sublinhando ainda o contributo coletivo que tornou poss\u00edvel a concretiza\u00e7\u00e3o do projeto.<\/p>\n\n\n\n<p>Durante a sua interven\u00e7\u00e3o, o autor refor\u00e7ou o reconhecimento devido aos ex-combatentes, destacando o seu papel na hist\u00f3ria contempor\u00e2nea portuguesa e o sacrif\u00edcio pessoal e familiar envolvido. Recordou tamb\u00e9m aqueles que n\u00e3o regressaram e os que voltaram marcados f\u00edsica e psicologicamente, muitos dos quais reconstru\u00edram as suas vidas em sil\u00eancio.<\/p>\n\n\n\n<p>Um dos momentos centrais do discurso foi o apelo direto dirigido ao Secret\u00e1rio de Estado presente na sess\u00e3o. Martinho Almeida pediu medidas concretas para melhorar o acesso ao Estatuto do Antigo Combatente, denunciando dificuldades burocr\u00e1ticas e falta de informa\u00e7\u00e3o que ainda impedem muitos, incluindo vi\u00favas, de usufru\u00edrem dos seus direitos. \u201cPe\u00e7o [\u2026] que se facilite o acesso ao reconhecimento do Estatuto a todos os combatentes e esposas dos que j\u00e1 faleceram para que ningu\u00e9m fique esquecido\u201d, afirmou, alertando que, apesar de alguns avan\u00e7os, persistem lacunas que exigem resposta urgente.<\/p>\n\n\n\n<p>O autor manifestou ainda confian\u00e7a na capacidade do Governo para responder \u00e0s necessidades dos antigos combatentes, sublinhando que \u201cnenhum de n\u00f3s deve sentir que o pa\u00eds que serviu o tenha abandonado\u201d.<\/p>\n\n\n\n<p>A interven\u00e7\u00e3o incluiu tamb\u00e9m uma reflex\u00e3o sobre o valor da paz, especialmente por quem viveu a guerra, e uma homenagem \u00e0s fam\u00edlias dos combatentes, em particular \u00e0s m\u00e3es e esposas que enfrentaram longos per\u00edodos de aus\u00eancia e incerteza.<\/p>\n\n\n\n<p>A encerrar, Martinho Almeida deixou um apelo \u00e0s autoridades locais para a concretiza\u00e7\u00e3o de um Monumento ao Combatente em Vale de Cambra, como s\u00edmbolo de mem\u00f3ria e homenagem para as gera\u00e7\u00f5es futuras.<\/p>\n\n\n\n<p>A sess\u00e3o integrou o programa evocativo do 25 de Abril no concelho, refor\u00e7ando a liga\u00e7\u00e3o entre mem\u00f3ria hist\u00f3rica, reconhecimento e cidadania.<\/p>\n","protected":false},"excerpt":{"rendered":"<p>O Centro de Artes e Espet\u00e1culos (CAE) de Vale de Cambra recebeu, este domingo, uma sess\u00e3o integrada nas comemora\u00e7\u00f5es do Revolu\u00e7\u00e3o dos Cravos, marcada pela interven\u00e7\u00e3o do autor Martinho Almeida, que apresentou o livro \u201cA guerra do Ultramar e os combatentes de Vale de Cambra\u201d e faz um apelo sentido ao Estado, para que apoie<\/p>\n","protected":false},"author":5,"featured_media":14394,"comment_status":"open","ping_status":"open","sticky":false,"template":"","format":"standard","meta":{"_monsterinsights_skip_tracking":false,"_monsterinsights_sitenote_active":false,"_monsterinsights_sitenote_note":"","_monsterinsights_sitenote_category":0,"footnotes":""},"categories":[1222],"tags":[1225,1224],"class_list":{"0":"post-14393","1":"post","2":"type-post","3":"status-publish","4":"format-standard","5":"has-post-thumbnail","7":"category-25-abril-2026","8":"tag-25-de-abril-2026","9":"tag-martinho-almeida"},"aioseo_notices":[],"_links":{"self":[{"href":"http:\/\/avozdecambra.pt\/index.php?rest_route=\/wp\/v2\/posts\/14393","targetHints":{"allow":["GET"]}}],"collection":[{"href":"http:\/\/avozdecambra.pt\/index.php?rest_route=\/wp\/v2\/posts"}],"about":[{"href":"http:\/\/avozdecambra.pt\/index.php?rest_route=\/wp\/v2\/types\/post"}],"author":[{"embeddable":true,"href":"http:\/\/avozdecambra.pt\/index.php?rest_route=\/wp\/v2\/users\/5"}],"replies":[{"embeddable":true,"href":"http:\/\/avozdecambra.pt\/index.php?rest_route=%2Fwp%2Fv2%2Fcomments&post=14393"}],"version-history":[{"count":1,"href":"http:\/\/avozdecambra.pt\/index.php?rest_route=\/wp\/v2\/posts\/14393\/revisions"}],"predecessor-version":[{"id":14395,"href":"http:\/\/avozdecambra.pt\/index.php?rest_route=\/wp\/v2\/posts\/14393\/revisions\/14395"}],"wp:featuredmedia":[{"embeddable":true,"href":"http:\/\/avozdecambra.pt\/index.php?rest_route=\/wp\/v2\/media\/14394"}],"wp:attachment":[{"href":"http:\/\/avozdecambra.pt\/index.php?rest_route=%2Fwp%2Fv2%2Fmedia&parent=14393"}],"wp:term":[{"taxonomy":"category","embeddable":true,"href":"http:\/\/avozdecambra.pt\/index.php?rest_route=%2Fwp%2Fv2%2Fcategories&post=14393"},{"taxonomy":"post_tag","embeddable":true,"href":"http:\/\/avozdecambra.pt\/index.php?rest_route=%2Fwp%2Fv2%2Ftags&post=14393"}],"curies":[{"name":"wp","href":"https:\/\/api.w.org\/{rel}","templated":true}]}}