{"id":14396,"date":"2026-04-27T21:38:24","date_gmt":"2026-04-27T21:38:24","guid":{"rendered":"https:\/\/avozdecambra.pt\/?p=14396"},"modified":"2026-04-27T21:38:25","modified_gmt":"2026-04-27T21:38:25","slug":"presidente-da-assembleia-municipal-destaca-memoria-e-dignidade-dos-ex-combatentes-na-apresentacao-de-obra-sobre-o-ultramar","status":"publish","type":"post","link":"http:\/\/avozdecambra.pt\/?p=14396","title":{"rendered":"Presidente da Assembleia Municipal destaca mem\u00f3ria e dignidade dos ex-combatentes na apresenta\u00e7\u00e3o de obra sobre o Ultramar"},"content":{"rendered":"\n<p><strong>A presidente da Assembleia Municipal de Vale de Cambra, Adriana Rodrigues, sublinhou a import\u00e2ncia da mem\u00f3ria coletiva e da dignidade dos ex-combatentes durante a apresenta\u00e7\u00e3o do livro \u201cA guerra do Ultramar e os combatentes de Vale de Cambra\u201d, da autoria de Martinho Almeida, realizada este domingo no Centro de Artes e Espet\u00e1culos (CAE).<\/strong><\/p>\n\n\n\n<p><strong>Cristina Maria Santos <\/strong><\/p>\n\n\n\n<p>A sess\u00e3o integrou as comemora\u00e7\u00f5es da Revolu\u00e7\u00e3o dos Cravos no concelho e reuniu numerosos participantes, entre antigos combatentes, familiares e comunidade em geral.<\/p>\n\n\n\n<p>Na sua interven\u00e7\u00e3o, Adriana Rodrigues destacou que a evoca\u00e7\u00e3o do 25 de Abril deve ser tamb\u00e9m um momento de reflex\u00e3o sobre o percurso coletivo do pa\u00eds. \u201c\u00c9 uma data que celebra a liberdade, mas que nos convoca tamb\u00e9m para olhar para o nosso percurso com verdade, responsabilidade e compreens\u00e3o\u201d, afirmou, enquadrando a apresenta\u00e7\u00e3o da obra nesse exerc\u00edcio de mem\u00f3ria.<\/p>\n\n\n\n<p>A presidente da Assembleia Municipal de Vale de Cambra recordou o impacto profundo da Guerra do Ultramar na sociedade portuguesa, particularmente nas comunidades locais. Referiu os jovens que partiram para o conflito e as fam\u00edlias que ficaram, enfrentando a aus\u00eancia e a incerteza com coragem, deixando uma sauda\u00e7\u00e3o especial aos ex-combatentes presentes e aos seus familiares.<\/p>\n\n\n\n<p>Sobre a obra de Martinho Almeida, destacou o seu valor enquanto contributo para a preserva\u00e7\u00e3o da mem\u00f3ria coletiva, reunindo nomes, imagens e testemunhos que ajudam a compreender uma gera\u00e7\u00e3o marcada pela guerra. Sublinhou ainda a \u201cdignidade silenciosa\u201d com que muitos enfrentaram o conflito, enaltecendo a coragem, o sentido de dever e a humanidade demonstrados em circunst\u00e2ncias adversas.<\/p>\n\n\n\n<p>\u201cMais do que um registo, esta obra d\u00e1 visibilidade a percursos individuais que partilham uma experi\u00eancia comum\u201d, afirmou, acrescentando que o livro constitui um legado coletivo que atravessa gera\u00e7\u00f5es e marca profundamente a identidade de Vale de Cambra.<\/p>\n\n\n\n<p>Na sua interven\u00e7\u00e3o, Adriana Rodrigues destacou tamb\u00e9m o papel da Igreja no apoio espiritual aos militares e \u00e0s suas fam\u00edlias durante o per\u00edodo da guerra, considerando essa dimens\u00e3o essencial para compreender o contexto vivido.<\/p>\n\n\n\n<p>Em nome da Assembleia Municipal, deixou um agradecimento ao autor pelo rigor e dedica\u00e7\u00e3o, bem como uma mensagem de reconhecimento aos ex-combatentes: \u201cEnquanto houver reconhecimento, saberemos honrar quem serviu. E enquanto soubermos honrar, n\u00e3o haver\u00e1 esquecimento.\u201d<\/p>\n","protected":false},"excerpt":{"rendered":"<p>A presidente da Assembleia Municipal de Vale de Cambra, Adriana Rodrigues, sublinhou a import\u00e2ncia da mem\u00f3ria coletiva e da dignidade dos ex-combatentes durante a apresenta\u00e7\u00e3o do livro \u201cA guerra do Ultramar e os combatentes de Vale de Cambra\u201d, da autoria de Martinho Almeida, realizada este domingo no Centro de Artes e Espet\u00e1culos (CAE). Cristina Maria<\/p>\n","protected":false},"author":5,"featured_media":14397,"comment_status":"open","ping_status":"open","sticky":false,"template":"","format":"standard","meta":{"_monsterinsights_skip_tracking":false,"_monsterinsights_sitenote_active":false,"_monsterinsights_sitenote_note":"","_monsterinsights_sitenote_category":0,"footnotes":""},"categories":[1222,1],"tags":[1223,548],"class_list":{"0":"post-14396","1":"post","2":"type-post","3":"status-publish","4":"format-standard","5":"has-post-thumbnail","7":"category-25-abril-2026","8":"category-atual","9":"tag-25-abril-2026","10":"tag-adriana-rodrigues"},"aioseo_notices":[],"_links":{"self":[{"href":"http:\/\/avozdecambra.pt\/index.php?rest_route=\/wp\/v2\/posts\/14396","targetHints":{"allow":["GET"]}}],"collection":[{"href":"http:\/\/avozdecambra.pt\/index.php?rest_route=\/wp\/v2\/posts"}],"about":[{"href":"http:\/\/avozdecambra.pt\/index.php?rest_route=\/wp\/v2\/types\/post"}],"author":[{"embeddable":true,"href":"http:\/\/avozdecambra.pt\/index.php?rest_route=\/wp\/v2\/users\/5"}],"replies":[{"embeddable":true,"href":"http:\/\/avozdecambra.pt\/index.php?rest_route=%2Fwp%2Fv2%2Fcomments&post=14396"}],"version-history":[{"count":1,"href":"http:\/\/avozdecambra.pt\/index.php?rest_route=\/wp\/v2\/posts\/14396\/revisions"}],"predecessor-version":[{"id":14398,"href":"http:\/\/avozdecambra.pt\/index.php?rest_route=\/wp\/v2\/posts\/14396\/revisions\/14398"}],"wp:featuredmedia":[{"embeddable":true,"href":"http:\/\/avozdecambra.pt\/index.php?rest_route=\/wp\/v2\/media\/14397"}],"wp:attachment":[{"href":"http:\/\/avozdecambra.pt\/index.php?rest_route=%2Fwp%2Fv2%2Fmedia&parent=14396"}],"wp:term":[{"taxonomy":"category","embeddable":true,"href":"http:\/\/avozdecambra.pt\/index.php?rest_route=%2Fwp%2Fv2%2Fcategories&post=14396"},{"taxonomy":"post_tag","embeddable":true,"href":"http:\/\/avozdecambra.pt\/index.php?rest_route=%2Fwp%2Fv2%2Ftags&post=14396"}],"curies":[{"name":"wp","href":"https:\/\/api.w.org\/{rel}","templated":true}]}}