{"id":14401,"date":"2026-04-27T21:58:29","date_gmt":"2026-04-27T21:58:29","guid":{"rendered":"https:\/\/avozdecambra.pt\/?p=14401"},"modified":"2026-04-27T21:58:30","modified_gmt":"2026-04-27T21:58:30","slug":"presidente-da-camara-anuncia-memorial-aos-ex-combatentes-no-lancamento-de-obra-sobre-a-guerra-do-ultramar","status":"publish","type":"post","link":"http:\/\/avozdecambra.pt\/?p=14401","title":{"rendered":"Presidente da C\u00e2mara anuncia memorial aos ex-combatentes no lan\u00e7amento de obra sobre a Guerra do Ultramar"},"content":{"rendered":"\n<p><strong>O presidente da C\u00e2mara Municipal de Vale de Cambra, Andr\u00e9 Martins da Silva, anunciou este domingo o avan\u00e7o da constru\u00e7\u00e3o de um memorial de homenagem aos ex-combatentes do concelho, durante a apresenta\u00e7\u00e3o do livro \u201cA guerra do Ultramar e os combatentes de Vale de Cambra\u201d, da autoria de Martinho Almeida.<\/strong><\/p>\n\n\n\n<p><strong>Cristina Maria Santos<\/strong> <\/p>\n\n\n\n<p>A sess\u00e3o, integrada nas comemora\u00e7\u00f5es da Revolu\u00e7\u00e3o dos Cravos, decorreu no Centro de Artes e Espet\u00e1culos (CAE) e reuniu centenas de pessoas, evidenciando o forte envolvimento da comunidade local em torno da mem\u00f3ria dos antigos combatentes.<\/p>\n\n\n\n<p>No momento mais marcante da sua interven\u00e7\u00e3o, o autarca assumiu publicamente o compromisso: a C\u00e2mara Municipal \u201cir\u00e1 avan\u00e7ar com a execu\u00e7\u00e3o do Memorial em Honra, Mem\u00f3ria e Gratid\u00e3o de todos os valecambrenses que estiveram na Guerra do Ultramar\u201d. A iniciativa surge como resposta ao dever de reconhecimento coletivo para com os cerca de 1300 homens do concelho que participaram no conflito, 15 deles mortos em combate. <\/p>\n\n\n\n<p>Andr\u00e9 Martins da Silva destacou ainda o papel ativo da autarquia na concretiza\u00e7\u00e3o da obra, sublinhando o apoio financeiro desde o in\u00edcio, bem como a disponibiliza\u00e7\u00e3o de recursos humanos e espa\u00e7os municipais para a sua realiza\u00e7\u00e3o. O autarca refor\u00e7ou que o livro representa \u201cum ato de justi\u00e7a, de reconcilia\u00e7\u00e3o com a nossa hist\u00f3ria e de gratid\u00e3o\u201d para com aqueles que viveram uma das fases mais marcantes do s\u00e9culo XX portugu\u00eas.<\/p>\n\n\n\n<p>A elevada aflu\u00eancia ao evento levou a constrangimentos na capacidade da sala, situa\u00e7\u00e3o que motivou um pedido p\u00fablico de desculpas por parte do presidente. Apesar de a autarquia ter proposto alternativas como o Pavilh\u00e3o Municipal e preparado espa\u00e7os adicionais com transmiss\u00e3o em direto, muitos n\u00e3o conseguiram assistir presencialmente. \u201cPe\u00e7o desculpa aos que est\u00e3o aqui presentes, aos que n\u00e3o conseguiram estar e aos que vieram de longe\u201d, afirmou.<\/p>\n\n\n\n<p>Durante o discurso, o presidente convidou os ex-combatentes presentes a levantarem-se, gesto acompanhado por uma forte salva de palmas, simbolizando o reconhecimento da comunidade. Recordou ainda os que n\u00e3o regressaram e destacou o impacto duradouro da guerra nas fam\u00edlias e na sociedade local.<\/p>\n\n\n\n<p>A obra de Martinho Almeida foi elogiada pelo rigor e profundidade, reunindo testemunhos, fotografias e documentos que preservam a mem\u00f3ria coletiva do concelho. Para o autarca, o livro \u201cvem preencher um sil\u00eancio\u201d e constitui uma ferramenta essencial para que as novas gera\u00e7\u00f5es compreendam o passado.<\/p>\n\n\n\n<p>A encerrar, Andr\u00e9 Martins da Silva deixou uma mensagem de gratid\u00e3o dirigida aos combatentes e suas fam\u00edlias, sublinhando que a publica\u00e7\u00e3o agora apresentada garante que \u201ca hist\u00f3ria de Vale de Cambra nunca esquecer\u00e1 os seus filhos que combateram no ultramar\u201d.<\/p>\n","protected":false},"excerpt":{"rendered":"<p>O presidente da C\u00e2mara Municipal de Vale de Cambra, Andr\u00e9 Martins da Silva, anunciou este domingo o avan\u00e7o da constru\u00e7\u00e3o de um memorial de homenagem aos ex-combatentes do concelho, durante a apresenta\u00e7\u00e3o do livro \u201cA guerra do Ultramar e os combatentes de Vale de Cambra\u201d, da autoria de Martinho Almeida. Cristina Maria Santos A sess\u00e3o,<\/p>\n","protected":false},"author":5,"featured_media":14402,"comment_status":"open","ping_status":"open","sticky":false,"template":"","format":"standard","meta":{"_monsterinsights_skip_tracking":false,"_monsterinsights_sitenote_active":false,"_monsterinsights_sitenote_note":"","_monsterinsights_sitenote_category":0,"footnotes":""},"categories":[1222,1],"tags":[1225,1120],"class_list":{"0":"post-14401","1":"post","2":"type-post","3":"status-publish","4":"format-standard","5":"has-post-thumbnail","7":"category-25-abril-2026","8":"category-atual","9":"tag-25-de-abril-2026","10":"tag-andre-martins-da-silva"},"aioseo_notices":[],"_links":{"self":[{"href":"http:\/\/avozdecambra.pt\/index.php?rest_route=\/wp\/v2\/posts\/14401","targetHints":{"allow":["GET"]}}],"collection":[{"href":"http:\/\/avozdecambra.pt\/index.php?rest_route=\/wp\/v2\/posts"}],"about":[{"href":"http:\/\/avozdecambra.pt\/index.php?rest_route=\/wp\/v2\/types\/post"}],"author":[{"embeddable":true,"href":"http:\/\/avozdecambra.pt\/index.php?rest_route=\/wp\/v2\/users\/5"}],"replies":[{"embeddable":true,"href":"http:\/\/avozdecambra.pt\/index.php?rest_route=%2Fwp%2Fv2%2Fcomments&post=14401"}],"version-history":[{"count":1,"href":"http:\/\/avozdecambra.pt\/index.php?rest_route=\/wp\/v2\/posts\/14401\/revisions"}],"predecessor-version":[{"id":14403,"href":"http:\/\/avozdecambra.pt\/index.php?rest_route=\/wp\/v2\/posts\/14401\/revisions\/14403"}],"wp:featuredmedia":[{"embeddable":true,"href":"http:\/\/avozdecambra.pt\/index.php?rest_route=\/wp\/v2\/media\/14402"}],"wp:attachment":[{"href":"http:\/\/avozdecambra.pt\/index.php?rest_route=%2Fwp%2Fv2%2Fmedia&parent=14401"}],"wp:term":[{"taxonomy":"category","embeddable":true,"href":"http:\/\/avozdecambra.pt\/index.php?rest_route=%2Fwp%2Fv2%2Fcategories&post=14401"},{"taxonomy":"post_tag","embeddable":true,"href":"http:\/\/avozdecambra.pt\/index.php?rest_route=%2Fwp%2Fv2%2Ftags&post=14401"}],"curies":[{"name":"wp","href":"https:\/\/api.w.org\/{rel}","templated":true}]}}