{"id":14407,"date":"2026-04-29T15:06:51","date_gmt":"2026-04-29T15:06:51","guid":{"rendered":"https:\/\/avozdecambra.pt\/?p=14407"},"modified":"2026-04-29T15:16:23","modified_gmt":"2026-04-29T15:16:23","slug":"inox-n-fire-challenge-2026-regressa-a-vale-de-cambra-para-destacar-exigencia-da-missao-dos-bombeiros","status":"publish","type":"post","link":"http:\/\/avozdecambra.pt\/?p=14407","title":{"rendered":"INOX N FIRE CHALLENGE 2026 regressa a Vale de Cambra para destacar exig\u00eancia da miss\u00e3o dos bombeiros"},"content":{"rendered":"\n<p><strong>O Parque da Cidade de Vale de Cambra volta a receber, nos dias 2 e 3 de maio de 2026, o INOX N FIRE CHALLENGE, uma iniciativa promovida pela Associa\u00e7\u00e3o de Bombeiros Volunt\u00e1rios de Vale de Cambra, atrav\u00e9s da sua estrutura Juvebombeiro. O evento pretende aproximar a comunidade da realidade operacional dos bombeiros, evidenciando a exig\u00eancia f\u00edsica, t\u00e9cnica e psicol\u00f3gica da profiss\u00e3o.<\/strong><\/p>\n\n\n\n<p><strong>Cristina Maria Santos<\/strong><\/p>\n\n\n\n<p>Com in\u00edcio marcado para as 09h00 em ambos os dias, a edi\u00e7\u00e3o deste ano divide-se em duas vertentes: a prova individual, no dia 2, e a prova de equipas, no dia 3. Os participantes enfrentar\u00e3o um percurso desafiante, numa corrida contra o tempo, que inclui transposi\u00e7\u00e3o de obst\u00e1culos, comunica\u00e7\u00f5es verticais e horizontais, transporte e montagem de equipamento, bem como simula\u00e7\u00f5es de salvamento.<\/p>\n\n\n\n<p>\u00c0 semelhan\u00e7a das edi\u00e7\u00f5es anteriores, todas as provas ser\u00e3o realizadas com recurso ao Equipamento de Prote\u00e7\u00e3o Individual urbano e ao Aparelho Respirat\u00f3rio Isolante de Circuito Aberto (ARICA), recriando com realismo as condi\u00e7\u00f5es vividas em contexto de emerg\u00eancia.<\/p>\n\n\n\n<p>Mais do que uma competi\u00e7\u00e3o, o INOX N FIRE CHALLENGE afirma-se como uma plataforma de valoriza\u00e7\u00e3o do papel dos bombeiros, promovendo a sua imagem junto da popula\u00e7\u00e3o e refor\u00e7ando a liga\u00e7\u00e3o \u00e0 comunidade.<\/p>\n\n\n\n<p>A edi\u00e7\u00e3o de 2026 surge na sequ\u00eancia do sucesso registado em 2025, que marcou a quarta edi\u00e7\u00e3o do evento. Nesse ano, mais de 300 bombeiros de todo o pa\u00eds participaram na iniciativa, distribu\u00eddos por cerca de 40 equipas masculinas e femininas, num balan\u00e7o que superou as expectativas da organiza\u00e7\u00e3o.<\/p>\n\n\n\n<p>Segundo o presidente da associa\u00e7\u00e3o, Jorge Pinho, a edi\u00e7\u00e3o anterior destacou-se como \u201cuma verdadeira demonstra\u00e7\u00e3o de for\u00e7a, t\u00e9cnica e esp\u00edrito de equipa\u201d, sublinhando ainda a forte ades\u00e3o do p\u00fablico e o empenho dos participantes, acrescentando que para este ano as expectativas se mant\u00eam igualmente elevadas.<\/p>\n\n\n\n<p>O comandante dos bombeiros, Victor Machado, mostra-se confiante para a edi\u00e7\u00e3o deste ano, assumindo expectativas elevadas para mais um evento de sucesso que &#8220;promete dar a conhecer a realidade operacional n\u00e3o s\u00f3 dos bombeiros locais, mas tamb\u00e9m de corpora\u00e7\u00f5es de todo o pa\u00eds, evidenciando a exig\u00eancia f\u00edsica, t\u00e9cnica e psicol\u00f3gica inerente \u00e0 profiss\u00e3o&#8221;.<\/p>\n\n\n\n<p>Ao longo dos \u00faltimos anos, o evento tem vindo a consolidar-se como uma refer\u00eancia nacional, proporcionando ao p\u00fablico uma experi\u00eancia pr\u00f3xima da realidade dos chamados \u201csoldados da paz\u201d, em cen\u00e1rios que simulam situa\u00e7\u00f5es de inc\u00eandio e socorro.<\/p>\n\n\n\n<p>Para 2026, a organiza\u00e7\u00e3o renova o convite \u00e0 popula\u00e7\u00e3o para assistir ao INOX N FIRE CHALLENGE, prometendo dois dias marcados pela emo\u00e7\u00e3o, supera\u00e7\u00e3o e forte esp\u00edrito de equipa.<\/p>\n","protected":false},"excerpt":{"rendered":"<p>O Parque da Cidade de Vale de Cambra volta a receber, nos dias 2 e 3 de maio de 2026, o INOX N FIRE CHALLENGE, uma iniciativa promovida pela Associa\u00e7\u00e3o de Bombeiros Volunt\u00e1rios de Vale de Cambra, atrav\u00e9s da sua estrutura Juvebombeiro. O evento pretende aproximar a comunidade da realidade operacional dos bombeiros, evidenciando a<\/p>\n","protected":false},"author":5,"featured_media":14412,"comment_status":"open","ping_status":"open","sticky":false,"template":"","format":"standard","meta":{"_monsterinsights_skip_tracking":false,"_monsterinsights_sitenote_active":false,"_monsterinsights_sitenote_note":"","_monsterinsights_sitenote_category":0,"footnotes":""},"categories":[585,1],"tags":[31,1117],"class_list":{"0":"post-14407","1":"post","2":"type-post","3":"status-publish","4":"format-standard","5":"has-post-thumbnail","7":"category-agenda","8":"category-atual","9":"tag-bombeiros-voluntarios-de-vale-de-cambra","10":"tag-inoxn-fire-challenge"},"aioseo_notices":[],"_links":{"self":[{"href":"http:\/\/avozdecambra.pt\/index.php?rest_route=\/wp\/v2\/posts\/14407","targetHints":{"allow":["GET"]}}],"collection":[{"href":"http:\/\/avozdecambra.pt\/index.php?rest_route=\/wp\/v2\/posts"}],"about":[{"href":"http:\/\/avozdecambra.pt\/index.php?rest_route=\/wp\/v2\/types\/post"}],"author":[{"embeddable":true,"href":"http:\/\/avozdecambra.pt\/index.php?rest_route=\/wp\/v2\/users\/5"}],"replies":[{"embeddable":true,"href":"http:\/\/avozdecambra.pt\/index.php?rest_route=%2Fwp%2Fv2%2Fcomments&post=14407"}],"version-history":[{"count":3,"href":"http:\/\/avozdecambra.pt\/index.php?rest_route=\/wp\/v2\/posts\/14407\/revisions"}],"predecessor-version":[{"id":14417,"href":"http:\/\/avozdecambra.pt\/index.php?rest_route=\/wp\/v2\/posts\/14407\/revisions\/14417"}],"wp:featuredmedia":[{"embeddable":true,"href":"http:\/\/avozdecambra.pt\/index.php?rest_route=\/wp\/v2\/media\/14412"}],"wp:attachment":[{"href":"http:\/\/avozdecambra.pt\/index.php?rest_route=%2Fwp%2Fv2%2Fmedia&parent=14407"}],"wp:term":[{"taxonomy":"category","embeddable":true,"href":"http:\/\/avozdecambra.pt\/index.php?rest_route=%2Fwp%2Fv2%2Fcategories&post=14407"},{"taxonomy":"post_tag","embeddable":true,"href":"http:\/\/avozdecambra.pt\/index.php?rest_route=%2Fwp%2Fv2%2Ftags&post=14407"}],"curies":[{"name":"wp","href":"https:\/\/api.w.org\/{rel}","templated":true}]}}