{"id":14410,"date":"2026-04-29T14:53:45","date_gmt":"2026-04-29T14:53:45","guid":{"rendered":"https:\/\/avozdecambra.pt\/?p=14410"},"modified":"2026-04-29T14:53:45","modified_gmt":"2026-04-29T14:53:45","slug":"hoje-no-cae-vale-de-cambra-apresenta-encontro-nacional-de-canto-a-vozes-e-aponta-a-unesco","status":"publish","type":"post","link":"http:\/\/avozdecambra.pt\/?p=14410","title":{"rendered":"HOJE NO CAE: Vale de Cambra apresenta Encontro Nacional de Canto a Vozes e aponta \u00e0 UNESCO"},"content":{"rendered":"\n<p><strong>O Centro de Artes e Espet\u00e1culos de Vale de Cambra recebe, esta quarta-feira, 29 de abril, a apresenta\u00e7\u00e3o do 2.\u00ba Encontro Nacional de Canto a Vozes &#8211; que decorrer\u00e1 nos dias 9 e 10 de maio -, iniciativa que reunir\u00e1 dezenas de grupos de todo o pa\u00eds em maio e que ficar\u00e1 marcada pelo an\u00fancio da inten\u00e7\u00e3o de candidatar o Canto a Vozes de Mulheres a Patrim\u00f3nio Cultural Imaterial da Humanidade da UNESCO.<\/strong><\/p>\n\n\n\n<p><strong>Cristina Maria Santos<\/strong><\/p>\n\n\n\n<p>O Centro de Artes e Espet\u00e1culos (CAE) de Vale de Cambra acolhe, esta quarta-feira, 29 de abril, pelas 18h00, a apresenta\u00e7\u00e3o do 2.\u00ba Encontro Nacional de Canto a Vozes. A iniciativa \u00e9 promovida pela Associa\u00e7\u00e3o Canto a Vozes \u2013 Fala de Mulheres, em coorganiza\u00e7\u00e3o com o Munic\u00edpio de Vale de Cambra, e ter\u00e1 lugar na \u00e1rea expositiva do CAE.<\/p>\n\n\n\n<p>Durante a sess\u00e3o ser\u00e1 revelado o programa completo do encontro, que decorrer\u00e1 nos dias 9 e 10 de maio e que reunir\u00e1 dezenas de grupos provenientes de todo o pa\u00eds. O evento afirma-se como um momento de destaque na valoriza\u00e7\u00e3o do canto polif\u00f3nico tradicional, express\u00e3o cultural profundamente ligada \u00e0 oralidade, \u00e0 mem\u00f3ria coletiva e \u00e0s identidades locais.<\/p>\n\n\n\n<p>Um dos pontos altos da apresenta\u00e7\u00e3o ser\u00e1 a divulga\u00e7\u00e3o da inten\u00e7\u00e3o de avan\u00e7ar com uma candidatura do Canto a Vozes de Mulheres \u00e0 lista do Patrim\u00f3nio Cultural Imaterial da Humanidade da UNESCO. Ser\u00e3o igualmente apresentados os primeiros passos necess\u00e1rios para a concretiza\u00e7\u00e3o deste processo, sublinhando a import\u00e2ncia de preservar e projetar esta pr\u00e1tica a n\u00edvel nacional e internacional.<\/p>\n\n\n\n<p>A sess\u00e3o pretende, assim, n\u00e3o s\u00f3 antecipar o encontro de maio, mas tamb\u00e9m refor\u00e7ar o reconhecimento do canto a vozes enquanto patrim\u00f3nio vivo, em constante constru\u00e7\u00e3o e transmiss\u00e3o entre gera\u00e7\u00f5es.<\/p>\n","protected":false},"excerpt":{"rendered":"<p>O Centro de Artes e Espet\u00e1culos de Vale de Cambra recebe, esta quarta-feira, 29 de abril, a apresenta\u00e7\u00e3o do 2.\u00ba Encontro Nacional de Canto a Vozes &#8211; que decorrer\u00e1 nos dias 9 e 10 de maio -, iniciativa que reunir\u00e1 dezenas de grupos de todo o pa\u00eds em maio e que ficar\u00e1 marcada pelo an\u00fancio<\/p>\n","protected":false},"author":5,"featured_media":14405,"comment_status":"open","ping_status":"open","sticky":false,"template":"","format":"standard","meta":{"_monsterinsights_skip_tracking":false,"_monsterinsights_sitenote_active":false,"_monsterinsights_sitenote_note":"","_monsterinsights_sitenote_category":0,"footnotes":""},"categories":[585,1,1226],"tags":[1092],"class_list":{"0":"post-14410","1":"post","2":"type-post","3":"status-publish","4":"format-standard","5":"has-post-thumbnail","7":"category-agenda","8":"category-atual","9":"category-cae-vale-de-cambra","10":"tag-cae-vale-de-cambra"},"aioseo_notices":[],"_links":{"self":[{"href":"http:\/\/avozdecambra.pt\/index.php?rest_route=\/wp\/v2\/posts\/14410","targetHints":{"allow":["GET"]}}],"collection":[{"href":"http:\/\/avozdecambra.pt\/index.php?rest_route=\/wp\/v2\/posts"}],"about":[{"href":"http:\/\/avozdecambra.pt\/index.php?rest_route=\/wp\/v2\/types\/post"}],"author":[{"embeddable":true,"href":"http:\/\/avozdecambra.pt\/index.php?rest_route=\/wp\/v2\/users\/5"}],"replies":[{"embeddable":true,"href":"http:\/\/avozdecambra.pt\/index.php?rest_route=%2Fwp%2Fv2%2Fcomments&post=14410"}],"version-history":[{"count":1,"href":"http:\/\/avozdecambra.pt\/index.php?rest_route=\/wp\/v2\/posts\/14410\/revisions"}],"predecessor-version":[{"id":14411,"href":"http:\/\/avozdecambra.pt\/index.php?rest_route=\/wp\/v2\/posts\/14410\/revisions\/14411"}],"wp:featuredmedia":[{"embeddable":true,"href":"http:\/\/avozdecambra.pt\/index.php?rest_route=\/wp\/v2\/media\/14405"}],"wp:attachment":[{"href":"http:\/\/avozdecambra.pt\/index.php?rest_route=%2Fwp%2Fv2%2Fmedia&parent=14410"}],"wp:term":[{"taxonomy":"category","embeddable":true,"href":"http:\/\/avozdecambra.pt\/index.php?rest_route=%2Fwp%2Fv2%2Fcategories&post=14410"},{"taxonomy":"post_tag","embeddable":true,"href":"http:\/\/avozdecambra.pt\/index.php?rest_route=%2Fwp%2Fv2%2Ftags&post=14410"}],"curies":[{"name":"wp","href":"https:\/\/api.w.org\/{rel}","templated":true}]}}