{"id":14419,"date":"2026-04-30T11:53:51","date_gmt":"2026-04-30T11:53:51","guid":{"rendered":"https:\/\/avozdecambra.pt\/?p=14419"},"modified":"2026-04-30T13:55:40","modified_gmt":"2026-04-30T13:55:40","slug":"vale-de-cambra-acolhe-o-2o-encontro-nacional-de-canto-a-vozes-com-ambicao-de-chegar-a-unesco","status":"publish","type":"post","link":"http:\/\/avozdecambra.pt\/?p=14419","title":{"rendered":"Vale de Cambra acolhe 2\u00ba Encontro Nacional de Canto a Vozes com ambi\u00e7\u00e3o de chegar \u00e0 UNESCO"},"content":{"rendered":"\n<p><strong>A apresenta\u00e7\u00e3o do 2.\u00ba Encontro Nacional de Canto a Vozes, realizada esta quarta-feira no CAE de Vale de Cambra, confirmou o evento de 9 e 10 de maio como \u201cum enorme e importante\u201d Encontro Nacional dedicado ao canto polif\u00f3nico tradicional. A Associa\u00e7\u00e3o de Canto a Vozes \u2013 Fala de Mulheres (ACVFM) pretende levar o Canto a Vozes ao reconhecimento mundial e prepara o processo de candidatura \u00e0 Unesco. O Munic\u00edpio de Vale de Cambra quer assumir-se como um dos territ\u00f3rios agregadores nesse processo, promovendo pontes entre diferentes agentes culturais e institucionais e ACVFM.&nbsp;<\/strong><\/p>\n\n\n\n<p><strong>Cristina Maria Santos&nbsp;<\/strong><\/p>\n\n\n\n<p>O Centro de Artes e Espet\u00e1culos (CAE) de Vale de Cambra recebeu, esta quarta-feira, a apresenta\u00e7\u00e3o oficial do 2.\u00ba Encontro Nacional de Canto a Vozes, iniciativa que promete trazer ao concelho centenas de participantes e afirmar a tradi\u00e7\u00e3o como patrim\u00f3nio vivo.<\/p>\n\n\n\n<p>Promovido pela Associa\u00e7\u00e3o de Canto a Vozes \u2013 Fala de Mulheres (ACVFM), em parceria com o Munic\u00edpio, o encontro realiza-se nos dias 09 e 10 de maio e dever\u00e1 reunir cerca de 450 participantes, distribu\u00eddos por 29 grupos oriundos de todo o pa\u00eds.<\/p>\n\n\n\n<p>O programa do encontro foi apresentado, revelando dois dias intensos de atividades. No s\u00e1bado, 9 de maio, o destaque vai para o encontro dos grupos, momentos de partilha e oficinas de canto abertas \u00e0 comunidade, culminando, \u00e0s 21h00, com o concerto \u201cBotando as Vozes\u201d, que reunir\u00e1 em palco os grupos participantes.<\/p>\n\n\n\n<p>No domingo, 10 de maio, continuar\u00e3o as oficinas de canto e destacam-se os concertos \u201cDebulhar Cantadas\u201d, que decorrer\u00e1 pelas 15h00 e o \u201cVozes cruzadas\u201d, pelas 16h30. \u00a0<\/p>\n\n\n\n<p>O primeiro, apresenta o resultado da 2\u00aa edi\u00e7\u00e3o do \u201cDebulhar Cantadas\u201d que, de janeiro a maio,&nbsp; envolveu cerca de 180 alunos do 1\u00ba ciclo do Agrupamento de Escolas do B\u00fazio, as Comiss\u00f5es S\u00e9niores do concelho e foi orientado por Maria da Luz Soares, presidente do Grupo de Folclore Terras de Ar\u00f5es. Teve tamb\u00e9m a colabora\u00e7\u00e3o de todas as freguesias neste processo.<\/p>\n\n\n\n<p>O seguinte, \u201cVozes Cruzadas\u201d, encerra o 2\u00ba Encontro Nacional, juntando grupos e participantes da comunidade num momento coletivo de celebra\u00e7\u00e3o.<\/p>\n\n\n\n<p>A iniciativa inclui ainda, na tarde de s\u00e1bado, a primeira reuni\u00e3o intermunicipal que pretende envolver autarquias de todo o pa\u00eds na estrat\u00e9gia de salvaguarda do canto a vozes.<\/p>\n\n\n\n<p>O canto a vozes &#8211; express\u00e3o polif\u00f3nica tradicional maioritariamente feminina &#8211; distingue-se pela sobreposi\u00e7\u00e3o de vozes e pela transmiss\u00e3o oral, historicamente enraizada no quotidiano das comunidades rurais. Trata-se de um patrim\u00f3nio vivo, mas tamb\u00e9m fr\u00e1gil, dependente do conhecimento espec\u00edfico de algumas cantadeiras, o que refor\u00e7a a necessidade de iniciativas de salvaguarda.<\/p>\n\n\n\n<p>Este percurso da Associa\u00e7\u00e3o Canto a Vozes \u2013 Fala de Mulheres tem contado com o contributo dos seus associados na dinamiza\u00e7\u00e3o de variadas atividades nos seus espa\u00e7os geogr\u00e1ficos, entre os quais o Grupo de Folclore Terras de Ar\u00f5es, de Vale de Cambra, que desde 1997, data da sua funda\u00e7\u00e3o, trabalha na recolha, preserva\u00e7\u00e3o e transmiss\u00e3o destas cantadas tradicionais.<\/p>\n\n\n\n<p>Criada a 1 de mar\u00e7o de 2020, a ACVFM iniciou o seu trajeto de salvaguarda com cerca de 30 grupos associados e, \u00e0 data atual, esse n\u00famero j\u00e1 vai nos 70, \u201co que demonstra a import\u00e2ncia que os grupos atribuem a este t\u00e3o rico patrim\u00f3nio que \u00e9 o canto a vozes\u201d, revelou Maria da Luz Soares ao Voz de Cambra.&nbsp;<\/p>\n\n\n\n<p>Durante a sess\u00e3o de apresenta\u00e7\u00e3o, um dos momentos mais marcantes foi o an\u00fancio da inten\u00e7\u00e3o de se avan\u00e7ar com a candidatura do Canto a Vozes de Mulheres \u00e0 lista do Patrim\u00f3nio Cultural Imaterial da Humanidade da UNESCO. Um processo que resulta de um trabalho cont\u00ednuo de salvaguarda e valoriza\u00e7\u00e3o desta pr\u00e1tica j\u00e1 inscrita, desde 2023, no Invent\u00e1rio Nacional do Patrim\u00f3nio Cultural Imaterial. Depois do reconhecimento nacional, o movimento ambiciona a proje\u00e7\u00e3o internacional.<\/p>\n\n\n\n<p>Como foi destacado na apresenta\u00e7\u00e3o, mais do que um objetivo institucional, esta candidatura surge como consequ\u00eancia natural de um trabalho coletivo que procura assegurar que o Canto a Vozes continue vivo nas comunidades que lhe d\u00e3o voz.<\/p>\n\n\n\n<p>Para Maria da Luz Soares, o canto a vozes \u00e9 \u201ca voz da mulher num tempo sem voz\u201d, sublinhando a sua import\u00e2ncia hist\u00f3rica e simb\u00f3lica. \u201cMesmo que n\u00e3o seja reconhecido pela UNESCO, ningu\u00e9m lhe conseguir\u00e1 retirar&nbsp; o valor que em si encerra. Mas, sim, sem d\u00favida que gostar\u00edamos muito que fosse reconhecido mundialmente\u201d, afirmou.<\/p>\n\n\n\n<p>Tamb\u00e9m a vereadora da Cultura da C\u00e2mara de Vale de Cambra, M\u00f3nica Seixas, destacou o papel do encontro como ponto de partida para refor\u00e7ar esta candidatura, defendendo o trabalho em rede entre munic\u00edpios, associa\u00e7\u00f5es e escolas como essencial para dar for\u00e7a ao processo. \u201cEste \u00e9 um trabalho que s\u00f3 faz sentido se for coletivo e participado, envolvendo o territ\u00f3rio e as suas comunidades, para garantir que esta tradi\u00e7\u00e3o n\u00e3o s\u00f3 se preserva, como ganha futuro\u201d, afirmou.<\/p>\n\n\n\n<p>A mesma respons\u00e1vel sublinhou ainda que Vale de Cambra quer assumir-se como um territ\u00f3rio agregador neste processo, promovendo pontes entre diferentes agentes culturais e institucionais para consolidar uma candidatura forte \u00e0 UNESCO, lembrando que se trata de \u201cum diamante em bruto, que \u00e9 preciso d\u00e1-lo a conhecer, promov\u00ea-lo, divulg\u00e1-lo e salvaguard\u00e1-lo\u201d.<\/p>\n\n\n\n<p>Para Maria da Luz Soares, o 2.\u00ba Encontro Nacional de Canto a Vozes ser\u00e1 \u201cum enorme e importante evento, um momento de magia, capaz de encher Vale de Cambra de gente e de vozes\u201d, refletindo a vitalidade de uma tradi\u00e7\u00e3o que continua a ser transmitida entre gera\u00e7\u00f5es.<\/p>\n\n\n\n<p>As inscri\u00e7\u00f5es para as oficinas encontram-se abertas e os concertos ter\u00e3o bilhetes dispon\u00edveis, num convite alargado \u00e0 comunidade para participar num evento que pretende afirmar o canto a vozes como express\u00e3o identit\u00e1ria e patrim\u00f3nio coletivo, como referiu Marisa Miranda, respons\u00e1vel pela comunica\u00e7\u00e3o do CAE. &nbsp;<\/p>\n\n\n\n<p>No dia 09 de maio, s\u00e1bado, entre as 14h00 e as 17h45 e no dia 10 de maio, domingo, entre as 10h00 e as 11h45 ir\u00e3o decorrer as Oficinas abertas de Canto Polif\u00f3nico, no Jardim do Centro da Cidade, junto aos Pa\u00e7os do Concelho, Vale de Cambra.\u00a0<\/p>\n\n\n\n<p>A participa\u00e7\u00e3o \u00e9 gratuita, mas mediante inscri\u00e7\u00f5es para a iniciativa &#8220;Botando as Vozes\u201d e \u201cVozes Cruzadas\u201d, que se encontram abertas e podem ser efetuadas atrav\u00e9s do seguinte formul\u00e1rio: <a href=\"https:\/\/docs.google.com\/forms\/d\/e\/1FAIpQLSeI2ntxJ3hgRCMCdEQOUBbT_RHerKSp8t5U3Srz6k8Dh_jSjg\/viewform\">https:\/\/docs.google.com\/forms\/d\/e\/1FAIpQLSeI2ntxJ3hgRCMCdEQOUBbT_RHerKSp8t5U3Srz6k8Dh_jSjg\/viewform<\/a><\/p>\n\n\n\n<figure class=\"wp-block-image size-large\"><img loading=\"lazy\" decoding=\"async\" width=\"1024\" height=\"576\" src=\"https:\/\/avozdecambra.pt\/wp-content\/uploads\/2026\/04\/1-1-1024x576.jpg\" alt=\"\" class=\"wp-image-14421\" srcset=\"http:\/\/avozdecambra.pt\/wp-content\/uploads\/2026\/04\/1-1-1024x576.jpg 1024w, http:\/\/avozdecambra.pt\/wp-content\/uploads\/2026\/04\/1-1-300x169.jpg 300w, http:\/\/avozdecambra.pt\/wp-content\/uploads\/2026\/04\/1-1-768x432.jpg 768w, http:\/\/avozdecambra.pt\/wp-content\/uploads\/2026\/04\/1-1-150x84.jpg 150w, http:\/\/avozdecambra.pt\/wp-content\/uploads\/2026\/04\/1-1-450x253.jpg 450w, http:\/\/avozdecambra.pt\/wp-content\/uploads\/2026\/04\/1-1.jpg 1200w\" sizes=\"auto, (max-width: 1024px) 100vw, 1024px\" \/><\/figure>\n","protected":false},"excerpt":{"rendered":"<p>A apresenta\u00e7\u00e3o do 2.\u00ba Encontro Nacional de Canto a Vozes, realizada esta quarta-feira no CAE de Vale de Cambra, confirmou o evento de 9 e 10 de maio como \u201cum enorme e importante\u201d Encontro Nacional dedicado ao canto polif\u00f3nico tradicional. A Associa\u00e7\u00e3o de Canto a Vozes \u2013 Fala de Mulheres (ACVFM) pretende levar o Canto<\/p>\n","protected":false},"author":5,"featured_media":14420,"comment_status":"open","ping_status":"open","sticky":false,"template":"","format":"standard","meta":{"_monsterinsights_skip_tracking":false,"_monsterinsights_sitenote_active":false,"_monsterinsights_sitenote_note":"","_monsterinsights_sitenote_category":0,"footnotes":""},"categories":[585,1],"tags":[1228,1229],"class_list":{"0":"post-14419","1":"post","2":"type-post","3":"status-publish","4":"format-standard","5":"has-post-thumbnail","7":"category-agenda","8":"category-atual","9":"tag-2-o-encontro-nacional-de-canto-a-vozes","10":"tag-associacao-de-canto-a-vozes-fala-de-mulheres-acvfm"},"aioseo_notices":[],"_links":{"self":[{"href":"http:\/\/avozdecambra.pt\/index.php?rest_route=\/wp\/v2\/posts\/14419","targetHints":{"allow":["GET"]}}],"collection":[{"href":"http:\/\/avozdecambra.pt\/index.php?rest_route=\/wp\/v2\/posts"}],"about":[{"href":"http:\/\/avozdecambra.pt\/index.php?rest_route=\/wp\/v2\/types\/post"}],"author":[{"embeddable":true,"href":"http:\/\/avozdecambra.pt\/index.php?rest_route=\/wp\/v2\/users\/5"}],"replies":[{"embeddable":true,"href":"http:\/\/avozdecambra.pt\/index.php?rest_route=%2Fwp%2Fv2%2Fcomments&post=14419"}],"version-history":[{"count":3,"href":"http:\/\/avozdecambra.pt\/index.php?rest_route=\/wp\/v2\/posts\/14419\/revisions"}],"predecessor-version":[{"id":14425,"href":"http:\/\/avozdecambra.pt\/index.php?rest_route=\/wp\/v2\/posts\/14419\/revisions\/14425"}],"wp:featuredmedia":[{"embeddable":true,"href":"http:\/\/avozdecambra.pt\/index.php?rest_route=\/wp\/v2\/media\/14420"}],"wp:attachment":[{"href":"http:\/\/avozdecambra.pt\/index.php?rest_route=%2Fwp%2Fv2%2Fmedia&parent=14419"}],"wp:term":[{"taxonomy":"category","embeddable":true,"href":"http:\/\/avozdecambra.pt\/index.php?rest_route=%2Fwp%2Fv2%2Fcategories&post=14419"},{"taxonomy":"post_tag","embeddable":true,"href":"http:\/\/avozdecambra.pt\/index.php?rest_route=%2Fwp%2Fv2%2Ftags&post=14419"}],"curies":[{"name":"wp","href":"https:\/\/api.w.org\/{rel}","templated":true}]}}