{"id":14427,"date":"2026-04-30T17:00:29","date_gmt":"2026-04-30T17:00:29","guid":{"rendered":"https:\/\/avozdecambra.pt\/?p=14427"},"modified":"2026-04-30T17:00:30","modified_gmt":"2026-04-30T17:00:30","slug":"rally-series-stars-estreia-se-em-vale-de-cambra-com-espetaculo-competicao-e-premios-de-10-mil-euros","status":"publish","type":"post","link":"http:\/\/avozdecambra.pt\/?p=14427","title":{"rendered":"Rally Series Stars estreia-se em Vale de Cambra com espet\u00e1culo, competi\u00e7\u00e3o e pr\u00e9mios de 10 mil euros"},"content":{"rendered":"\n<p><strong>Vale de Cambra prepara-se para receber, entre os dias 24 e 26 de julho, a primeira edi\u00e7\u00e3o do Rally Series Stars, um evento que promete elevar o desporto autom\u00f3vel a um novo patamar, combinando competi\u00e7\u00e3o, entretenimento e envolvimento do p\u00fablico.<\/strong> <\/p>\n\n\n\n<p><strong>Cristina Maria Santos&nbsp;<\/strong><\/p>\n\n\n\n<p>Com um pr\u00e9mio total de 10.000 euros distribu\u00eddo por v\u00e1rias classes, a prova \u201cAPCar Rally Series Stars Vale de Cambra\u201d posiciona-se como uma das mais atrativas do calend\u00e1rio nacional, atraindo pilotos e equipas de topo. Mais do que o valor monet\u00e1rio, a organiza\u00e7\u00e3o destaca o impacto direto na competitividade, incentivando desempenhos de alto n\u00edvel ao longo das oito especiais cronometradas previstas.<\/p>\n\n\n\n<p>O formato Rally Series mant\u00e9m-se, apostando na combina\u00e7\u00e3o entre a Arena central, instalada no cora\u00e7\u00e3o de Vale de Cambra, e tro\u00e7os exteriores em estradas ic\u00f3nicas da regi\u00e3o. Esta abordagem permite n\u00e3o s\u00f3 um ritmo competitivo elevado, mas tamb\u00e9m uma maior proximidade entre pilotos e p\u00fablico.<\/p>\n\n\n\n<p>Um dos grandes destaques do percurso ser\u00e1 a classificativa que termina na Serra da Freita, conhecida pela sua exig\u00eancia t\u00e9cnica e pela envolvente natural \u00fanica. Tamb\u00e9m a zona de Macieira de Cambra volta ao mapa, recuperando tro\u00e7os hist\u00f3ricos do antigo Rali Solverde, numa aposta que conjuga mem\u00f3ria e desafio competitivo.<\/p>\n\n\n\n<p>Para Andr\u00e9 Lavadinho, promotor do Rally Series, esta ser\u00e1 uma prova com forte carga emocional para os adeptos da modalidade, mas igualmente exigente para os pilotos, podendo assumir um papel decisivo na classifica\u00e7\u00e3o final.<\/p>\n\n\n\n<p>\u201cUm formato inovador inspirado em grandes eventos internacionais de refer\u00eancia, como o Super Bowl ou os All-Star Games, o conceito procura ir al\u00e9m da competi\u00e7\u00e3o pura, criando uma experi\u00eancia que cruza espet\u00e1culo, notoriedade e impacto junto do p\u00fablico. A ideia passa por valorizar os pilotos e aproximar o desporto de novas audi\u00eancias, num formato pensado para gerar envolvimento dentro e fora das classificativas\u201d, destacou.&nbsp;<\/p>\n\n\n\n<p>A componente urbana ganha especial destaque com a Arena instalada no centro da cidade, que durante tr\u00eas dias ser\u00e1 palco de anima\u00e7\u00e3o cont\u00ednua, incluindo concertos, sess\u00f5es de aut\u00f3grafos, fanzone e v\u00e1rias atividades culturais. O objetivo passa por transformar o rali num verdadeiro evento multidisciplinar, capaz de atrair p\u00fablicos diversos.<\/p>\n\n\n\n<p>Para o presidente da C\u00e2mara Municipal de Vale de Cambra, Andr\u00e9 Martins da Silva, a iniciativa representa uma oportunidade estrat\u00e9gica para afirmar o concelho como destino de refer\u00eancia no desporto autom\u00f3vel, com impacto direto na economia local e na proje\u00e7\u00e3o do territ\u00f3rio.<\/p>\n\n\n\n<p>\u201cEste evento representa uma oportunidade \u00fanica para afirmar Vale de Cambra como um destino de refer\u00eancia no desporto e no desporto autom\u00f3vel. Estamos a valorizar o nosso territ\u00f3rio e a dinamizar a economia local com um projeto diferenciador e de grande visibilidade, que liga a nossa identidade \u00e0 capacidade de receber eventos de dimens\u00e3o nacional e internacional\u201d, referiu.<\/p>\n\n\n\n<p>Inspirado em grandes eventos internacionais, o Rally Series Stars pretende ir al\u00e9m da competi\u00e7\u00e3o tradicional, apostando numa experi\u00eancia completa que cruza espet\u00e1culo, notoriedade e proximidade com o p\u00fablico.<\/p>\n\n\n\n<p>A antecipar o evento, o concelho j\u00e1 viveu um primeiro momento de destaque no passado dia 4 de abril, com a apresenta\u00e7\u00e3o oficial do Rally Series Stars. A iniciativa incluiu uma parada de viaturas que atraiu dezenas de curiosos e apaixonados pelo desporto autom\u00f3vel na Pra\u00e7a \u00c1lvaro Pinho da Costa Leite, seguindo-se um percurso pela cidade at\u00e9 Macieira de Cambra e uma exposi\u00e7\u00e3o de viaturas no Campo da Raposeira.<\/p>\n\n\n\n<p><strong>Programa<\/strong><\/p>\n\n\n\n<p><strong>24 de julho<\/strong><\/p>\n\n\n\n<ul class=\"wp-block-list\">\n<li>20h30 \u2013 Apresenta\u00e7\u00e3o oficial das viaturas<\/li>\n<\/ul>\n\n\n\n<p><strong>25 de julho<\/strong><\/p>\n\n\n\n<ul class=\"wp-block-list\">\n<li>15h00 \u2013 Shakedown na Arena<\/li>\n\n\n\n<li>20h00 \u2013 Apresenta\u00e7\u00e3o de viaturas e sess\u00e3o de aut\u00f3grafos<\/li>\n\n\n\n<li>21h00 \u2013 Show noturno na Arena<\/li>\n\n\n\n<li>21h30 \u2013 Concerto final e DJ<\/li>\n<\/ul>\n\n\n\n<p><strong>26 de julho<\/strong><\/p>\n\n\n\n<ul class=\"wp-block-list\">\n<li>Disputa das 8 especiais cronometradas<\/li>\n\n\n\n<li>Atividades na Arena central e fanzone ao longo do dia<\/li>\n<\/ul>\n\n\n\n<p>As inscri\u00e7\u00f5es e o regulamento estar\u00e3o dispon\u00edveis brevemente atrav\u00e9s da Federa\u00e7\u00e3o Portuguesa de Automobilismo e Karting.<\/p>\n\n\n\n<p>Com uma proposta inovadora e um programa recheado, o Rally Series Stars promete afirmar-se como um dos eventos mais marcantes do ver\u00e3o na regi\u00e3o e no panorama do desporto autom\u00f3vel nacional.<\/p>\n\n\n\n<figure class=\"wp-block-image size-large\"><img loading=\"lazy\" decoding=\"async\" width=\"819\" height=\"1024\" src=\"https:\/\/avozdecambra.pt\/wp-content\/uploads\/2026\/04\/Post-819x1024.png\" alt=\"\" class=\"wp-image-14428\" srcset=\"http:\/\/avozdecambra.pt\/wp-content\/uploads\/2026\/04\/Post-819x1024.png 819w, http:\/\/avozdecambra.pt\/wp-content\/uploads\/2026\/04\/Post-240x300.png 240w, http:\/\/avozdecambra.pt\/wp-content\/uploads\/2026\/04\/Post-768x960.png 768w, http:\/\/avozdecambra.pt\/wp-content\/uploads\/2026\/04\/Post-150x188.png 150w, http:\/\/avozdecambra.pt\/wp-content\/uploads\/2026\/04\/Post-450x563.png 450w, http:\/\/avozdecambra.pt\/wp-content\/uploads\/2026\/04\/Post.png 1080w\" sizes=\"auto, (max-width: 819px) 100vw, 819px\" \/><\/figure>\n\n\n\n<p><\/p>\n","protected":false},"excerpt":{"rendered":"<p>Vale de Cambra prepara-se para receber, entre os dias 24 e 26 de julho, a primeira edi\u00e7\u00e3o do Rally Series Stars, um evento que promete elevar o desporto autom\u00f3vel a um novo patamar, combinando competi\u00e7\u00e3o, entretenimento e envolvimento do p\u00fablico. Cristina Maria Santos&nbsp; Com um pr\u00e9mio total de 10.000 euros distribu\u00eddo por v\u00e1rias classes, a<\/p>\n","protected":false},"author":5,"featured_media":14429,"comment_status":"open","ping_status":"open","sticky":false,"template":"","format":"standard","meta":{"_monsterinsights_skip_tracking":false,"_monsterinsights_sitenote_active":false,"_monsterinsights_sitenote_note":"","_monsterinsights_sitenote_category":0,"footnotes":""},"categories":[1],"tags":[],"class_list":{"0":"post-14427","1":"post","2":"type-post","3":"status-publish","4":"format-standard","5":"has-post-thumbnail","7":"category-atual"},"aioseo_notices":[],"_links":{"self":[{"href":"http:\/\/avozdecambra.pt\/index.php?rest_route=\/wp\/v2\/posts\/14427","targetHints":{"allow":["GET"]}}],"collection":[{"href":"http:\/\/avozdecambra.pt\/index.php?rest_route=\/wp\/v2\/posts"}],"about":[{"href":"http:\/\/avozdecambra.pt\/index.php?rest_route=\/wp\/v2\/types\/post"}],"author":[{"embeddable":true,"href":"http:\/\/avozdecambra.pt\/index.php?rest_route=\/wp\/v2\/users\/5"}],"replies":[{"embeddable":true,"href":"http:\/\/avozdecambra.pt\/index.php?rest_route=%2Fwp%2Fv2%2Fcomments&post=14427"}],"version-history":[{"count":1,"href":"http:\/\/avozdecambra.pt\/index.php?rest_route=\/wp\/v2\/posts\/14427\/revisions"}],"predecessor-version":[{"id":14430,"href":"http:\/\/avozdecambra.pt\/index.php?rest_route=\/wp\/v2\/posts\/14427\/revisions\/14430"}],"wp:featuredmedia":[{"embeddable":true,"href":"http:\/\/avozdecambra.pt\/index.php?rest_route=\/wp\/v2\/media\/14429"}],"wp:attachment":[{"href":"http:\/\/avozdecambra.pt\/index.php?rest_route=%2Fwp%2Fv2%2Fmedia&parent=14427"}],"wp:term":[{"taxonomy":"category","embeddable":true,"href":"http:\/\/avozdecambra.pt\/index.php?rest_route=%2Fwp%2Fv2%2Fcategories&post=14427"},{"taxonomy":"post_tag","embeddable":true,"href":"http:\/\/avozdecambra.pt\/index.php?rest_route=%2Fwp%2Fv2%2Ftags&post=14427"}],"curies":[{"name":"wp","href":"https:\/\/api.w.org\/{rel}","templated":true}]}}