{"id":15398,"date":"2026-08-31T15:46:02","date_gmt":"2026-08-31T15:46:02","guid":{"rendered":"https:\/\/avozdecambra.pt\/?p=15398"},"modified":"2026-08-31T15:46:03","modified_gmt":"2026-08-31T15:46:03","slug":"rececao-ao-caloiro-juntou-em-vale-de-cambra-jovens-a-caminho-do-ensino-superior","status":"publish","type":"post","link":"http:\/\/avozdecambra.pt\/?p=15398","title":{"rendered":"Rece\u00e7\u00e3o ao Caloiro juntou em Vale de Cambra jovens a caminho do Ensino Superior"},"content":{"rendered":"\n<p><strong>A Associa\u00e7\u00e3o Acad\u00e9mica de Cambra promoveu, no passado s\u00e1bado, 29 de agosto, a \u201cRota do Caloiro 26\u201d, iniciativa de rece\u00e7\u00e3o aos jovens de Vale de Cambra que se preparam para iniciar uma nova etapa no Ensino Superior. O programa percorreu v\u00e1rios espa\u00e7os da cidade e incluiu a habitual rece\u00e7\u00e3o nos Pa\u00e7os do Concelho, o \u201cbatismo\u201d dos caloiros, jantar e uma festa de encerramento.<\/strong><\/p>\n\n\n\n<p><strong>Cristina Maria Santos <\/strong><\/p>\n\n\n\n<p>A entrada no Ensino Superior voltou a ser assinalada em Vale de Cambra com mais uma edi\u00e7\u00e3o da Rece\u00e7\u00e3o ao Caloiro, organizada pela Associa\u00e7\u00e3o Acad\u00e9mica de Cambra.<\/p>\n\n\n\n<p>Este ano, a iniciativa assumiu a designa\u00e7\u00e3o de \u201cRota do Caloiro 26\u201d e reuniu, no s\u00e1bado, 29 de agosto, jovens valecambrenses que est\u00e3o prestes a iniciar uma nova fase do seu percurso acad\u00e9mico.<\/p>\n\n\n\n<p>O encontro teve in\u00edcio \u00e0s 13h49, no Largo dos Cisnes, seguindo-se uma passagem pelos Pa\u00e7os do Concelho, um dos momentos j\u00e1 habituais desta rece\u00e7\u00e3o.<\/p>\n\n\n\n<p>Nos Pa\u00e7os do Concelho, os novos estudantes foram recebidos pelo vereador respons\u00e1vel pela Educa\u00e7\u00e3o e pela vereadora respons\u00e1vel pela A\u00e7\u00e3o Social, num gesto de proximidade e apoio aos jovens que agora iniciam um novo caminho acad\u00e9mico.<\/p>\n\n\n\n<p>O percurso prosseguiu depois por v\u00e1rios espa\u00e7os de Vale de Cambra, incluindo o Caf\u00e9 Arc\u00e1dia e o Our Beer House, antes de um dos momentos mais simb\u00f3licos da iniciativa: o tradicional \u201cbatismo\u201d dos caloiros, realizado no centro de Vale de Cambra.<\/p>\n\n\n\n<p>A programa\u00e7\u00e3o incluiu ainda um jantar na sede da Associa\u00e7\u00e3o Acad\u00e9mica de Cambra, terminando com uma festa no Pra\u00e7a Bar.<\/p>\n\n\n\n<p>Ao longo do dia, a iniciativa procurou proporcionar momentos de encontro, conv\u00edvio e integra\u00e7\u00e3o entre estudantes que, nas pr\u00f3ximas semanas, ir\u00e3o ingressar em universidades e institutos polit\u00e9cnicos de diferentes pontos do pa\u00eds.<\/p>\n\n\n\n<p>Entre expectativas, novos desafios e a perspetiva de uma maior autonomia, a Rece\u00e7\u00e3o ao Caloiro pretende tamb\u00e9m refor\u00e7ar os la\u00e7os entre os estudantes de Vale de Cambra, mesmo quando o in\u00edcio da vida acad\u00e9mica os leva a estudar fora do concelho.<\/p>\n\n\n\n<p>O Munic\u00edpio de Vale de Cambra aproveitou a ocasi\u00e3o para desejar o maior sucesso aos novos estudantes, salientando a import\u00e2ncia de esta nova etapa ser marcada por aprendizagens, amizades, desafios superados e conquistas.<\/p>\n\n\n\n<p>Promovida pela Associa\u00e7\u00e3o Acad\u00e9mica de Cambra, a \u201cRota do Caloiro 26\u201d voltou, assim, a marcar simbolicamente o in\u00edcio da vida acad\u00e9mica de uma nova gera\u00e7\u00e3o de jovens valecambrenses.<\/p>\n","protected":false},"excerpt":{"rendered":"<p>A Associa\u00e7\u00e3o Acad\u00e9mica de Cambra promoveu, no passado s\u00e1bado, 29 de agosto, a \u201cRota do Caloiro 26\u201d, iniciativa de rece\u00e7\u00e3o aos jovens de Vale de Cambra que se preparam para iniciar uma nova etapa no Ensino Superior. O programa percorreu v\u00e1rios espa\u00e7os da cidade e incluiu a habitual rece\u00e7\u00e3o nos Pa\u00e7os do Concelho, o \u201cbatismo\u201d<\/p>\n","protected":false},"author":5,"featured_media":15399,"comment_status":"open","ping_status":"open","sticky":false,"template":"","format":"standard","meta":{"_monsterinsights_skip_tracking":false,"footnotes":""},"categories":[1],"tags":[723],"class_list":{"0":"post-15398","1":"post","2":"type-post","3":"status-publish","4":"format-standard","5":"has-post-thumbnail","7":"category-atual","8":"tag-associacao-academica-de-cambra"},"aioseo_notices":[],"_links":{"self":[{"href":"http:\/\/avozdecambra.pt\/index.php?rest_route=\/wp\/v2\/posts\/15398","targetHints":{"allow":["GET"]}}],"collection":[{"href":"http:\/\/avozdecambra.pt\/index.php?rest_route=\/wp\/v2\/posts"}],"about":[{"href":"http:\/\/avozdecambra.pt\/index.php?rest_route=\/wp\/v2\/types\/post"}],"author":[{"embeddable":true,"href":"http:\/\/avozdecambra.pt\/index.php?rest_route=\/wp\/v2\/users\/5"}],"replies":[{"embeddable":true,"href":"http:\/\/avozdecambra.pt\/index.php?rest_route=%2Fwp%2Fv2%2Fcomments&post=15398"}],"version-history":[{"count":1,"href":"http:\/\/avozdecambra.pt\/index.php?rest_route=\/wp\/v2\/posts\/15398\/revisions"}],"predecessor-version":[{"id":15400,"href":"http:\/\/avozdecambra.pt\/index.php?rest_route=\/wp\/v2\/posts\/15398\/revisions\/15400"}],"wp:featuredmedia":[{"embeddable":true,"href":"http:\/\/avozdecambra.pt\/index.php?rest_route=\/wp\/v2\/media\/15399"}],"wp:attachment":[{"href":"http:\/\/avozdecambra.pt\/index.php?rest_route=%2Fwp%2Fv2%2Fmedia&parent=15398"}],"wp:term":[{"taxonomy":"category","embeddable":true,"href":"http:\/\/avozdecambra.pt\/index.php?rest_route=%2Fwp%2Fv2%2Fcategories&post=15398"},{"taxonomy":"post_tag","embeddable":true,"href":"http:\/\/avozdecambra.pt\/index.php?rest_route=%2Fwp%2Fv2%2Ftags&post=15398"}],"curies":[{"name":"wp","href":"https:\/\/api.w.org\/{rel}","templated":true}]}}