{"id":15402,"date":"2026-08-31T17:34:44","date_gmt":"2026-08-31T17:34:44","guid":{"rendered":"https:\/\/avozdecambra.pt\/?p=15402"},"modified":"2026-08-31T17:34:44","modified_gmt":"2026-08-31T17:34:44","slug":"vale-beer-fest-encerrou-verao-em-vale-de-cambra-com-cerveja-artesanal-gastronomia-e-musica","status":"publish","type":"post","link":"http:\/\/avozdecambra.pt\/?p=15402","title":{"rendered":"Vale Beer Fest encerrou ver\u00e3o em Vale de Cambra com cerveja artesanal, gastronomia e m\u00fasica"},"content":{"rendered":"\n<p><strong>O Vale Beer Fest voltou a levar anima\u00e7\u00e3o ao centro de Vale de Cambra nos dias 28, 29 e 30 de agosto. Cerveja artesanal, <em>street food<\/em> e m\u00fasica marcaram a quinta edi\u00e7\u00e3o do evento promovido pelo Munic\u00edpio, que encerrou a programa\u00e7\u00e3o de ver\u00e3o do concelho. A atua\u00e7\u00e3o dos Ena P\u00e1 2000, na noite de s\u00e1bado, foi um dos pontos altos do festival.<\/strong><\/p>\n\n\n\n<p><strong>Cristina Maria Santos<\/strong><\/p>\n\n\n\n<p>Durante tr\u00eas dias, o centro da cidade voltou a transformar-se num espa\u00e7o de encontro e conv\u00edvio com a realiza\u00e7\u00e3o da quinta edi\u00e7\u00e3o do Vale Beer Fest. O evento, que nasceu em 2022, manteve a aposta que o tem caracterizado desde a primeira edi\u00e7\u00e3o, juntando cerveja artesanal, gastronomia de rua e anima\u00e7\u00e3o musical.<\/p>\n\n\n\n<p>Este ano, o festival reuniu 11 mestres cervejeiros, com diferentes estilos e propostas de cerveja artesanal: Vadia, 12 Marias, Vigues, Do Vit\u00f3, Quatro Torres, LoveCraft, Deusa, Judia, Maldita, L\u00fapulo Feirense e L\u00fapulo do Maria.<\/p>\n\n\n\n<p>A oferta foi complementada por uma zona de <em>street food<\/em>, com a presen\u00e7a de V\u00edcio do Leit\u00e3o, Good Fries, Pecado Carnal, Narrua, Presunto Sobre Rodas, Festa na Lambreta e \u00c1s das Bifanas.<\/p>\n\n\n\n<h3 class=\"wp-block-heading\">Ena P\u00e1 2000 em destaque na noite de s\u00e1bado<\/h3>\n\n\n\n<p>A componente musical voltou a assumir um papel importante na programa\u00e7\u00e3o. O festival arrancou na sexta-feira, dia 28, com DJ Rebelo, seguindo-se, \u00e0s 22h00, a atua\u00e7\u00e3o dos Bandidos da Serra.<\/p>\n\n\n\n<p>No s\u00e1bado, dia 29, depois da abertura do recinto \u00e0s 16h30, a anima\u00e7\u00e3o ficou a cargo de DJ Miller, a partir das 18h30. Um dos momentos mais aguardados desta quinta edi\u00e7\u00e3o chegou \u00e0s 22h00, com a subida ao palco dos Ena P\u00e1 2000, cuja atua\u00e7\u00e3o constituiu um dos pontos altos dos tr\u00eas dias de festa.<\/p>\n\n\n\n<p>O \u00faltimo dia, domingo, voltou a abrir portas \u00e0s 16h30, ficando o encerramento musical entregue aos The Jukeboxers, a partir das 19h00.<\/p>\n\n\n\n<p>Com entrada livre, o Vale Beer Fest voltou, assim, a proporcionar tr\u00eas dias de anima\u00e7\u00e3o no cora\u00e7\u00e3o da cidade, conjugando a divulga\u00e7\u00e3o da cerveja artesanal com gastronomia, m\u00fasica e conv\u00edvio.<\/p>\n\n\n\n<p>Promovida pelo Munic\u00edpio de Vale de Cambra, a iniciativa fechou a programa\u00e7\u00e3o de ver\u00e3o do concelho e cumpriu a quinta edi\u00e7\u00e3o de um evento que se tem vindo a afirmar no calend\u00e1rio de anima\u00e7\u00e3o de final de agosto na cidade.<\/p>\n","protected":false},"excerpt":{"rendered":"<p>O Vale Beer Fest voltou a levar anima\u00e7\u00e3o ao centro de Vale de Cambra nos dias 28, 29 e 30 de agosto. Cerveja artesanal, street food e m\u00fasica marcaram a quinta edi\u00e7\u00e3o do evento promovido pelo Munic\u00edpio, que encerrou a programa\u00e7\u00e3o de ver\u00e3o do concelho. A atua\u00e7\u00e3o dos Ena P\u00e1 2000, na noite de s\u00e1bado,<\/p>\n","protected":false},"author":5,"featured_media":15403,"comment_status":"open","ping_status":"open","sticky":false,"template":"","format":"standard","meta":{"_monsterinsights_skip_tracking":false,"footnotes":""},"categories":[1],"tags":[1211,32,680],"class_list":{"0":"post-15402","1":"post","2":"type-post","3":"status-publish","4":"format-standard","5":"has-post-thumbnail","7":"category-atual","8":"tag-1211","9":"tag-camara-municipal-de-vale-de-cambra","10":"tag-vale-beer-fest"},"aioseo_notices":[],"_links":{"self":[{"href":"http:\/\/avozdecambra.pt\/index.php?rest_route=\/wp\/v2\/posts\/15402","targetHints":{"allow":["GET"]}}],"collection":[{"href":"http:\/\/avozdecambra.pt\/index.php?rest_route=\/wp\/v2\/posts"}],"about":[{"href":"http:\/\/avozdecambra.pt\/index.php?rest_route=\/wp\/v2\/types\/post"}],"author":[{"embeddable":true,"href":"http:\/\/avozdecambra.pt\/index.php?rest_route=\/wp\/v2\/users\/5"}],"replies":[{"embeddable":true,"href":"http:\/\/avozdecambra.pt\/index.php?rest_route=%2Fwp%2Fv2%2Fcomments&post=15402"}],"version-history":[{"count":1,"href":"http:\/\/avozdecambra.pt\/index.php?rest_route=\/wp\/v2\/posts\/15402\/revisions"}],"predecessor-version":[{"id":15404,"href":"http:\/\/avozdecambra.pt\/index.php?rest_route=\/wp\/v2\/posts\/15402\/revisions\/15404"}],"wp:featuredmedia":[{"embeddable":true,"href":"http:\/\/avozdecambra.pt\/index.php?rest_route=\/wp\/v2\/media\/15403"}],"wp:attachment":[{"href":"http:\/\/avozdecambra.pt\/index.php?rest_route=%2Fwp%2Fv2%2Fmedia&parent=15402"}],"wp:term":[{"taxonomy":"category","embeddable":true,"href":"http:\/\/avozdecambra.pt\/index.php?rest_route=%2Fwp%2Fv2%2Fcategories&post=15402"},{"taxonomy":"post_tag","embeddable":true,"href":"http:\/\/avozdecambra.pt\/index.php?rest_route=%2Fwp%2Fv2%2Ftags&post=15402"}],"curies":[{"name":"wp","href":"https:\/\/api.w.org\/{rel}","templated":true}]}}