{"id":15406,"date":"2026-09-01T11:23:37","date_gmt":"2026-09-01T11:23:37","guid":{"rendered":"https:\/\/avozdecambra.pt\/?p=15406"},"modified":"2026-09-01T11:38:16","modified_gmt":"2026-09-01T11:38:16","slug":"imaginarius-recebe-numero-recorde-de-1200-candidaturas-de-84-paises-para-edicao-de-2027","status":"publish","type":"post","link":"http:\/\/avozdecambra.pt\/?p=15406","title":{"rendered":"Imaginarius recebe n\u00famero recorde de 1200 candidaturas de 84 pa\u00edses para edi\u00e7\u00e3o de 2027"},"content":{"rendered":"\n<p><strong>Espanha, Brasil e Fran\u00e7a lideram a lista de pa\u00edses com mais propostas apresentadas \u00e0 convocat\u00f3ria internacional do festival de Santa Maria da Feira. Apenas 18 projetos ser\u00e3o selecionados.<\/strong><\/p>\n\n\n\n<p><strong>Cristina Maria Santos <\/strong><\/p>\n\n\n\n<p>O Imaginarius \u2013 Festival de Artes Performativas em Espa\u00e7o P\u00fablico, designa\u00e7\u00e3o que o evento passou a assumir em 2026, recebeu 1200 candidaturas de artistas oriundos de 84 pa\u00edses para a edi\u00e7\u00e3o de 2027, um n\u00famero sem precedentes na hist\u00f3ria das convocat\u00f3rias internacionais do festival.<\/p>\n\n\n\n<p>O anterior m\u00e1ximo tinha sido registado em 2018, quando chegaram ao festival 295 propostas provenientes de 49 pa\u00edses. Os n\u00fameros agora alcan\u00e7ados representam, assim, um crescimento muito significativo, tanto no volume de candidaturas como na diversidade geogr\u00e1fica dos projetos apresentados.<\/p>\n\n\n\n<p>Espanha \u00e9 o pa\u00eds com maior representa\u00e7\u00e3o, com 200 candidaturas, seguindo-se o Brasil, com 170, e Fran\u00e7a, com 117. It\u00e1lia apresentou 67 propostas, Portugal 59, Alemanha 48, Reino Unido 45 e Argentina 32, numa convocat\u00f3ria que chegou a artistas e estruturas culturais de v\u00e1rias geografias.<\/p>\n\n\n\n<p>Para Paulo Marcelo, vereador da Cultura da C\u00e2mara Municipal de Santa Maria da Feira, o aumento n\u00e3o se verifica apenas ao n\u00edvel dos n\u00fameros.<\/p>\n\n\n\n<p>\u201cEste crescimento n\u00e3o aconteceu apenas na quantidade de propostas ou na diversidade geogr\u00e1fica, mas tamb\u00e9m na consist\u00eancia art\u00edstica das candidaturas\u201d, afirma o autarca, destacando a presen\u00e7a de projetos com linguagens contempor\u00e2neas e abordagens menos convencionais do espa\u00e7o p\u00fablico.<\/p>\n\n\n\n<p>Segundo o Munic\u00edpio, o crescimento estar\u00e1 relacionado com o refor\u00e7o dos apoios financeiros e log\u00edsticos aos artistas, a qualifica\u00e7\u00e3o das condi\u00e7\u00f5es de participa\u00e7\u00e3o no festival e a integra\u00e7\u00e3o do Imaginarius em novas redes internacionais.<\/p>\n\n\n\n<p>Uma das novidades da convocat\u00f3ria para 2027 \u00e9 a introdu\u00e7\u00e3o, pela primeira vez, de um cach\u00ea por pessoa e por r\u00e9cita, ao qual acresce uma bolsa de desloca\u00e7\u00e3o por participante.<\/p>\n\n\n\n<p>Para Paulo Marcelo, esta altera\u00e7\u00e3o representa uma melhoria efetiva das condi\u00e7\u00f5es disponibilizadas aos artistas e contribui para refor\u00e7ar o posicionamento internacional do festival.<\/p>\n\n\n\n<p>\u201cMais do que o n\u00famero de candidaturas, interessa-nos a diversidade geogr\u00e1fica e a capacidade que o festival demonstrou ao chegar a artistas e estruturas de diferentes contextos \u00e0 escala global\u201d, sublinha.<\/p>\n\n\n\n<h2 class=\"wp-block-heading\">Propostas contempor\u00e2neas ganham peso<\/h2>\n\n\n\n<p>Bruno Costa e Daniel Vilar, respons\u00e1veis pela dire\u00e7\u00e3o art\u00edstica e estrat\u00e9gica do Imaginarius, salientam tamb\u00e9m a elevada percentagem de candidaturas associadas a linguagens contempor\u00e2neas, experimentais e disruptivas.<\/p>\n\n\n\n<p>Segundo os respons\u00e1veis, as propostas mais cl\u00e1ssicas de artes de rua, que tradicionalmente assumiam maior peso neste tipo de convocat\u00f3rias, surgem agora em menor n\u00famero.<\/p>\n\n\n\n<p>\u201cAcreditamos que a clarifica\u00e7\u00e3o da vis\u00e3o art\u00edstica do festival teve aqui um papel importante, notando-se uma maior proximidade entre o que o Imaginarius prop\u00f5e artisticamente e as propostas que efetivamente nos chegaram\u201d, referem.<\/p>\n\n\n\n<p>Apesar das 1200 candidaturas recebidas, apenas 18 projetos ser\u00e3o selecionados para integrar a programa\u00e7\u00e3o prevista no \u00e2mbito desta convocat\u00f3ria internacional.<\/p>\n\n\n\n<p>De acordo com o regulamento, o processo de sele\u00e7\u00e3o dever\u00e1 estar conclu\u00eddo at\u00e9 15 de outubro, obrigando agora a equipa do festival a analisar, num per\u00edodo de poucas semanas, um volume de propostas quatro vezes superior ao anterior recorde registado em 2018.<\/p>\n\n\n\n<p>Pela proximidade geogr\u00e1fica entre os dois concelhos, o Imaginarius \u00e9 tamb\u00e9m um evento acompanhado por muitos valecambrenses, que, ao longo das diferentes edi\u00e7\u00f5es, se deslocam a Santa Maria da Feira para assistir aos espet\u00e1culos e iniciativas que ocupam as ruas e v\u00e1rios espa\u00e7os da cidade durante o festival.<\/p>\n","protected":false},"excerpt":{"rendered":"<p>Espanha, Brasil e Fran\u00e7a lideram a lista de pa\u00edses com mais propostas apresentadas \u00e0 convocat\u00f3ria internacional do festival de Santa Maria da Feira. Apenas 18 projetos ser\u00e3o selecionados. Cristina Maria Santos O Imaginarius \u2013 Festival de Artes Performativas em Espa\u00e7o P\u00fablico, designa\u00e7\u00e3o que o evento passou a assumir em 2026, recebeu 1200 candidaturas de artistas<\/p>\n","protected":false},"author":5,"featured_media":15407,"comment_status":"open","ping_status":"open","sticky":false,"template":"","format":"standard","meta":{"_monsterinsights_skip_tracking":false,"footnotes":""},"categories":[585,1,646,1281],"tags":[1305,1280],"class_list":{"0":"post-15406","1":"post","2":"type-post","3":"status-publish","4":"format-standard","5":"has-post-thumbnail","7":"category-agenda","8":"category-atual","9":"category-regiao","10":"category-santa-maria-da-feira","11":"tag-imaginarius-2027","12":"tag-municipio-de-santa-maria-da-feira"},"aioseo_notices":[],"_links":{"self":[{"href":"http:\/\/avozdecambra.pt\/index.php?rest_route=\/wp\/v2\/posts\/15406","targetHints":{"allow":["GET"]}}],"collection":[{"href":"http:\/\/avozdecambra.pt\/index.php?rest_route=\/wp\/v2\/posts"}],"about":[{"href":"http:\/\/avozdecambra.pt\/index.php?rest_route=\/wp\/v2\/types\/post"}],"author":[{"embeddable":true,"href":"http:\/\/avozdecambra.pt\/index.php?rest_route=\/wp\/v2\/users\/5"}],"replies":[{"embeddable":true,"href":"http:\/\/avozdecambra.pt\/index.php?rest_route=%2Fwp%2Fv2%2Fcomments&post=15406"}],"version-history":[{"count":2,"href":"http:\/\/avozdecambra.pt\/index.php?rest_route=\/wp\/v2\/posts\/15406\/revisions"}],"predecessor-version":[{"id":15409,"href":"http:\/\/avozdecambra.pt\/index.php?rest_route=\/wp\/v2\/posts\/15406\/revisions\/15409"}],"wp:featuredmedia":[{"embeddable":true,"href":"http:\/\/avozdecambra.pt\/index.php?rest_route=\/wp\/v2\/media\/15407"}],"wp:attachment":[{"href":"http:\/\/avozdecambra.pt\/index.php?rest_route=%2Fwp%2Fv2%2Fmedia&parent=15406"}],"wp:term":[{"taxonomy":"category","embeddable":true,"href":"http:\/\/avozdecambra.pt\/index.php?rest_route=%2Fwp%2Fv2%2Fcategories&post=15406"},{"taxonomy":"post_tag","embeddable":true,"href":"http:\/\/avozdecambra.pt\/index.php?rest_route=%2Fwp%2Fv2%2Ftags&post=15406"}],"curies":[{"name":"wp","href":"https:\/\/api.w.org\/{rel}","templated":true}]}}