{"id":15410,"date":"2026-09-01T23:42:22","date_gmt":"2026-09-01T23:42:22","guid":{"rendered":"https:\/\/avozdecambra.pt\/?p=15410"},"modified":"2026-09-01T23:42:23","modified_gmt":"2026-09-01T23:42:23","slug":"cae-vale-de-cambra-anuncia-nova-temporada-com-gisela-joao-nuno-lopes-e-glenn-miller-orchestra","status":"publish","type":"post","link":"http:\/\/avozdecambra.pt\/?p=15410","title":{"rendered":"CAE Vale de Cambra anuncia nova temporada com Gisela Jo\u00e3o, Nuno Lopes e Glenn Miller Orchestra"},"content":{"rendered":"\n<p><strong>M\u00fasica, teatro, dan\u00e7a, cinema e projetos com a comunidade marcam a programa\u00e7\u00e3o entre setembro e dezembro. F\u00e1bio Porchat, Duques do Precariado, Akira Yoshida e Lali Ayguad\u00e9 s\u00e3o outros dos nomes em destaque.<\/strong><\/p>\n\n\n\n<p><strong>Cristina Maria Santos <\/strong><\/p>\n\n\n\n<p>O Centro de Artes e Espet\u00e1culos (CAE) de Vale de Cambra apresentou a programa\u00e7\u00e3o para os \u00faltimos quatro meses de 2026, com uma temporada que re\u00fane m\u00fasica, teatro, dan\u00e7a, cinema e projetos dirigidos \u00e0s escolas, fam\u00edlias e comunidade.<\/p>\n\n\n\n<p>Gisela Jo\u00e3o, Nuno Lopes, F\u00e1bio Porchat, Duques do Precariado e a Glenn Miller Orchestra est\u00e3o entre os principais nomes de uma programa\u00e7\u00e3o que, segundo o CAE, procura estabelecer uma rela\u00e7\u00e3o entre \u201cperman\u00eancia e reinven\u00e7\u00e3o\u201d, colocando diferentes gera\u00e7\u00f5es, linguagens e experi\u00eancias em di\u00e1logo.<\/p>\n\n\n\n<p>A programa\u00e7\u00e3o no audit\u00f3rio arranca a 19 de setembro, \u00e0s 21h30, com Gisela Jo\u00e3o e o espet\u00e1culo \u201cInquieta\u201d, no qual a fadista revisita can\u00e7\u00f5es de autores como Jos\u00e9 Afonso, Jos\u00e9 M\u00e1rio Branco e Fernando Lopes-Gra\u00e7a.<\/p>\n\n\n\n<p>A 26 de setembro chega \u201cAgora \u00e9 que s\u00e3o elas!\u201d, com texto e encena\u00e7\u00e3o de F\u00e1bio Porchat. Maria Clara Gueiros, J\u00falia Rabello e Priscila Castello Branco d\u00e3o vida a mais de 20 personagens ao longo de nove hist\u00f3rias, num espet\u00e1culo que cruza humor e cr\u00edtica social. A agenda oficial indica que a sess\u00e3o est\u00e1 marcada para as 21h30.<\/p>\n\n\n\n<p>Em outubro, a m\u00fasica regressa com os Duques do Precariado, no dia 3, seguindo-se, a 17, um dos destaques do teatro: \u201cArte\u201d, de Yasmina Reza, interpretado por Crist\u00f3v\u00e3o Campos, Nuno Lopes e Rui Melo. A pe\u00e7a parte da compra de um quadro branco para explorar a amizade, o ego e as diverg\u00eancias entre diferentes pontos de vista.<\/p>\n\n\n\n<p>No mesmo m\u00eas, \u201cOnde estavas quando leste o primeiro jornal\u201d, de S\u00f3nia Barbosa, com Crist\u00f3v\u00e3o Cunha, prop\u00f5e uma reflex\u00e3o sobre jornalismo, mem\u00f3ria, liberdade de informa\u00e7\u00e3o e democracia, enquanto Akira Yoshida e Lali Ayguad\u00e9 apresentam, a 30 de outubro, \u201cTogether to get there\u201d. No dia seguinte, os dois artistas orientam o workshop de dan\u00e7a \u201cFrom Gravity to Lightness\u201d.<\/p>\n\n\n\n<h3 class=\"wp-block-heading\">Fam\u00edlias, jovens e comunidade envolvidos na programa\u00e7\u00e3o<\/h3>\n\n\n\n<p>A rela\u00e7\u00e3o com diferentes p\u00fablicos continua a assumir particular import\u00e2ncia na programa\u00e7\u00e3o. A 8 de novembro, \u201cEst\u00f3rias de Tirol\u00e9u e da Nau Catrineta\u201d apresenta uma proposta para fam\u00edlias que cruza teatro, circo, m\u00fasica e dan\u00e7a.<\/p>\n\n\n\n<p>J\u00e1 \u201cCruzeta\u201d, da CEM Palcos, sobe ao palco a 21 de novembro e nasce de um processo de cria\u00e7\u00e3o desenvolvido com pessoas com mais de 65 anos, incorporando mem\u00f3rias, hist\u00f3rias, afetos e saberes da comunidade.<\/p>\n\n\n\n<p>Os mais jovens voltam tamb\u00e9m a ter espa\u00e7o pr\u00f3prio. O Grupo de Teatro Juvenil do CAE, dirigido por Jo\u00e3o Amorim, regressa para uma segunda edi\u00e7\u00e3o, destinada a participantes entre os 12 e os 19 anos. O projeto volta a integrar o PANOS \u2013 palcos novos, palavras novas, do Teatro Nacional D. Maria II, culminando na apresenta\u00e7\u00e3o de um espet\u00e1culo em abril de 2027. As inscri\u00e7\u00f5es decorrem at\u00e9 20 de setembro e s\u00e3o gratuitas.<\/p>\n\n\n\n<h3 class=\"wp-block-heading\">Glenn Miller Orchestra fecha temporada<\/h3>\n\n\n\n<p>Dezembro traz Diogo Zambujo ao CAE, no dia 5, para apresentar as can\u00e7\u00f5es do seu primeiro \u00e1lbum. O encerramento da temporada acontece a 11 de dezembro com a Glenn Miller Orchestra, dirigida pelo maestro Ray McVay, num concerto que recupera temas emblem\u00e1ticos de Glenn Miller e cl\u00e1ssicos associados \u00e0 \u00e9poca natal\u00edcia.<\/p>\n\n\n\n<p>Para os mais pequenos, dezembro reserva ainda \u201cO Feiticeiro de Oz\u201d, apresentado em formato musical e integrado na oferta educativa do Munic\u00edpio para as crian\u00e7as do pr\u00e9-escolar e alunos do 1.\u00ba ciclo.<\/p>\n\n\n\n<p>A programa\u00e7\u00e3o n\u00e3o fica limitada ao edif\u00edcio do CAE. O cinema mant\u00e9m-se no Centro Cultural Macieira de Cambra, com sess\u00f5es destinadas a diferentes p\u00fablicos. \u201cPlayback\u201d, filme biogr\u00e1fico sobre Carlos Pai\u00e3o, \u00e9 uma das propostas anunciadas para setembro.<br>Segundo Jo\u00e3o Aidos, diretor art\u00edstico do CAE, h\u00e1 obras que permanecem no tempo precisamente porque cada gera\u00e7\u00e3o encontra novas maneiras de lhes atribuir significado. J\u00e1 a vereadora M\u00f3nica Seixas destaca a inten\u00e7\u00e3o de aprofundar, neste segundo ano de atividade do equipamento, a aproxima\u00e7\u00e3o aos diferentes p\u00fablicos e criar mais raz\u00f5es para que estes regressem ao espa\u00e7o.<\/p>\n\n\n\n<p>Os bilhetes encontram-se \u00e0 venda na bilheteira f\u00edsica e online, podendo a programa\u00e7\u00e3o completa ser consultada na <a href=\"https:\/\/cae.cm-valedecambra.pt\/agenda\/?utm_source=chatgpt.com\">agenda oficial do CAE Vale de Cambra<\/a>.<\/p>\n","protected":false},"excerpt":{"rendered":"<p>M\u00fasica, teatro, dan\u00e7a, cinema e projetos com a comunidade marcam a programa\u00e7\u00e3o entre setembro e dezembro. F\u00e1bio Porchat, Duques do Precariado, Akira Yoshida e Lali Ayguad\u00e9 s\u00e3o outros dos nomes em destaque. Cristina Maria Santos O Centro de Artes e Espet\u00e1culos (CAE) de Vale de Cambra apresentou a programa\u00e7\u00e3o para os \u00faltimos quatro meses de<\/p>\n","protected":false},"author":5,"featured_media":15411,"comment_status":"open","ping_status":"open","sticky":false,"template":"","format":"standard","meta":{"_monsterinsights_skip_tracking":false,"footnotes":""},"categories":[585,1,1226],"tags":[1092],"class_list":{"0":"post-15410","1":"post","2":"type-post","3":"status-publish","4":"format-standard","5":"has-post-thumbnail","7":"category-agenda","8":"category-atual","9":"category-cae-vale-de-cambra","10":"tag-cae-vale-de-cambra"},"aioseo_notices":[],"_links":{"self":[{"href":"http:\/\/avozdecambra.pt\/index.php?rest_route=\/wp\/v2\/posts\/15410","targetHints":{"allow":["GET"]}}],"collection":[{"href":"http:\/\/avozdecambra.pt\/index.php?rest_route=\/wp\/v2\/posts"}],"about":[{"href":"http:\/\/avozdecambra.pt\/index.php?rest_route=\/wp\/v2\/types\/post"}],"author":[{"embeddable":true,"href":"http:\/\/avozdecambra.pt\/index.php?rest_route=\/wp\/v2\/users\/5"}],"replies":[{"embeddable":true,"href":"http:\/\/avozdecambra.pt\/index.php?rest_route=%2Fwp%2Fv2%2Fcomments&post=15410"}],"version-history":[{"count":1,"href":"http:\/\/avozdecambra.pt\/index.php?rest_route=\/wp\/v2\/posts\/15410\/revisions"}],"predecessor-version":[{"id":15412,"href":"http:\/\/avozdecambra.pt\/index.php?rest_route=\/wp\/v2\/posts\/15410\/revisions\/15412"}],"wp:featuredmedia":[{"embeddable":true,"href":"http:\/\/avozdecambra.pt\/index.php?rest_route=\/wp\/v2\/media\/15411"}],"wp:attachment":[{"href":"http:\/\/avozdecambra.pt\/index.php?rest_route=%2Fwp%2Fv2%2Fmedia&parent=15410"}],"wp:term":[{"taxonomy":"category","embeddable":true,"href":"http:\/\/avozdecambra.pt\/index.php?rest_route=%2Fwp%2Fv2%2Fcategories&post=15410"},{"taxonomy":"post_tag","embeddable":true,"href":"http:\/\/avozdecambra.pt\/index.php?rest_route=%2Fwp%2Fv2%2Ftags&post=15410"}],"curies":[{"name":"wp","href":"https:\/\/api.w.org\/{rel}","templated":true}]}}