{"id":15413,"date":"2026-09-02T11:11:50","date_gmt":"2026-09-02T11:11:50","guid":{"rendered":"https:\/\/avozdecambra.pt\/?p=15413"},"modified":"2026-09-02T11:15:46","modified_gmt":"2026-09-02T11:15:46","slug":"jornadas-de-regresso-as-aulas-apoiam-familias-com-sessoes-sobre-estudo-alimentacao-siga-e-bullying","status":"publish","type":"post","link":"http:\/\/avozdecambra.pt\/?p=15413","title":{"rendered":"Jornadas de Regresso \u00e0s Aulas apoiam fam\u00edlias com sess\u00f5es sobre estudo\/alimenta\u00e7\u00e3o\/SIGA e bullying"},"content":{"rendered":"\n<p><strong>O Projeto Ra\u00edzes promove, entre 7 e 9 de setembro, as \u201cJornadas de Regresso \u00e0s Aulas\u201d, uma iniciativa gratuita dirigida aos encarregados de educa\u00e7\u00e3o do Agrupamento de Escolas do B\u00fazio. O programa j\u00e1 est\u00e1 definido e inclui cinco sess\u00f5es sobre temas pr\u00e1ticos relacionados com o in\u00edcio do novo ano letivo.<\/strong><\/p>\n\n\n\n<p><strong>Cristina Maria Santos&nbsp;<\/strong><\/p>\n\n\n\n<p>O Munic\u00edpio de Vale de Cambra, atrav\u00e9s do projeto Opera\u00e7\u00e3o Ra\u00edzes \u2013 Percursos Inclusivos, vai promover as \u201cJornadas de Regresso \u00e0s Aulas\u201d, que ter\u00e3o lugar na sede do Agrupamento de Escolas do B\u00fazio, em Vale de Cambra.<\/p>\n\n\n\n<p>Inicialmente anunciadas para decorrer entre 7 e 11 de setembro, as jornadas concentram-se agora em tr\u00eas dias, de 7 a 9 de setembro, com cinco sess\u00f5es em hor\u00e1rio p\u00f3s-laboral. A iniciativa pretende apoiar as fam\u00edlias na prepara\u00e7\u00e3o do novo ano escolar, abordando quest\u00f5es relacionadas com a organiza\u00e7\u00e3o do quotidiano, alimenta\u00e7\u00e3o, h\u00e1bitos de estudo, integra\u00e7\u00e3o escolar e preven\u00e7\u00e3o do bullying.<\/p>\n\n\n\n<p><strong>SIGA e lanches abrem as jornadas<\/strong><\/p>\n\n\n\n<p>O programa arranca na segunda-feira, 7 de setembro, \u00e0s 17h30, com a sess\u00e3o \u201cDescodificar a plataforma SIGA\u201d, que se prolonga at\u00e9 \u00e0s 18h15 e pretende ajudar os encarregados de educa\u00e7\u00e3o a compreender melhor o funcionamento da plataforma utilizada em diferentes servi\u00e7os escolares.<\/p>\n\n\n\n<p>No mesmo dia, entre as 18h30 e as 19h15, realiza-se a sess\u00e3o \u201cLanches adequados no regresso \u00e0s aulas\u201d, dedicada \u00e0 prepara\u00e7\u00e3o da alimenta\u00e7\u00e3o das crian\u00e7as e jovens nesta nova etapa do ano.<\/p>\n\n\n\n<p>Na ter\u00e7a-feira, 8 de setembro, \u00e0s 18h00, as aten\u00e7\u00f5es centram-se no acompanhamento escolar feito pelas fam\u00edlias. A sess\u00e3o \u201cApoio em Casa: Introdu\u00e7\u00e3o de h\u00e1bitos e rotinas de estudo eficazes\u201d procurar\u00e1 fornecer estrat\u00e9gias que possam ser aplicadas no dia a dia para favorecer a organiza\u00e7\u00e3o e o estudo.<\/p>\n\n\n\n<p><strong>Integra\u00e7\u00e3o escolar, bullying e cyberbullying no \u00faltimo dia<\/strong><\/p>\n\n\n\n<p>As jornadas terminam na quarta-feira, 9 de setembro, com duas sess\u00f5es. A primeira decorre entre as 17h30 e as 18h15 e ser\u00e1 dedicada \u00e0 \u201cIntrodu\u00e7\u00e3o \u00e0 escola portuguesa\u201d, procurando facilitar a compreens\u00e3o do sistema escolar e a integra\u00e7\u00e3o das fam\u00edlias.<\/p>\n\n\n\n<p>Entre as 18h30 e as 19h15, realiza-se a \u00faltima sess\u00e3o, sobre \u201cEstrat\u00e9gias para reconhecer e lidar com o bullying e cyberbullying\u201d, um tema cada vez mais presente nas preocupa\u00e7\u00f5es de fam\u00edlias e comunidade educativa.<\/p>\n\n\n\n<p>A participa\u00e7\u00e3o nas Jornadas de Regresso \u00e0s Aulas \u00e9 gratuita, mediante inscri\u00e7\u00e3o pr\u00e9via, estando os lugares limitados.<\/p>\n\n\n\n<p><strong>Ra\u00edzes trabalha na preven\u00e7\u00e3o do insucesso escolar desde 2018<\/strong><\/p>\n\n\n\n<p>O Projeto Ra\u00edzes nasceu em junho de 2018, enquadrado no Plano Integrado e Inovador de Combate ao Insucesso Escolar da \u00c1rea Metropolitana do Porto, numa parceria entre a C\u00e2mara Municipal de Vale de Cambra e o Agrupamento de Escolas do B\u00fazio.<\/p>\n\n\n\n<p>Com uma abordagem precoce e preventiva do insucesso escolar, o projeto tem desenvolvido trabalho junto das crian\u00e7as, fam\u00edlias e restantes agentes educativos. A interven\u00e7\u00e3o \u00e9 assegurada por uma equipa multidisciplinar e tem incidido particularmente nas crian\u00e7as do \u00faltimo ano da Educa\u00e7\u00e3o Pr\u00e9-Escolar, do 1.\u00ba Ciclo e do 5.\u00ba ano que apresentem dificuldades de aprendizagem ou fragilidades de natureza comportamental, emocional ou social.<\/p>\n\n\n\n<p>A capacita\u00e7\u00e3o das fam\u00edlias e dos profissionais da educa\u00e7\u00e3o constitui igualmente uma das vertentes do Ra\u00edzes, procurando promover uma atua\u00e7\u00e3o articulada entre escola, autarquia, t\u00e9cnicos, docentes, assistentes operacionais e encarregados de educa\u00e7\u00e3o.<\/p>\n\n\n\n<p>No in\u00edcio do ano letivo passado, o projeto esteve tamb\u00e9m associado \u00e0 realiza\u00e7\u00e3o do 10.\u00ba Col\u00f3quio da Educa\u00e7\u00e3o de Vale de Cambra, que reuniu centenas de professores no Centro Cultural de Macieira de Cambra, sob o tema \u201cNa escola, abra\u00e7amos o mundo\u201d. Nesse encontro foram debatidas mat\u00e9rias como Intelig\u00eancia Artificial e transforma\u00e7\u00e3o digital na educa\u00e7\u00e3o, sa\u00fade mental e multiculturalidade.<\/p>\n","protected":false},"excerpt":{"rendered":"<p>O Projeto Ra\u00edzes promove, entre 7 e 9 de setembro, as \u201cJornadas de Regresso \u00e0s Aulas\u201d, uma iniciativa gratuita dirigida aos encarregados de educa\u00e7\u00e3o do Agrupamento de Escolas do B\u00fazio. O programa j\u00e1 est\u00e1 definido e inclui cinco sess\u00f5es sobre temas pr\u00e1ticos relacionados com o in\u00edcio do novo ano letivo. Cristina Maria Santos&nbsp; O Munic\u00edpio<\/p>\n","protected":false},"author":5,"featured_media":15416,"comment_status":"open","ping_status":"open","sticky":false,"template":"","format":"standard","meta":{"_monsterinsights_skip_tracking":false,"footnotes":""},"categories":[1],"tags":[],"class_list":{"0":"post-15413","1":"post","2":"type-post","3":"status-publish","4":"format-standard","5":"has-post-thumbnail","7":"category-atual"},"aioseo_notices":[],"_links":{"self":[{"href":"http:\/\/avozdecambra.pt\/index.php?rest_route=\/wp\/v2\/posts\/15413","targetHints":{"allow":["GET"]}}],"collection":[{"href":"http:\/\/avozdecambra.pt\/index.php?rest_route=\/wp\/v2\/posts"}],"about":[{"href":"http:\/\/avozdecambra.pt\/index.php?rest_route=\/wp\/v2\/types\/post"}],"author":[{"embeddable":true,"href":"http:\/\/avozdecambra.pt\/index.php?rest_route=\/wp\/v2\/users\/5"}],"replies":[{"embeddable":true,"href":"http:\/\/avozdecambra.pt\/index.php?rest_route=%2Fwp%2Fv2%2Fcomments&post=15413"}],"version-history":[{"count":1,"href":"http:\/\/avozdecambra.pt\/index.php?rest_route=\/wp\/v2\/posts\/15413\/revisions"}],"predecessor-version":[{"id":15415,"href":"http:\/\/avozdecambra.pt\/index.php?rest_route=\/wp\/v2\/posts\/15413\/revisions\/15415"}],"wp:featuredmedia":[{"embeddable":true,"href":"http:\/\/avozdecambra.pt\/index.php?rest_route=\/wp\/v2\/media\/15416"}],"wp:attachment":[{"href":"http:\/\/avozdecambra.pt\/index.php?rest_route=%2Fwp%2Fv2%2Fmedia&parent=15413"}],"wp:term":[{"taxonomy":"category","embeddable":true,"href":"http:\/\/avozdecambra.pt\/index.php?rest_route=%2Fwp%2Fv2%2Fcategories&post=15413"},{"taxonomy":"post_tag","embeddable":true,"href":"http:\/\/avozdecambra.pt\/index.php?rest_route=%2Fwp%2Fv2%2Ftags&post=15413"}],"curies":[{"name":"wp","href":"https:\/\/api.w.org\/{rel}","templated":true}]}}