{"id":15417,"date":"2026-09-03T12:34:46","date_gmt":"2026-09-03T12:34:46","guid":{"rendered":"https:\/\/avozdecambra.pt\/?p=15417"},"modified":"2026-09-03T12:50:35","modified_gmt":"2026-09-03T12:50:35","slug":"mcdonalds-de-oliveira-de-azemeis-celebra-primeiro-ano-com-aposta-na-comunidade-e-balanco-positivo","status":"publish","type":"post","link":"http:\/\/avozdecambra.pt\/?p=15417","title":{"rendered":"McDonald\u2019s de Oliveira de Azem\u00e9is celebra primeiro ano com aposta na comunidade e balan\u00e7o positivo"},"content":{"rendered":"\n<p><strong>Restaurante assinalou esta quinta-feira, 3 de setembro, o primeiro anivers\u00e1rio, num ano marcado pela cria\u00e7\u00e3o de emprego, liga\u00e7\u00e3o \u00e0s institui\u00e7\u00f5es e apoio a iniciativas locais. Ao Voz de Cambra, o franquiado valecambrense Francisco Nadais fez um balan\u00e7o positivo do projeto, falou da expans\u00e3o da marca, da import\u00e2ncia das equipas e respondeu \u00e0 inevit\u00e1vel quest\u00e3o sobre uma eventual chegada do McDonald\u2019s a Vale de Cambra.<\/strong><\/p>\n\n\n\n<p><strong>Cristina Maria Santos <\/strong><\/p>\n\n\n\n<p>O McDonald\u2019s de Oliveira de Azem\u00e9is celebrou esta quinta-feira, 3 de setembro, o primeiro anivers\u00e1rio, assinalando um ano desde a abertura do restaurante e a chegada da marca \u00e0 cidade.<\/p>\n\n\n\n<p>A celebra\u00e7\u00e3o reuniu colaboradores, equipa de gest\u00e3o e restantes elementos da organiza\u00e7\u00e3o, num momento dedicado ao percurso constru\u00eddo ao longo dos primeiros 12 meses. Para assinalar a data, o restaurante preparou ainda uma oferta surpresa para os clientes que o visitarem nos pr\u00f3ximos dias.<\/p>\n\n\n\n<p>Inaugurado a 2 de setembro de 2025, o espa\u00e7o integra a organiza\u00e7\u00e3o liderada pelo franquiado Francisco Nadais, natural de Vale de Cambra e ligado \u00e0 McDonald\u2019s h\u00e1 mais de 25 anos.<\/p>\n\n\n\n<p>Ao <em>Voz de Cambra<\/em>, o empres\u00e1rio faz um balan\u00e7o positivo deste primeiro ano, lembrando, contudo, que se trata ainda do in\u00edcio de um projeto que necessita do seu tempo de consolida\u00e7\u00e3o.<\/p>\n\n\n\n<p>\u201c\u00c9 o balan\u00e7o do ano um de um projeto novo\u201d, afirma Francisco Nadais, recordando que Oliveira de Azem\u00e9is estava h\u00e1 v\u00e1rios anos \u201cno radar\u201d da McDonald\u2019s e que a marca considerou 2025 o momento certo para avan\u00e7ar.<\/p>\n\n\n\n<p>A proximidade aos dois restaurantes de S. Jo\u00e3o da Madeira, igualmente sob a sua gest\u00e3o, faz com que os diferentes espa\u00e7os partilhem um mercado regional mais alargado. \u201cEstamos tamb\u00e9m a partilhar um mercado que envolve n\u00e3o s\u00f3 Oliveira de Azem\u00e9is, como S. Jo\u00e3o da Madeira, Vale de Cambra e Albergaria\u201d, explica.<\/p>\n\n\n\n<p>Um ano depois, considera que o projeto \u201cest\u00e1 a correr bem\u201d, embora ressalve que \u201cos passos v\u00e3o-se dando\u201d. Entre os fatores que valoriza est\u00e1 a localiza\u00e7\u00e3o do restaurante, numa das principais entradas da cidade, assim como a preocupa\u00e7\u00e3o em manter a qualidade do pr\u00f3prio espa\u00e7o e da sua envolvente.<\/p>\n\n\n\n<h2 class=\"wp-block-heading\">Integra\u00e7\u00e3o na comunidade marcou primeiro ano<\/h2>\n\n\n\n<p>A aproxima\u00e7\u00e3o \u00e0 comunidade assumiu particular import\u00e2ncia desde a abertura e \u00e9 uma das \u00e1reas que Francisco Nadais pretende continuar a desenvolver.<\/p>\n\n\n\n<p>\u201cEstamos a tentar, tal como j\u00e1 tinha feito em Vale de Cambra, ter algum apoio e alguma proximidade da comunidade\u201d, explicou ao <em>Voz de Cambra<\/em>.<\/p>\n\n\n\n<p>Essa estrat\u00e9gia traduziu-se, ao longo do primeiro ano, em diferentes iniciativas nas \u00e1reas social, desportiva e de liga\u00e7\u00e3o \u00e0s institui\u00e7\u00f5es locais.<\/p>\n\n\n\n<p>No desporto, o restaurante estabeleceu liga\u00e7\u00f5es \u00e0 Uni\u00e3o Desportiva Oliveirense e \u00e0 Escola Livre de Azem\u00e9is, apoiando duas institui\u00e7\u00f5es com presen\u00e7a relevante no concelho e trabalho desenvolvido junto de diferentes gera\u00e7\u00f5es.<\/p>\n\n\n\n<p>Na vertente social, realizou, entre outras iniciativas, uma campanha de angaria\u00e7\u00e3o de alimentos em benef\u00edcio da Associa\u00e7\u00e3o Os Vicentinos, procurando mobilizar a comunidade para o apoio a pessoas com maiores necessidades.<\/p>\n\n\n\n<p>Francisco Nadais destaca igualmente o trabalho desenvolvido em articula\u00e7\u00e3o com a Junta de Freguesia de Oliveira de Azem\u00e9is, nomeadamente na \u00e1rea da responsabilidade social e entrega de bens, assim como a aproxima\u00e7\u00e3o \u00e0s coletividades locais.<\/p>\n\n\n\n<p>\u201cEste primeiro anivers\u00e1rio representa muito mais do que um ano de atividade. Representa um ano de constru\u00e7\u00e3o de uma equipa, de cria\u00e7\u00e3o de emprego e, sobretudo, de integra\u00e7\u00e3o numa cidade que nos recebeu muito bem\u201d, salienta Francisco Nadais.<\/p>\n\n\n\n<p>O objetivo, acrescenta, passa por continuar este \u201ccaminho de proximidade\u201d nos pr\u00f3ximos anos.<\/p>\n\n\n\n<p>A liga\u00e7\u00e3o aos acontecimentos da cidade vai tamb\u00e9m estar presente j\u00e1 nos dias 11 e 12 de setembro, durante a Noite Branca de Oliveira de Azem\u00e9is. O restaurante associa-se ao evento com uma programa\u00e7\u00e3o pr\u00f3pria, que inclui a presen\u00e7a de DJ entre as 18h00 e as 02h00.<\/p>\n\n\n\n<h2 class=\"wp-block-heading\">Estabilidade e progress\u00e3o marcam gest\u00e3o dos recursos humanos<\/h2>\n\n\n\n<p>A cria\u00e7\u00e3o e desenvolvimento de uma equipa local foi outra das apostas do primeiro ano. O restaurante abriu com um n\u00famero de colaboradores superior ao necess\u00e1rio para responder \u00e0 fase inicial, tendo a estrutura sido posteriormente ajustada \u00e0 atividade.<\/p>\n\n\n\n<p>\u201cN\u00f3s abrimos sempre com um n\u00famero maior daquilo que \u00e9 necess\u00e1rio. Vamos ajustando depois \u00e0 cad\u00eancia do restaurante\u201d, explica Francisco Nadais, que garante manter \u201cuma equipa muito coerente\u201d.<\/p>\n\n\n\n<p>Apesar de reconhecer que \u00e9 cada vez mais dif\u00edcil encontrar pessoas com o perfil e disponibilidade necess\u00e1rios para trabalhar na restaura\u00e7\u00e3o, o empres\u00e1rio prefere destacar a estabilidade que conseguiu alcan\u00e7ar nas equipas que gere.<\/p>\n\n\n\n<p>\u201cTenho muito orgulho porque tenho uma equipa grande. Tenho uma equipa que est\u00e1 comigo h\u00e1 muito tempo\u201d, afirma.<\/p>\n\n\n\n<p>A progress\u00e3o profissional \u00e9 outra das vertentes que destaca. H\u00e1 colaboradores que chegam aos restaurantes enquanto estudantes e acabam por permanecer na organiza\u00e7\u00e3o, desenvolvendo a\u00ed a sua carreira. Desde 2007, Francisco Nadais mant\u00e9m tamb\u00e9m um programa de bolsas destinado a estudantes universit\u00e1rios que trabalham nas suas equipas.<\/p>\n\n\n\n<p>Um dos exemplos de progress\u00e3o que mais orgulho lhe trouxe recentemente foi o percurso de Pedro Monteiro, um dos seus gerentes, que entretanto passou para a \u00e1rea da supervis\u00e3o e recebeu uma distin\u00e7\u00e3o internacional da McDonald\u2019s destinada a reconhecer o desempenho de gestores da marca.<\/p>\n\n\n\n<p>\u201cFoi um orgulho muito grande. O que eu quero \u00e9 ter mais pessoas a serem distinguidas\u201d, afirma Francisco Nadais, que aponta a conjuga\u00e7\u00e3o entre gest\u00e3o dos recursos humanos, gest\u00e3o da marca e integra\u00e7\u00e3o na comunidade como um dos fatores que t\u00eam sustentado o seu percurso.<\/p>\n\n\n\n<h2 class=\"wp-block-heading\">McDonald\u2019s em Vale de Cambra? \u201cO futuro a Deus pertence\u201d<\/h2>\n\n\n\n<p>Natural de Vale de Cambra, Francisco Nadais continua a ser confrontado com uma quest\u00e3o que, para os valecambrenses, se torna quase inevit\u00e1vel: poder\u00e1 o concelho vir um dia a receber um restaurante McDonald\u2019s?<\/p>\n\n\n\n<p>O empres\u00e1rio reconhece que os mais jovens valorizam a presen\u00e7a deste tipo de marcas e refere a entrada recente de um \u201cconcorrente forte\u201d no concelho, que, segundo a perce\u00e7\u00e3o que tem, estar\u00e1 a ter uma boa ades\u00e3o.<\/p>\n\n\n\n<p>Francisco Nadais confirma, ali\u00e1s, que o McDonald\u2019s de Oliveira de Azem\u00e9is recebe p\u00fablico proveniente de Vale de Cambra. Segundo o franquiado, o mercado deste restaurante n\u00e3o se limita ao concelho onde est\u00e1 instalado, abrangendo tamb\u00e9m Vale de Cambra e Albergaria, sendo muitos os valecambrenses que se deslocam \u00e0 unidade de Oliveira de Azem\u00e9is.<\/p>\n\n\n\n<p>Quanto \u00e0 eventual chegada da McDonald\u2019s, n\u00e3o antecipa qualquer projeto, lembrando que Vale de Cambra est\u00e1 atualmente muito pr\u00f3ximo dos restaurantes existentes na regi\u00e3o.<\/p>\n\n\n\n<p>\u201cEstamos a seis, oito minutos. \u00c9 muito r\u00e1pido. O futuro a Deus pertence. Temos agora \u00e9 de consolidar\u201d, respondeu ao <em>Voz de Cambra<\/em>.<\/p>\n\n\n\n<p>A prioridade passa, assim, pela consolida\u00e7\u00e3o das recentes aberturas da marca no distrito de Aveiro. Francisco Nadais recorda a dimens\u00e3o da expans\u00e3o ocorrida num curto espa\u00e7o de tempo: \u201cEm 25 anos t\u00ednhamos dez restaurantes no distrito de Aveiro e, no espa\u00e7o de um ano, abrimos mais quatro.\u201d<\/p>\n\n\n\n<p>Oliveira de Azem\u00e9is juntou-se a um per\u00edodo de crescimento que incluiu tamb\u00e9m novas unidades em \u00cdlhavo, Estarreja e Ovar. \u201cAgora tamb\u00e9m vai ser preciso dar espa\u00e7o a cada um dos restaurantes\u201d, considera.<\/p>\n\n\n\n<h2 class=\"wp-block-heading\">\u201cIsto \u00e9 o meu projeto de vida\u201d<\/h2>\n\n\n\n<p>O primeiro anivers\u00e1rio do restaurante de Oliveira de Azem\u00e9is acontece num momento em que Francisco Nadais soma j\u00e1 26 anos de percurso ligado \u00e0 McDonald\u2019s.<\/p>\n\n\n\n<p>A hist\u00f3ria come\u00e7ou em 1999, quando se candidatou \u00e0 marca. No ano seguinte assumiu o seu primeiro restaurante, em Lourosa, que j\u00e1 se encontrava em funcionamento, e, apenas 17 dias depois, abriu o de Santa Maria da Feira.<\/p>\n\n\n\n<p>Mais de duas d\u00e9cadas depois, n\u00e3o tem d\u00favidas sobre a import\u00e2ncia que aquela decis\u00e3o teve no seu percurso profissional e pessoal.<\/p>\n\n\n\n<p>\u201cIsto \u00e9 o meu projeto de vida\u201d, afirma. \u201cSinto-me muito realizado com a decis\u00e3o que tomei em 1999 de me candidatar e ter sido convidado a fazer parte desta grande marca.\u201d<\/p>\n\n\n\n<p>Francisco Nadais \u00e9 hoje um dos franquiados mais seniores da McDonald\u2019s em Portugal e tem acompanhado de perto o crescimento da cadeia no pa\u00eds. Quando iniciou o percurso, recorda, existiam cerca de 80 restaurantes. Atualmente, segundo os n\u00fameros avan\u00e7ados pelo empres\u00e1rio, s\u00e3o 222.<\/p>\n\n\n\n<p>\u201cA marca continua a acelerar\u201d, afirma, considerando que o crescimento dever\u00e1 prosseguir, a par da adapta\u00e7\u00e3o \u00e0s novas tend\u00eancias do mercado e da restaura\u00e7\u00e3o.<\/p>\n\n\n\n<p>Para Francisco Nadais, o desafio passa agora por consolidar os investimentos realizados, continuar a desenvolver as equipas e aprofundar a integra\u00e7\u00e3o dos restaurantes nas comunidades onde est\u00e3o presentes.<\/p>\n\n\n\n<p>Em Oliveira de Azem\u00e9is, depois de um primeiro ano que considera positivo, come\u00e7a agora uma nova etapa. \u201cDesde o primeiro dia quisemos que o McDonald\u2019s Oliveira de Azem\u00e9is fizesse parte da comunidade e \u00e9 esse caminho de proximidade que queremos continuar a desenvolver nos pr\u00f3ximos anos\u201d, conclui.<\/p>\n\n\n\n<figure class=\"wp-block-image size-large\"><img loading=\"lazy\" decoding=\"async\" width=\"1024\" height=\"576\" src=\"https:\/\/avozdecambra.pt\/wp-content\/uploads\/2026\/09\/es3-1024x576.png\" alt=\"\" class=\"wp-image-15420\" srcset=\"http:\/\/avozdecambra.pt\/wp-content\/uploads\/2026\/09\/es3-1024x576.png 1024w, http:\/\/avozdecambra.pt\/wp-content\/uploads\/2026\/09\/es3-300x169.png 300w, http:\/\/avozdecambra.pt\/wp-content\/uploads\/2026\/09\/es3-768x432.png 768w, http:\/\/avozdecambra.pt\/wp-content\/uploads\/2026\/09\/es3-150x84.png 150w, http:\/\/avozdecambra.pt\/wp-content\/uploads\/2026\/09\/es3-450x253.png 450w, http:\/\/avozdecambra.pt\/wp-content\/uploads\/2026\/09\/es3.png 1200w\" sizes=\"auto, (max-width: 1024px) 100vw, 1024px\" \/><\/figure>\n\n\n\n<p><\/p>\n","protected":false},"excerpt":{"rendered":"<p>Restaurante assinalou esta quinta-feira, 3 de setembro, o primeiro anivers\u00e1rio, num ano marcado pela cria\u00e7\u00e3o de emprego, liga\u00e7\u00e3o \u00e0s institui\u00e7\u00f5es e apoio a iniciativas locais. Ao Voz de Cambra, o franquiado valecambrense Francisco Nadais fez um balan\u00e7o positivo do projeto, falou da expans\u00e3o da marca, da import\u00e2ncia das equipas e respondeu \u00e0 inevit\u00e1vel quest\u00e3o sobre<\/p>\n","protected":false},"author":5,"featured_media":15418,"comment_status":"open","ping_status":"open","sticky":false,"template":"","format":"standard","meta":{"_monsterinsights_skip_tracking":false,"footnotes":""},"categories":[1,20],"tags":[271,1133],"class_list":{"0":"post-15417","1":"post","2":"type-post","3":"status-publish","4":"format-standard","5":"has-post-thumbnail","7":"category-atual","8":"category-publireportagem","9":"tag-francisco-nadais","10":"tag-mcdonalds-de-oliveira-de-azemeis"},"aioseo_notices":[],"_links":{"self":[{"href":"http:\/\/avozdecambra.pt\/index.php?rest_route=\/wp\/v2\/posts\/15417","targetHints":{"allow":["GET"]}}],"collection":[{"href":"http:\/\/avozdecambra.pt\/index.php?rest_route=\/wp\/v2\/posts"}],"about":[{"href":"http:\/\/avozdecambra.pt\/index.php?rest_route=\/wp\/v2\/types\/post"}],"author":[{"embeddable":true,"href":"http:\/\/avozdecambra.pt\/index.php?rest_route=\/wp\/v2\/users\/5"}],"replies":[{"embeddable":true,"href":"http:\/\/avozdecambra.pt\/index.php?rest_route=%2Fwp%2Fv2%2Fcomments&post=15417"}],"version-history":[{"count":2,"href":"http:\/\/avozdecambra.pt\/index.php?rest_route=\/wp\/v2\/posts\/15417\/revisions"}],"predecessor-version":[{"id":15423,"href":"http:\/\/avozdecambra.pt\/index.php?rest_route=\/wp\/v2\/posts\/15417\/revisions\/15423"}],"wp:featuredmedia":[{"embeddable":true,"href":"http:\/\/avozdecambra.pt\/index.php?rest_route=\/wp\/v2\/media\/15418"}],"wp:attachment":[{"href":"http:\/\/avozdecambra.pt\/index.php?rest_route=%2Fwp%2Fv2%2Fmedia&parent=15417"}],"wp:term":[{"taxonomy":"category","embeddable":true,"href":"http:\/\/avozdecambra.pt\/index.php?rest_route=%2Fwp%2Fv2%2Fcategories&post=15417"},{"taxonomy":"post_tag","embeddable":true,"href":"http:\/\/avozdecambra.pt\/index.php?rest_route=%2Fwp%2Fv2%2Ftags&post=15417"}],"curies":[{"name":"wp","href":"https:\/\/api.w.org\/{rel}","templated":true}]}}