{"id":15424,"date":"2026-09-03T18:49:54","date_gmt":"2026-09-03T18:49:54","guid":{"rendered":"https:\/\/avozdecambra.pt\/?p=15424"},"modified":"2026-09-03T21:01:13","modified_gmt":"2026-09-03T21:01:13","slug":"blume-duo-leva-flauta-e-harpa-aos-pacos-da-cultura-de-sao-joao-da-madeira","status":"publish","type":"post","link":"http:\/\/avozdecambra.pt\/?p=15424","title":{"rendered":"Blume Duo leva m\u00fasica e arte aos Pa\u00e7os da Cultura de S. Jo\u00e3o da Madeira com \u201cRequiem dos Recifes\u201d"},"content":{"rendered":"\n<p><strong>A flautista Maria Milheiro e a harpista Ana Nadais apresentam-se a 13 de setembro, em S\u00e3o Jo\u00e3o da Madeira, num concerto que cruza repert\u00f3rio cl\u00e1ssico e contempor\u00e2neo com uma mensagem ambiental. O espet\u00e1culo contar\u00e1 ainda com duas esculturas t\u00eaxteis de Marita Setas Ferro integradas no palco. Ana Nadais tem ra\u00edzes familiares em Vale de Cambra.<\/strong><\/p>\n\n\n\n<p><strong>Cristina Maria Santos&nbsp;<\/strong><\/p>\n\n\n\n<p>O Blume Duo, formado pela flautista Maria Milheiro e pela harpista Ana Nadais, atua no pr\u00f3ximo dia 13 de setembro, pelas 17h00, nos Pa\u00e7os da Cultura, em S\u00e3o Jo\u00e3o da Madeira, no \u00e2mbito da programa\u00e7\u00e3o \u201cSomos N\u00f3s\u201d. A entrada \u00e9 gratuita, estando sujeita \u00e0 lota\u00e7\u00e3o da sala.<\/p>\n\n\n\n<p>O concerto, intitulado \u201cRequiem dos Recifes\u201d, prop\u00f5e um encontro entre m\u00fasica e consci\u00eancia ambiental, juntando a sonoridade da flauta e da harpa a uma componente visual que procura levar o p\u00fablico a refletir sobre a rela\u00e7\u00e3o entre o ser humano e a natureza e sobre a necessidade de preserva\u00e7\u00e3o dos ecossistemas marinhos.<\/p>\n\n\n\n<p>Com base em Portugal, mas com percursos acad\u00e9micos e art\u00edsticos tamb\u00e9m ligados ao Reino Unido e \u00e0 Su\u00ed\u00e7a, Maria Milheiro e Ana Nadais apresentam o Blume Duo como um projeto que procura mover-se \u201centre o cl\u00e1ssico e o novo\u201d, explorando, arriscando e reinventando repert\u00f3rios, desde obras reconhecidas pelo p\u00fablico a outras ainda por descobrir.<\/p>\n\n\n\n<p>A atua\u00e7\u00e3o ganha tamb\u00e9m particular interesse para Vale de Cambra, uma vez que Ana Nadais \u00e9 filha de Francisco Nadais, natural do concelho, mantendo assim uma liga\u00e7\u00e3o familiar \u00e0 regi\u00e3o.<\/p>\n\n\n\n<p><strong>Percursos internacionais<\/strong><\/p>\n\n\n\n<p>Maria Milheiro \u00e9 uma flautista portuguesa que estuda atualmente na Hochschule f\u00fcr Musik Basel, na classe de Felix Renggli. Concluiu a Licenciatura em Performance Musical na Universidade de Aveiro, com Angelina Rodrigues, e o mestrado no Conservatorio della Svizzera Italiana, com Felix Renggli.<\/p>\n\n\n\n<p>Ao longo do seu percurso, participou em masterclasses com m\u00fasicos como Emmanuel Pahud, Davide Formisano, Adriana Ferreira e Francisco Barbosa. Atua regularmente com a Orquestra Filarm\u00f3nica Portuguesa e com a banda sinf\u00f3nica ARMAB.<\/p>\n\n\n\n<p>Entre as distin\u00e7\u00f5es alcan\u00e7adas est\u00e3o o Primeiro Pr\u00e9mio e o Pr\u00e9mio Orquestra no XVI Concurso Internacional Pa\u00e7os\u2019 Premium, onde se apresentou a solo com o <em>Concerto para Flauta em Sol Maior<\/em>, de Mozart.<\/p>\n\n\n\n<p>Ana Nadais, por sua vez, \u00e9 uma harpista portuguesa residente em Manchester. Frequenta o Mestrado em Performance Musical no Royal Northern College of Music, com Anne-Marie O\u2019Farrell, depois de se ter licenciado, em 2023, no Royal Conservatoire of Scotland, onde estudou com Pippa Tunnell, Sharron Griffiths e En Hudson. Antes disso, estudou tamb\u00e9m com Ana Paula Miranda.<\/p>\n\n\n\n<p>Com particular interesse pela m\u00fasica de c\u00e2mara, criou, com Zuzanna Wasiewicz, o duo de harpas Harpe Diem, projeto que conquistou pr\u00e9mios em concursos internacionais. Integra igualmente o Euterpe Trio e criou Between Notes, uma s\u00e9rie de concertos em Manchester dedicada a jovens m\u00fasicos profissionais.<\/p>\n\n\n\n<p>O Blume Duo esteve tamb\u00e9m recentemente ligado ao Pr\u00e9mio Jovens M\u00fasicos, apresentando-se na Casa da M\u00fasica como concorrente da competi\u00e7\u00e3o.<\/p>\n\n\n\n<p><strong>Esculturas integram o palco<\/strong><\/p>\n\n\n\n<p>A componente musical ser\u00e1 acompanhada por uma dimens\u00e3o visual. Duas esculturas t\u00eaxteis da artista portuguesa Marita Setas Ferro v\u00e3o estar integradas no palco: \u201cRecife de Coral Azul \u2013 Onde o Tempo se Torna Estrutura\u201d e \u201cRainhas dos Corais\u201d.<\/p>\n\n\n\n<p>Inspiradas nas formas, fragilidade e capacidade de regenera\u00e7\u00e3o dos recifes, as pe\u00e7as estabelecem um di\u00e1logo com a m\u00fasica interpretada pelo duo e refor\u00e7am a mensagem ambiental do espet\u00e1culo.<\/p>\n\n\n\n<p>\u201cRequiem dos Recifes\u201d procura, desta forma, transformar o recital numa experi\u00eancia em que m\u00fasica e escultura se complementam, convidando o p\u00fablico a refletir sobre a rela\u00e7\u00e3o entre o ser humano e o mundo natural e sobre a preserva\u00e7\u00e3o dos ecossistemas marinhos.<\/p>\n\n\n\n<p>A apresenta\u00e7\u00e3o est\u00e1 marcada para as 17h00 de domingo, 13 de setembro, nos Pa\u00e7os da Cultura, em S\u00e3o Jo\u00e3o da Madeira, com entrada gratuita, limitada \u00e0 capacidade da sala.<\/p>\n\n\n\n<p>Os bilhetes podem ser levantados\/reservados online atrav\u00e9s da BOL: <a href=\"https:\/\/www.bol.pt\/Comprar\/Bilhetes\/183263-somos_nos_26_blume_duo-casa_da_criatividade\/?utm_source=chatgpt.com\">Levantar bilhete para \u201cRequiem dos Recifes\u201d<\/a>.&nbsp;<\/p>\n\n\n\n<figure class=\"wp-block-image size-large\"><img loading=\"lazy\" decoding=\"async\" width=\"762\" height=\"1024\" src=\"https:\/\/avozdecambra.pt\/wp-content\/uploads\/2026\/09\/cartaz-1-762x1024.png\" alt=\"\" class=\"wp-image-15430\" srcset=\"http:\/\/avozdecambra.pt\/wp-content\/uploads\/2026\/09\/cartaz-1-762x1024.png 762w, http:\/\/avozdecambra.pt\/wp-content\/uploads\/2026\/09\/cartaz-1-223x300.png 223w, http:\/\/avozdecambra.pt\/wp-content\/uploads\/2026\/09\/cartaz-1-768x1033.png 768w, http:\/\/avozdecambra.pt\/wp-content\/uploads\/2026\/09\/cartaz-1-1142x1536.png 1142w, http:\/\/avozdecambra.pt\/wp-content\/uploads\/2026\/09\/cartaz-1-150x202.png 150w, http:\/\/avozdecambra.pt\/wp-content\/uploads\/2026\/09\/cartaz-1-450x605.png 450w, http:\/\/avozdecambra.pt\/wp-content\/uploads\/2026\/09\/cartaz-1-1200x1614.png 1200w, http:\/\/avozdecambra.pt\/wp-content\/uploads\/2026\/09\/cartaz-1.png 1419w\" sizes=\"auto, (max-width: 762px) 100vw, 762px\" \/><\/figure>\n\n\n\n<p><\/p>\n\n\n\n<p><\/p>\n","protected":false},"excerpt":{"rendered":"<p>A flautista Maria Milheiro e a harpista Ana Nadais apresentam-se a 13 de setembro, em S\u00e3o Jo\u00e3o da Madeira, num concerto que cruza repert\u00f3rio cl\u00e1ssico e contempor\u00e2neo com uma mensagem ambiental. O espet\u00e1culo contar\u00e1 ainda com duas esculturas t\u00eaxteis de Marita Setas Ferro integradas no palco. Ana Nadais tem ra\u00edzes familiares em Vale de Cambra.<\/p>\n","protected":false},"author":5,"featured_media":15428,"comment_status":"open","ping_status":"open","sticky":false,"template":"","format":"standard","meta":{"_monsterinsights_skip_tracking":false,"footnotes":""},"categories":[585,1,646,1306],"tags":[1309,1307,1308],"class_list":{"0":"post-15424","1":"post","2":"type-post","3":"status-publish","4":"format-standard","5":"has-post-thumbnail","7":"category-agenda","8":"category-atual","9":"category-regiao","10":"category-sao-joao-da-madeira","11":"tag-ana-nadais","12":"tag-blume-duo","13":"tag-maria-milheiro"},"aioseo_notices":[],"_links":{"self":[{"href":"http:\/\/avozdecambra.pt\/index.php?rest_route=\/wp\/v2\/posts\/15424","targetHints":{"allow":["GET"]}}],"collection":[{"href":"http:\/\/avozdecambra.pt\/index.php?rest_route=\/wp\/v2\/posts"}],"about":[{"href":"http:\/\/avozdecambra.pt\/index.php?rest_route=\/wp\/v2\/types\/post"}],"author":[{"embeddable":true,"href":"http:\/\/avozdecambra.pt\/index.php?rest_route=\/wp\/v2\/users\/5"}],"replies":[{"embeddable":true,"href":"http:\/\/avozdecambra.pt\/index.php?rest_route=%2Fwp%2Fv2%2Fcomments&post=15424"}],"version-history":[{"count":3,"href":"http:\/\/avozdecambra.pt\/index.php?rest_route=\/wp\/v2\/posts\/15424\/revisions"}],"predecessor-version":[{"id":15433,"href":"http:\/\/avozdecambra.pt\/index.php?rest_route=\/wp\/v2\/posts\/15424\/revisions\/15433"}],"wp:featuredmedia":[{"embeddable":true,"href":"http:\/\/avozdecambra.pt\/index.php?rest_route=\/wp\/v2\/media\/15428"}],"wp:attachment":[{"href":"http:\/\/avozdecambra.pt\/index.php?rest_route=%2Fwp%2Fv2%2Fmedia&parent=15424"}],"wp:term":[{"taxonomy":"category","embeddable":true,"href":"http:\/\/avozdecambra.pt\/index.php?rest_route=%2Fwp%2Fv2%2Fcategories&post=15424"},{"taxonomy":"post_tag","embeddable":true,"href":"http:\/\/avozdecambra.pt\/index.php?rest_route=%2Fwp%2Fv2%2Ftags&post=15424"}],"curies":[{"name":"wp","href":"https:\/\/api.w.org\/{rel}","templated":true}]}}