{"id":15438,"date":"2026-09-04T14:00:14","date_gmt":"2026-09-04T14:00:14","guid":{"rendered":"https:\/\/avozdecambra.pt\/?p=15438"},"modified":"2026-09-04T14:06:47","modified_gmt":"2026-09-04T14:06:47","slug":"folkcambra-juntou-intercambio-cultural-e-folclore-internacional-em-macieira-de-cambra","status":"publish","type":"post","link":"http:\/\/avozdecambra.pt\/?p=15438","title":{"rendered":"Folkcambra juntou folclore e interc\u00e2mbio cultural em Macieira de Cambra"},"content":{"rendered":"\n<p><strong>Festival Internacional reuniu grupos de Portugal e da Pol\u00f3nia, numa edi\u00e7\u00e3o marcada pela estadia de dez dias do ZPiT Ma\u0142y \u015al\u0105sk em Vale de Cambra.<\/strong><\/p>\n\n\n\n<p><strong>Cristina Maria Santos<\/strong><\/p>\n\n\n\n<p>O Folkcambra 2026 voltou a levar o folclore a Macieira de Cambra, numa edi\u00e7\u00e3o promovida pelo Grupo Etnogr\u00e1fico Terras de Cambra que aliou o Festival Internacional de Folclore a v\u00e1rios dias de interc\u00e2mbio cultural com o grupo polaco ZPiT Ma\u0142y \u015al\u0105sk.<\/p>\n\n\n\n<p>O ponto alto aconteceu a 29 de agosto, com o Festival Internacional de Folclore Terras de Cambra, que reuniu o grupo anfitri\u00e3o, o ZPiT Ma\u0142y \u015al\u0105sk, da Pol\u00f3nia, o Grupo Folcl\u00f3rico de Maiorca, da Figueira da Foz, e o Rancho ADCR Relvense, de Castro Daire. O programa incluiu rece\u00e7\u00e3o dos participantes, jantar, troca de lembran\u00e7as, desfile e as atua\u00e7\u00f5es dos diferentes grupos.<\/p>\n\n\n\n<p>A edi\u00e7\u00e3o deste ano ficou tamb\u00e9m marcada pela estadia de dez dias do grupo polaco, que permitiu transformar o Folkcambra num interc\u00e2mbio que foi muito al\u00e9m do palco. Os jovens conheceram Macieira de Cambra e o Museu Municipal, foram recebidos na C\u00e2mara Municipal, animaram a feira quinzenal no Mercado Municipal e atuaram, juntamente com o Grupo Etnogr\u00e1fico Terras de Cambra, no Animagosto, na Pra\u00e7a \u00c1lvaro Pinho da Costa Leite.<\/p>\n\n\n\n<p>O programa incluiu ainda a participa\u00e7\u00e3o na missa dominical na Igreja Matriz de Macieira de Cambra, momentos de conv\u00edvio com fam\u00edlias locais e uma visita \u00e0 Funda\u00e7\u00e3o Luiz Bernardo Almeida, onde os jovens animaram idosos e crian\u00e7as.<\/p>\n\n\n\n<p>A passagem pelo interior do concelho levou-os tamb\u00e9m a Paradu\u00e7a, onde conheceram o processo tradicional de produ\u00e7\u00e3o da broa, participaram num workshop e provaram a Broa de Paradu\u00e7a.<\/p>\n\n\n\n<p>Fora do concelho, houve ainda visitas a F\u00e1tima, Aljustrel, Mosteiro da Batalha e Porto, proporcionando aos participantes um contacto mais alargado com o patrim\u00f3nio e a cultura portugueses.<\/p>\n\n\n\n<p>J\u00e1 na reta final, os grupos portugu\u00eas e polaco dinamizaram um workshop de dan\u00e7as folcl\u00f3ricas no coreto de Macieira de Cambra, antecedendo o grande festival.<\/p>\n\n\n\n<p>Ao longo de dez dias, o Folkcambra 2026 conjugou, assim, folclore, patrim\u00f3nio, conv\u00edvio e contacto com a comunidade, refor\u00e7ando a vertente internacional do evento e promovendo a partilha de tradi\u00e7\u00f5es entre Vale de Cambra e a Pol\u00f3nia.<\/p>\n\n\n\n<figure class=\"wp-block-image size-large\"><img loading=\"lazy\" decoding=\"async\" width=\"1024\" height=\"576\" src=\"https:\/\/avozdecambra.pt\/wp-content\/uploads\/2026\/09\/2-1024x576.png\" alt=\"\" class=\"wp-image-15439\" srcset=\"http:\/\/avozdecambra.pt\/wp-content\/uploads\/2026\/09\/2-1024x576.png 1024w, http:\/\/avozdecambra.pt\/wp-content\/uploads\/2026\/09\/2-300x169.png 300w, http:\/\/avozdecambra.pt\/wp-content\/uploads\/2026\/09\/2-768x432.png 768w, http:\/\/avozdecambra.pt\/wp-content\/uploads\/2026\/09\/2-150x84.png 150w, http:\/\/avozdecambra.pt\/wp-content\/uploads\/2026\/09\/2-450x253.png 450w, http:\/\/avozdecambra.pt\/wp-content\/uploads\/2026\/09\/2.png 1200w\" sizes=\"auto, (max-width: 1024px) 100vw, 1024px\" \/><\/figure>\n\n\n\n<figure class=\"wp-block-image size-large\"><img loading=\"lazy\" decoding=\"async\" width=\"1024\" height=\"576\" src=\"https:\/\/avozdecambra.pt\/wp-content\/uploads\/2026\/09\/3-1024x576.png\" alt=\"\" class=\"wp-image-15440\" srcset=\"http:\/\/avozdecambra.pt\/wp-content\/uploads\/2026\/09\/3-1024x576.png 1024w, http:\/\/avozdecambra.pt\/wp-content\/uploads\/2026\/09\/3-300x169.png 300w, http:\/\/avozdecambra.pt\/wp-content\/uploads\/2026\/09\/3-768x432.png 768w, http:\/\/avozdecambra.pt\/wp-content\/uploads\/2026\/09\/3-150x84.png 150w, http:\/\/avozdecambra.pt\/wp-content\/uploads\/2026\/09\/3-450x253.png 450w, http:\/\/avozdecambra.pt\/wp-content\/uploads\/2026\/09\/3.png 1200w\" sizes=\"auto, (max-width: 1024px) 100vw, 1024px\" \/><\/figure>\n","protected":false},"excerpt":{"rendered":"<p>Festival Internacional reuniu grupos de Portugal e da Pol\u00f3nia, numa edi\u00e7\u00e3o marcada pela estadia de dez dias do ZPiT Ma\u0142y \u015al\u0105sk em Vale de Cambra. Cristina Maria Santos O Folkcambra 2026 voltou a levar o folclore a Macieira de Cambra, numa edi\u00e7\u00e3o promovida pelo Grupo Etnogr\u00e1fico Terras de Cambra que aliou o Festival Internacional de<\/p>\n","protected":false},"author":5,"featured_media":15441,"comment_status":"open","ping_status":"open","sticky":false,"template":"","format":"standard","meta":{"_monsterinsights_skip_tracking":false,"footnotes":""},"categories":[1],"tags":[1299,1310],"class_list":{"0":"post-15438","1":"post","2":"type-post","3":"status-publish","4":"format-standard","5":"has-post-thumbnail","7":"category-atual","8":"tag-folkcambra","9":"tag-grupo-folclorico-terras-de-cambra"},"aioseo_notices":[],"_links":{"self":[{"href":"http:\/\/avozdecambra.pt\/index.php?rest_route=\/wp\/v2\/posts\/15438","targetHints":{"allow":["GET"]}}],"collection":[{"href":"http:\/\/avozdecambra.pt\/index.php?rest_route=\/wp\/v2\/posts"}],"about":[{"href":"http:\/\/avozdecambra.pt\/index.php?rest_route=\/wp\/v2\/types\/post"}],"author":[{"embeddable":true,"href":"http:\/\/avozdecambra.pt\/index.php?rest_route=\/wp\/v2\/users\/5"}],"replies":[{"embeddable":true,"href":"http:\/\/avozdecambra.pt\/index.php?rest_route=%2Fwp%2Fv2%2Fcomments&post=15438"}],"version-history":[{"count":2,"href":"http:\/\/avozdecambra.pt\/index.php?rest_route=\/wp\/v2\/posts\/15438\/revisions"}],"predecessor-version":[{"id":15444,"href":"http:\/\/avozdecambra.pt\/index.php?rest_route=\/wp\/v2\/posts\/15438\/revisions\/15444"}],"wp:featuredmedia":[{"embeddable":true,"href":"http:\/\/avozdecambra.pt\/index.php?rest_route=\/wp\/v2\/media\/15441"}],"wp:attachment":[{"href":"http:\/\/avozdecambra.pt\/index.php?rest_route=%2Fwp%2Fv2%2Fmedia&parent=15438"}],"wp:term":[{"taxonomy":"category","embeddable":true,"href":"http:\/\/avozdecambra.pt\/index.php?rest_route=%2Fwp%2Fv2%2Fcategories&post=15438"},{"taxonomy":"post_tag","embeddable":true,"href":"http:\/\/avozdecambra.pt\/index.php?rest_route=%2Fwp%2Fv2%2Ftags&post=15438"}],"curies":[{"name":"wp","href":"https:\/\/api.w.org\/{rel}","templated":true}]}}