{"id":15446,"date":"2026-09-04T14:51:19","date_gmt":"2026-09-04T14:51:19","guid":{"rendered":"https:\/\/avozdecambra.pt\/?p=15446"},"modified":"2026-09-04T15:01:21","modified_gmt":"2026-09-04T15:01:21","slug":"autocarros-da-unir-retomam-horarios-escolares-em-vale-de-cambra-a-11-de-setembro","status":"publish","type":"post","link":"http:\/\/avozdecambra.pt\/?p=15446","title":{"rendered":"Autocarros da UNIR retomam hor\u00e1rios escolares em Vale de Cambra a 11 de setembro"},"content":{"rendered":"\n<p><strong>Rede de transportes refor\u00e7a a frequ\u00eancia dos autocarros com o regresso da atividade letiva. Vale de Cambra integra o lote onde os hor\u00e1rios do per\u00edodo escolar entram em vigor quatro dias mais tarde do que na generalidade da rede.<\/strong><\/p>\n\n\n\n<p><strong>Cristina Maria Santos <\/strong><\/p>\n\n\n\n<p>A rede UNIR vai retomar os hor\u00e1rios correspondentes ao per\u00edodo escolar, acompanhando o regresso da atividade letiva e as consequentes altera\u00e7\u00f5es nas necessidades de desloca\u00e7\u00e3o da popula\u00e7\u00e3o.<\/p>\n\n\n\n<p>Na generalidade da rede, os novos hor\u00e1rios entram em vigor j\u00e1 na pr\u00f3xima segunda-feira, 7 de setembro, implicando um aumento da frequ\u00eancia dos autocarros nas v\u00e1rias linhas.<\/p>\n\n\n\n<p>Em Vale de Cambra, contudo, a mudan\u00e7a acontecer\u00e1 apenas a 11 de setembro. O concelho integra o Lote 5 da rede UNIR, juntamente com Santa Maria da Feira, Oliveira de Azem\u00e9is, Arouca e S\u00e3o Jo\u00e3o da Madeira, munic\u00edpios onde os hor\u00e1rios do per\u00edodo letivo ser\u00e3o igualmente retomados nessa data.<\/p>\n\n\n\n<p>Segundo a UNIR, a adapta\u00e7\u00e3o da oferta pretende assegurar um servi\u00e7o mais ajustado \u00e0s necessidades reais de desloca\u00e7\u00e3o da popula\u00e7\u00e3o, procurando responder ao aumento da procura associado ao in\u00edcio de um novo ano escolar.<\/p>\n\n\n\n<p>A operadora refere ainda que o refor\u00e7o dos hor\u00e1rios se enquadra no objetivo de promover uma mobilidade \u00abeficiente, confort\u00e1vel e sustent\u00e1vel\u00bb em toda a \u00c1rea Metropolitana do Porto.<\/p>\n","protected":false},"excerpt":{"rendered":"<p>Rede de transportes refor\u00e7a a frequ\u00eancia dos autocarros com o regresso da atividade letiva. Vale de Cambra integra o lote onde os hor\u00e1rios do per\u00edodo escolar entram em vigor quatro dias mais tarde do que na generalidade da rede. Cristina Maria Santos A rede UNIR vai retomar os hor\u00e1rios correspondentes ao per\u00edodo escolar, acompanhando o<\/p>\n","protected":false},"author":5,"featured_media":15448,"comment_status":"open","ping_status":"open","sticky":false,"template":"","format":"standard","meta":{"_monsterinsights_skip_tracking":false,"footnotes":""},"categories":[1],"tags":[1311],"class_list":{"0":"post-15446","1":"post","2":"type-post","3":"status-publish","4":"format-standard","5":"has-post-thumbnail","7":"category-atual","8":"tag-unir"},"aioseo_notices":[],"_links":{"self":[{"href":"http:\/\/avozdecambra.pt\/index.php?rest_route=\/wp\/v2\/posts\/15446","targetHints":{"allow":["GET"]}}],"collection":[{"href":"http:\/\/avozdecambra.pt\/index.php?rest_route=\/wp\/v2\/posts"}],"about":[{"href":"http:\/\/avozdecambra.pt\/index.php?rest_route=\/wp\/v2\/types\/post"}],"author":[{"embeddable":true,"href":"http:\/\/avozdecambra.pt\/index.php?rest_route=\/wp\/v2\/users\/5"}],"replies":[{"embeddable":true,"href":"http:\/\/avozdecambra.pt\/index.php?rest_route=%2Fwp%2Fv2%2Fcomments&post=15446"}],"version-history":[{"count":1,"href":"http:\/\/avozdecambra.pt\/index.php?rest_route=\/wp\/v2\/posts\/15446\/revisions"}],"predecessor-version":[{"id":15447,"href":"http:\/\/avozdecambra.pt\/index.php?rest_route=\/wp\/v2\/posts\/15446\/revisions\/15447"}],"wp:featuredmedia":[{"embeddable":true,"href":"http:\/\/avozdecambra.pt\/index.php?rest_route=\/wp\/v2\/media\/15448"}],"wp:attachment":[{"href":"http:\/\/avozdecambra.pt\/index.php?rest_route=%2Fwp%2Fv2%2Fmedia&parent=15446"}],"wp:term":[{"taxonomy":"category","embeddable":true,"href":"http:\/\/avozdecambra.pt\/index.php?rest_route=%2Fwp%2Fv2%2Fcategories&post=15446"},{"taxonomy":"post_tag","embeddable":true,"href":"http:\/\/avozdecambra.pt\/index.php?rest_route=%2Fwp%2Fv2%2Ftags&post=15446"}],"curies":[{"name":"wp","href":"https:\/\/api.w.org\/{rel}","templated":true}]}}