{"id":15449,"date":"2026-09-04T16:49:09","date_gmt":"2026-09-04T16:49:09","guid":{"rendered":"https:\/\/avozdecambra.pt\/?p=15449"},"modified":"2026-09-04T16:49:10","modified_gmt":"2026-09-04T16:49:10","slug":"grupo-mindol-promove-caminhada-solidaria-para-apoiar-instituicoes-de-vale-de-cambra-e-carregosa","status":"publish","type":"post","link":"http:\/\/avozdecambra.pt\/?p=15449","title":{"rendered":"Grupo Mindol promove caminhada solid\u00e1ria para apoiar institui\u00e7\u00f5es de Vale de Cambra e Carregosa"},"content":{"rendered":"\n<p><strong>Empresa Mindol, fundada em Vale de Cambra em 1973 volta a mobilizar a comunidade para uma iniciativa solid\u00e1ria. A caminhada realiza-se a 19 de setembro, em Carregosa, e pretende angariar alimentos para o Centro Social Paroquial de S. Pedro de Castel\u00f5es e para a Comiss\u00e3o de Assist\u00eancia de Carregosa.<\/strong><\/p>\n\n\n\n<p>O Grupo Mindol, empresa sediada em Vale de Cambra, promove, no pr\u00f3ximo dia 19 de setembro, uma Caminhada Solid\u00e1ria que pretende juntar a comunidade em torno de uma causa social e apoiar duas institui\u00e7\u00f5es da regi\u00e3o: o Centro Social Paroquial de S. Pedro de Castel\u00f5es, em Vale de Cambra, e a Comiss\u00e3o de Assist\u00eancia de Carregosa, no concelho de Oliveira de Azem\u00e9is.<\/p>\n\n\n\n<p>A a\u00e7\u00e3o d\u00e1 continuidade a uma vertente solid\u00e1ria que j\u00e1 \u00e9 habitual na atividade do Grupo Mindol, atrav\u00e9s da realiza\u00e7\u00e3o e apoio a iniciativas destinadas a ajudar institui\u00e7\u00f5es e pessoas da comunidade onde a empresa est\u00e1 inserida.<\/p>\n\n\n\n<p><strong>Quatro quil\u00f3metros por uma boa causa<\/strong><\/p>\n\n\n\n<p>A caminhada ter\u00e1 in\u00edcio \u00e0s 10h00, no Parque Verde de Carregosa, localidade lim\u00edtrofe de Vale de Cambra. O percurso ter\u00e1 cerca de quatro quil\u00f3metros e dificuldade baixa, procurando, assim, reunir participantes de diferentes idades.<\/p>\n\n\n\n<p>Mais do que incentivar a atividade f\u00edsica, a organiza\u00e7\u00e3o pretende proporcionar um momento de encontro e conv\u00edvio, associado a um objetivo concreto: ajudar quem mais precisa na comunidade.<\/p>\n\n\n\n<p>Para isso, os participantes s\u00e3o incentivados a levar dois alimentos n\u00e3o perec\u00edveis, que ser\u00e3o entregues \u00e0s duas institui\u00e7\u00f5es benefici\u00e1rias.<\/p>\n\n\n\n<p><strong>Centro Social de S. Pedro de Castel\u00f5es e Comiss\u00e3o de Assist\u00eancia de Carregosa s\u00e3o os benefici\u00e1rios<\/strong><\/p>\n\n\n\n<p>Em Vale de Cambra, os bens angariados v\u00e3o apoiar o Centro Social Paroquial de S. Pedro de Castel\u00f5es, institui\u00e7\u00e3o que desenvolve um trabalho abrangente de interven\u00e7\u00e3o social junto da popula\u00e7\u00e3o.<\/p>\n\n\n\n<p>Entre as suas respostas encontram-se um Centro Comunit\u00e1rio e um Servi\u00e7o de Atendimento e Acompanhamento Social, destinado a pessoas e fam\u00edlias em situa\u00e7\u00e3o de vulnerabilidade. A institui\u00e7\u00e3o disp\u00f5e ainda do Espa\u00e7o \u00c9s-Tu, dirigido a crian\u00e7as e jovens, bem como de Creche, CATL e CAF, respostas que procuram apoiar as fam\u00edlias e promover o desenvolvimento e bem-estar das crian\u00e7as.<\/p>\n\n\n\n<p>A institui\u00e7\u00e3o prepara-se tamb\u00e9m para refor\u00e7ar a resposta \u00e0 popula\u00e7\u00e3o s\u00e9nior com a inaugura\u00e7\u00e3o, em breve, de uma Estrutura Residencial para Pessoas Idosas.<\/p>\n\n\n\n<p>A segunda entidade apoiada \u00e9 a Comiss\u00e3o de Assist\u00eancia de Carregosa, que desenvolve a sua atividade numa localidade vizinha de Vale de Cambra e tem como objetivo chegar \u00e0s pessoas mais desfavorecidas, proporcionando orienta\u00e7\u00e3o e diferentes formas de apoio, nomeadamente atrav\u00e9s de ajudas t\u00e9cnicas.<\/p>\n\n\n\n<p><strong>M\u00fasica, petiscos e atividades para os mais novos<\/strong><\/p>\n\n\n\n<p>Depois da caminhada, a iniciativa prossegue no Parque Verde de Carregosa, com um momento de conv\u00edvio que contar\u00e1 com comida, bebidas, m\u00fasica, petiscos e atividades de divers\u00e3o para os mais novos. A organiza\u00e7\u00e3o anuncia ainda a oferta de um kit surpresa e de uma bebida aos participantes.<\/p>\n\n\n\n<p>As inscri\u00e7\u00f5es est\u00e3o abertas at\u00e9 14 de setembro e podem ser efetuadas atrav\u00e9s do QR Code dispon\u00edvel no cartaz (em baixo), por mensagem para o n\u00famero 914 306 837 ou atrav\u00e9s do email mindol@mindol.pt.<\/p>\n\n\n\n<p>Com mais esta a\u00e7\u00e3o, o Grupo Mindol procura associar a sua liga\u00e7\u00e3o hist\u00f3rica e empresarial a Vale de Cambra a uma interven\u00e7\u00e3o de proximidade e responsabilidade social, mobilizando a comunidade para transformar uma manh\u00e3 de caminhada e conv\u00edvio numa ajuda concreta a duas institui\u00e7\u00f5es da regi\u00e3o.<\/p>\n\n\n\n<p><strong>Uma empresa com mais de meio s\u00e9culo de liga\u00e7\u00e3o a Vale de Cambra<\/strong><\/p>\n\n\n\n<p>Fundada em 1973, em Vale de Cambra, a Mindol iniciou a sua atividade com uma unidade dedicada \u00e0 produ\u00e7\u00e3o de estrados met\u00e1licos, alargando posteriormente a produ\u00e7\u00e3o \u00e0s \u00e1reas da colchoaria e estofaria.<\/p>\n\n\n\n<p>Mais de cinco d\u00e9cadas depois, o Grupo conta com v\u00e1rias unidades produtivas e armaz\u00e9ns, tendo j\u00e1 comercializado milh\u00f5es de produtos. O crescimento alcan\u00e7ado ao longo dos anos permitiu \u00e0 marca afirmar-se como uma refer\u00eancia nos mercados nacional e europeu.<\/p>\n\n\n\n<p>A atividade da empresa est\u00e1 particularmente ligada ao desenvolvimento de sistemas de descanso. Partindo da convic\u00e7\u00e3o de que a qualidade de vida beneficia de um bom sono, a Mindol dedica-se \u00e0 produ\u00e7\u00e3o e desenvolvimento de diferentes solu\u00e7\u00f5es que se complementam para proporcionar maior qualidade de descanso.<\/p>\n\n\n\n<p>\u00c9 neste percurso, marcado tamb\u00e9m pela liga\u00e7\u00e3o ao territ\u00f3rio onde nasceu, que se enquadra a nova Caminhada Solid\u00e1ria, atrav\u00e9s da qual a empresa pretende voltar a envolver colaboradores e popula\u00e7\u00e3o numa causa de proximidade.<\/p>\n\n\n\n<figure class=\"wp-block-image size-large\"><img loading=\"lazy\" decoding=\"async\" width=\"724\" height=\"1024\" src=\"https:\/\/avozdecambra.pt\/wp-content\/uploads\/2026\/09\/UTF-843616D696E6861646120536F6C6964C3A172-724x1024.jpg\" alt=\"\" class=\"wp-image-15450\" srcset=\"http:\/\/avozdecambra.pt\/wp-content\/uploads\/2026\/09\/UTF-843616D696E6861646120536F6C6964C3A172-724x1024.jpg 724w, http:\/\/avozdecambra.pt\/wp-content\/uploads\/2026\/09\/UTF-843616D696E6861646120536F6C6964C3A172-212x300.jpg 212w, http:\/\/avozdecambra.pt\/wp-content\/uploads\/2026\/09\/UTF-843616D696E6861646120536F6C6964C3A172-768x1086.jpg 768w, http:\/\/avozdecambra.pt\/wp-content\/uploads\/2026\/09\/UTF-843616D696E6861646120536F6C6964C3A172-1086x1536.jpg 1086w, http:\/\/avozdecambra.pt\/wp-content\/uploads\/2026\/09\/UTF-843616D696E6861646120536F6C6964C3A172-1448x2048.jpg 1448w, http:\/\/avozdecambra.pt\/wp-content\/uploads\/2026\/09\/UTF-843616D696E6861646120536F6C6964C3A172-150x212.jpg 150w, http:\/\/avozdecambra.pt\/wp-content\/uploads\/2026\/09\/UTF-843616D696E6861646120536F6C6964C3A172-450x636.jpg 450w, http:\/\/avozdecambra.pt\/wp-content\/uploads\/2026\/09\/UTF-843616D696E6861646120536F6C6964C3A172-1200x1697.jpg 1200w, http:\/\/avozdecambra.pt\/wp-content\/uploads\/2026\/09\/UTF-843616D696E6861646120536F6C6964C3A172-scaled.jpg 1810w\" sizes=\"auto, (max-width: 724px) 100vw, 724px\" \/><\/figure>\n","protected":false},"excerpt":{"rendered":"<p>Empresa Mindol, fundada em Vale de Cambra em 1973 volta a mobilizar a comunidade para uma iniciativa solid\u00e1ria. A caminhada realiza-se a 19 de setembro, em Carregosa, e pretende angariar alimentos para o Centro Social Paroquial de S. Pedro de Castel\u00f5es e para a Comiss\u00e3o de Assist\u00eancia de Carregosa. O Grupo Mindol, empresa sediada em<\/p>\n","protected":false},"author":5,"featured_media":15451,"comment_status":"open","ping_status":"open","sticky":false,"template":"","format":"standard","meta":{"_monsterinsights_skip_tracking":false,"footnotes":""},"categories":[585,1,20],"tags":[1313,1314,1312],"class_list":{"0":"post-15449","1":"post","2":"type-post","3":"status-publish","4":"format-standard","5":"has-post-thumbnail","7":"category-agenda","8":"category-atual","9":"category-publireportagem","10":"tag-centro-social-paroquial-de-s-pedro-de-casteloes","11":"tag-comissao-de-assistencia-de-carregosa","12":"tag-mindol"},"aioseo_notices":[],"_links":{"self":[{"href":"http:\/\/avozdecambra.pt\/index.php?rest_route=\/wp\/v2\/posts\/15449","targetHints":{"allow":["GET"]}}],"collection":[{"href":"http:\/\/avozdecambra.pt\/index.php?rest_route=\/wp\/v2\/posts"}],"about":[{"href":"http:\/\/avozdecambra.pt\/index.php?rest_route=\/wp\/v2\/types\/post"}],"author":[{"embeddable":true,"href":"http:\/\/avozdecambra.pt\/index.php?rest_route=\/wp\/v2\/users\/5"}],"replies":[{"embeddable":true,"href":"http:\/\/avozdecambra.pt\/index.php?rest_route=%2Fwp%2Fv2%2Fcomments&post=15449"}],"version-history":[{"count":1,"href":"http:\/\/avozdecambra.pt\/index.php?rest_route=\/wp\/v2\/posts\/15449\/revisions"}],"predecessor-version":[{"id":15452,"href":"http:\/\/avozdecambra.pt\/index.php?rest_route=\/wp\/v2\/posts\/15449\/revisions\/15452"}],"wp:featuredmedia":[{"embeddable":true,"href":"http:\/\/avozdecambra.pt\/index.php?rest_route=\/wp\/v2\/media\/15451"}],"wp:attachment":[{"href":"http:\/\/avozdecambra.pt\/index.php?rest_route=%2Fwp%2Fv2%2Fmedia&parent=15449"}],"wp:term":[{"taxonomy":"category","embeddable":true,"href":"http:\/\/avozdecambra.pt\/index.php?rest_route=%2Fwp%2Fv2%2Fcategories&post=15449"},{"taxonomy":"post_tag","embeddable":true,"href":"http:\/\/avozdecambra.pt\/index.php?rest_route=%2Fwp%2Fv2%2Ftags&post=15449"}],"curies":[{"name":"wp","href":"https:\/\/api.w.org\/{rel}","templated":true}]}}