{"id":1570,"date":"2020-11-13T21:13:02","date_gmt":"2020-11-13T21:13:02","guid":{"rendered":"http:\/\/avozdecambra.pt\/?p=1570"},"modified":"2020-11-13T21:18:05","modified_gmt":"2020-11-13T21:18:05","slug":"ha-cambra-defronta-juv-pacense-com-transmissao-online-em-direto-este-sabado-pelas-11h","status":"publish","type":"post","link":"http:\/\/avozdecambra.pt\/?p=1570","title":{"rendered":"HA Cambra defronta Juv. Pacense este s\u00e1bado pelas 11h com transmiss\u00e3o online em direto"},"content":{"rendered":"\n<p><strong>O H\u00f3quei Acad\u00e9mico de Cambra transmite este s\u00e1bado, 14 de novembro, o jogo com o Juventude Pacense em direto na p\u00e1gina oficial do HA Cambra em <a href=\"https:\/\/www.facebook.com\/HACambra\">https:\/\/www.facebook.com\/HACambra<\/a><\/strong>.<strong>&nbsp;<\/strong><\/p>\n\n\n\n<p>Acompanhe em direto, a partir das 11h00, a transmiss\u00e3o do jogo de h\u00f3quei em patins entre a \u201cequipa da casa\u201d e o&nbsp; Juv. Pacense, a contar para a 7.\u00aa jornada do Nacional da 2\u00aa Divis\u00e3o Nacional Norte.&nbsp;<\/p>\n\n\n\n<p>Sem p\u00fablico nas bancadas do Pavilh\u00e3o Municipal de Vale de Cambra devido \u00e0 pandemia covid-19, esta \u00e9 a forma encontrada pelo clube de Vale de Cambra, para chegar &#8220;mais perto&#8221; dos amantes da modalidade.\u00a0<\/p>\n","protected":false},"excerpt":{"rendered":"<p>O H\u00f3quei Acad\u00e9mico de Cambra transmite este s\u00e1bado, 14 de novembro, o jogo com o Juventude Pacense em direto na p\u00e1gina oficial do HA Cambra em https:\/\/www.facebook.com\/HACambra.&nbsp; Acompanhe em direto, a partir das 11h00, a transmiss\u00e3o do jogo de h\u00f3quei em patins entre a \u201cequipa da casa\u201d e o&nbsp; Juv. Pacense, a contar para a<\/p>\n","protected":false},"author":5,"featured_media":1571,"comment_status":"open","ping_status":"open","sticky":false,"template":"","format":"standard","meta":{"_monsterinsights_skip_tracking":false,"_monsterinsights_sitenote_active":false,"_monsterinsights_sitenote_note":"","_monsterinsights_sitenote_category":0,"footnotes":""},"categories":[1,5],"tags":[180],"class_list":{"0":"post-1570","1":"post","2":"type-post","3":"status-publish","4":"format-standard","5":"has-post-thumbnail","7":"category-atual","8":"category-desporto","9":"tag-hoquei-academico-de-cambra"},"aioseo_notices":[],"_links":{"self":[{"href":"http:\/\/avozdecambra.pt\/index.php?rest_route=\/wp\/v2\/posts\/1570","targetHints":{"allow":["GET"]}}],"collection":[{"href":"http:\/\/avozdecambra.pt\/index.php?rest_route=\/wp\/v2\/posts"}],"about":[{"href":"http:\/\/avozdecambra.pt\/index.php?rest_route=\/wp\/v2\/types\/post"}],"author":[{"embeddable":true,"href":"http:\/\/avozdecambra.pt\/index.php?rest_route=\/wp\/v2\/users\/5"}],"replies":[{"embeddable":true,"href":"http:\/\/avozdecambra.pt\/index.php?rest_route=%2Fwp%2Fv2%2Fcomments&post=1570"}],"version-history":[{"count":7,"href":"http:\/\/avozdecambra.pt\/index.php?rest_route=\/wp\/v2\/posts\/1570\/revisions"}],"predecessor-version":[{"id":1578,"href":"http:\/\/avozdecambra.pt\/index.php?rest_route=\/wp\/v2\/posts\/1570\/revisions\/1578"}],"wp:featuredmedia":[{"embeddable":true,"href":"http:\/\/avozdecambra.pt\/index.php?rest_route=\/wp\/v2\/media\/1571"}],"wp:attachment":[{"href":"http:\/\/avozdecambra.pt\/index.php?rest_route=%2Fwp%2Fv2%2Fmedia&parent=1570"}],"wp:term":[{"taxonomy":"category","embeddable":true,"href":"http:\/\/avozdecambra.pt\/index.php?rest_route=%2Fwp%2Fv2%2Fcategories&post=1570"},{"taxonomy":"post_tag","embeddable":true,"href":"http:\/\/avozdecambra.pt\/index.php?rest_route=%2Fwp%2Fv2%2Ftags&post=1570"}],"curies":[{"name":"wp","href":"https:\/\/api.w.org\/{rel}","templated":true}]}}