{"id":1872,"date":"2020-12-19T20:53:31","date_gmt":"2020-12-19T20:53:31","guid":{"rendered":"http:\/\/avozdecambra.pt\/?p=1872"},"modified":"2020-12-19T20:53:32","modified_gmt":"2020-12-19T20:53:32","slug":"banda-de-vale-de-cambra-da-concerto-de-natal-online-hoje-as-21h","status":"publish","type":"post","link":"http:\/\/avozdecambra.pt\/?p=1872","title":{"rendered":"Banda de Vale de Cambra d\u00e1 concerto de Natal online hoje \u00e0s 21h"},"content":{"rendered":"\n<p><strong>Com o objetivo de manter vivo o esp\u00edrito desta quadra natal\u00edcia, a Sociedade Art\u00edstica Banda de Vale de Cambra vai manter a tradi\u00e7\u00e3o em combina\u00e7\u00e3o com o recurso \u00e0s novas tecnologias.<\/strong><\/p>\n\n\n\n<p>O Concerto de Natal, uma iniciativa promovida pela C\u00e2mara de Vale de Cambra, vai decorrer hoje, \u00e0s 21h00, no Centro Cultural de Macieira de Cambra, sem presen\u00e7a f\u00edsica do p\u00fablico, sendo transmitido na rede social Facebook da p\u00e1gina oficial do Munic\u00edpio de Vale de Cambra.<\/p>\n","protected":false},"excerpt":{"rendered":"<p>Com o objetivo de manter vivo o esp\u00edrito desta quadra natal\u00edcia, a Sociedade Art\u00edstica Banda de Vale de Cambra vai manter a tradi\u00e7\u00e3o em combina\u00e7\u00e3o com o recurso \u00e0s novas tecnologias. O Concerto de Natal, uma iniciativa promovida pela C\u00e2mara de Vale de Cambra, vai decorrer hoje, \u00e0s 21h00, no Centro Cultural de Macieira de<\/p>\n","protected":false},"author":5,"featured_media":1301,"comment_status":"open","ping_status":"open","sticky":false,"template":"","format":"standard","meta":{"_monsterinsights_skip_tracking":false,"_monsterinsights_sitenote_active":false,"_monsterinsights_sitenote_note":"","_monsterinsights_sitenote_category":0,"footnotes":""},"categories":[1],"tags":[32,194,195],"class_list":{"0":"post-1872","1":"post","2":"type-post","3":"status-publish","4":"format-standard","5":"has-post-thumbnail","7":"category-atual","8":"tag-camara-municipal-de-vale-de-cambra","9":"tag-centro-cultural-de-macieira-de-cambra","10":"tag-sociedade-artistica-banda-de-vale-de-cambra"},"aioseo_notices":[],"_links":{"self":[{"href":"http:\/\/avozdecambra.pt\/index.php?rest_route=\/wp\/v2\/posts\/1872","targetHints":{"allow":["GET"]}}],"collection":[{"href":"http:\/\/avozdecambra.pt\/index.php?rest_route=\/wp\/v2\/posts"}],"about":[{"href":"http:\/\/avozdecambra.pt\/index.php?rest_route=\/wp\/v2\/types\/post"}],"author":[{"embeddable":true,"href":"http:\/\/avozdecambra.pt\/index.php?rest_route=\/wp\/v2\/users\/5"}],"replies":[{"embeddable":true,"href":"http:\/\/avozdecambra.pt\/index.php?rest_route=%2Fwp%2Fv2%2Fcomments&post=1872"}],"version-history":[{"count":1,"href":"http:\/\/avozdecambra.pt\/index.php?rest_route=\/wp\/v2\/posts\/1872\/revisions"}],"predecessor-version":[{"id":1873,"href":"http:\/\/avozdecambra.pt\/index.php?rest_route=\/wp\/v2\/posts\/1872\/revisions\/1873"}],"wp:featuredmedia":[{"embeddable":true,"href":"http:\/\/avozdecambra.pt\/index.php?rest_route=\/wp\/v2\/media\/1301"}],"wp:attachment":[{"href":"http:\/\/avozdecambra.pt\/index.php?rest_route=%2Fwp%2Fv2%2Fmedia&parent=1872"}],"wp:term":[{"taxonomy":"category","embeddable":true,"href":"http:\/\/avozdecambra.pt\/index.php?rest_route=%2Fwp%2Fv2%2Fcategories&post=1872"},{"taxonomy":"post_tag","embeddable":true,"href":"http:\/\/avozdecambra.pt\/index.php?rest_route=%2Fwp%2Fv2%2Ftags&post=1872"}],"curies":[{"name":"wp","href":"https:\/\/api.w.org\/{rel}","templated":true}]}}